{"id":432408,"date":"2024-05-06T13:27:16","date_gmt":"2024-05-06T16:27:16","guid":{"rendered":"https:\/\/www.ovigilanteonline.com.br\/site\/?p=432408"},"modified":"2024-05-06T13:27:20","modified_gmt":"2024-05-06T16:27:20","slug":"homem-e-morto-a-tiros-pelo-companheiro-da-ex-namorada-ao-sair-de-festa-em-divino","status":"publish","type":"post","link":"https:\/\/www.ovigilanteonline.com.br\/site\/2024\/05\/06\/homem-e-morto-a-tiros-pelo-companheiro-da-ex-namorada-ao-sair-de-festa-em-divino\/","title":{"rendered":"Homem \u00e9 morto a tiros pelo companheiro da ex-namorada ao sair de festa em Divino"},"content":{"rendered":"\n<h3 class=\"wp-block-heading\"><strong><em>Autor foi preso e levado para a Delegacia de Muria\u00e9.<\/em><\/strong><\/h3>\n\n\n\n<p>Um homem de 38 anos foi morto a tiros enquanto sa\u00eda de uma festa, em Divino. O crime foi registrado na madrugada de domingo, 5 de maio, e o autor do crime \u00e9 o atual companheiro da ex-namorada da v\u00edtima.<\/p>\n\n\n\n<p>De acordo com a Pol\u00edcia Militar, o homem foi encontrado dentro do pr\u00f3prio ve\u00edculo, no banco do carona. O corpo estava com um tiro no pesco\u00e7o e quatro no ombro.<\/p>\n\n\n\n\n\n<p>A PM ouviu testemunhas e analisou imagens de c\u00e2meras de seguran\u00e7a e o suspeito do crime como sendo um homem de 30 anos, atual companheiro da ex-namorada da v\u00edtima.<\/p>\n\n\n\n<p>Aos militares, o homem disse que foi dormir antes da meia-noite, o que contrariava as imagens. Assim, o homem foi preso e informou que s\u00f3 falaria na presen\u00e7a de um advogado.<\/p>\n\n\n<div id=\"ovigi-356645542\">\r\n<p class=\"has-text-align-center has-small-font-size\">continua depois da publicidade<\/p>\r\n\r\n\r\n\r\n<hr class=\"wp-block-separator has-alpha-channel-opacity is-style-wide\"\/>\r\n\r\n\r\n<center> \r\n<figure class=\"wp-block-image size-large\"><a href=\"https:\/\/www.instagram.com\/unimedleopoldina241\/\" target=\"_blank\" rel=\"noreferrer noopener\"><img decoding=\"async\" src=\"https:\/\/www.ovigilanteonline.com.br\/site\/wp-content\/uploads\/2026\/04\/UNIMED-NOVO.jpg\" alt=\"\" class=\"wp-image-395070\"\/><\/a><\/figure>\r\n<\/figure>\r\n<!-- \/wp:gallery --> <\/center>\r\n\r\n<!-- wp:separator {\"className\":\"is-style-wide\"} -->\r\n<hr class=\"wp-block-separator has-alpha-channel-opacity is-style-wide\"\/>\r\n<!-- \/wp:separator -->\r\n<\/div>\n\n\n<p>Ele n\u00e3o deu mais nenhuma informa\u00e7\u00e3o sobre a possibilidade de participa\u00e7\u00e3o de outros envolvidos no crime e foi levado para Pol\u00edcia Civil, em Muria\u00e9.<\/p>\n\n\n\n<p><em>Jornal O Vigilante Online com G1 Zona da Mata<\/em><\/p>\n\n\n\n<hr class=\"wp-block-separator has-alpha-channel-opacity is-style-wide\"\/>\n\n\n<div class=\"ultp-not-found-message\" role=\"alert\">No Post Found<\/div>\n\n\n<hr class=\"wp-block-separator has-alpha-channel-opacity is-style-wide\"\/>\n\n\n<div  class=\"ultp-post-grid-block wp-block-ultimate-post-post-grid-1 ultp-block-043460\"><div class=\"ultp-block-wrapper\"><div class=\"ultp-loading\"><div class=\"ultp-loading-blocks\" style=\"width:100%;height:100%;\"><div style=\"left: 0;top: 0;animation-delay:0s;\"><\/div><div style=\"left: 21px;top: 0;animation-delay:0.125s;\"><\/div><div style=\"left: 42px;top: 0;animation-delay:0.25s;\"><\/div><div style=\"left: 0;top: 21px;animation-delay:0.875s;\"><\/div><div style=\"left: 42px;top: 21px;animation-delay:0.375s;\"><\/div><div style=\"left: 0;top: 42px;animation-delay:0.75s;\"><\/div><div style=\"left: 42px;top: 42px;animation-delay:0.625s;\"><\/div><div style=\"left: 21px;top: 42px;animation-delay:0.5s;\"><\/div><\/div><\/div><div class=\"ultp-heading-filter\"><div class=\"ultp-heading-filter-in\"><div class=\"ultp-heading-wrap ultp-heading-style1 ultp-heading-left\"><h2 class=\"ultp-heading-inner\"><span>Recentes mais lidas<\/span><\/h2><\/div><\/div><\/div><div class=\"ultp-block-items-wrap ultp-block-row ultp-pg1a-style1 ultp-grid1-responsive ultp-block-column-2 1 ultp-xs-column-1 ultp-layout1\"><div class=\"ultp-block-item post-id-452295\"><div class=\"ultp-block-content-wrap\"><div class=\"ultp-block-image ultp-block-image-opacity\"><a href=\"https:\/\/www.ovigilanteonline.com.br\/site\/2026\/04\/29\/atleta-leopoldinense-de-9-anos-conquista-vice-campeonato-europeu-de-jiu-jitsu-na-irlanda\/\" ><img decoding=\"async\"  class=\"ultp-block-image-content\"  alt=\"Atleta leopoldinense de 9 anos conquista vice-campeonato europeu de Jiu-Jitsu na Irlanda\"  src=\"https:\/\/www.ovigilanteonline.com.br\/site\/wp-content\/uploads\/2026\/04\/WhatsApp-Image-2026-04-29-at-15.03.33.jpeg\" \/><\/a><\/div><div class=\"ultp-block-content\"><h3 class=\"ultp-block-title \"><a href=\"https:\/\/www.ovigilanteonline.com.br\/site\/2026\/04\/29\/atleta-leopoldinense-de-9-anos-conquista-vice-campeonato-europeu-de-jiu-jitsu-na-irlanda\/\" >Atleta leopoldinense de 9 anos conquista vice-campeonato europeu de Jiu-Jitsu na Irlanda<\/a><\/h3><\/div><\/div><\/div><div class=\"ultp-block-item post-id-452260\"><div class=\"ultp-block-content-wrap\"><div class=\"ultp-block-image ultp-block-image-opacity\"><a href=\"https:\/\/www.ovigilanteonline.com.br\/site\/2026\/04\/28\/carro-na-contramao-provoca-acidente-com-motociclista-proximo-ao-hospital-de-leopoldina\/\" ><img decoding=\"async\"  class=\"ultp-block-image-content\"  alt=\"Carro na contram\u00e3o provoca acidente com motociclista pr\u00f3ximo ao Hospital de Leopoldina\"  src=\"https:\/\/www.ovigilanteonline.com.br\/site\/wp-content\/uploads\/2026\/04\/WhatsApp-Image-2026-04-28-at-08.57.07-870x570.jpeg\" \/><\/a><\/div><div class=\"ultp-block-content\"><h3 class=\"ultp-block-title \"><a href=\"https:\/\/www.ovigilanteonline.com.br\/site\/2026\/04\/28\/carro-na-contramao-provoca-acidente-com-motociclista-proximo-ao-hospital-de-leopoldina\/\" >Carro na contram\u00e3o provoca acidente com motociclista pr\u00f3ximo ao Hospital de Leopoldina<\/a><\/h3><\/div><\/div><\/div><\/div><\/div><div class=\"pagination-block-html\" aria-hidden=\"true\" style=\"display: none;\"><\/div><\/div>","protected":false},"excerpt":{"rendered":"<p>Autor foi preso e levado para a Delegacia de Muria\u00e9. Um homem de 38 anos foi morto a tiros enquanto sa\u00eda de uma festa, em Divino. O crime foi registrado na madrugada de domingo, 5 de maio, e o autor do crime \u00e9 o atual companheiro da ex-namorada da v\u00edtima. De acordo com a Pol\u00edcia [&hellip;]<\/p>\n","protected":false},"author":2,"featured_media":424435,"comment_status":"open","ping_status":"closed","sticky":false,"template":"","format":"standard","meta":{"footnotes":""},"categories":[1,26],"tags":[],"class_list":["post-432408","post","type-post","status-publish","format-standard","has-post-thumbnail","hentry","category-destaque","category-ultimas-noticias"],"yoast_head":"<!-- This site is optimized with the Yoast SEO plugin v27.4 - https:\/\/yoast.com\/product\/yoast-seo-wordpress\/ -->\n<title>Homem \u00e9 morto a tiros pelo companheiro da ex-namorada ao sair de festa em Divino<\/title>\n<meta name=\"robots\" content=\"index, follow, max-snippet:-1, max-image-preview:large, max-video-preview:-1\" \/>\n<link rel=\"canonical\" href=\"https:\/\/www.ovigilanteonline.com.br\/site\/2024\/05\/06\/homem-e-morto-a-tiros-pelo-companheiro-da-ex-namorada-ao-sair-de-festa-em-divino\/\" \/>\n<meta property=\"og:locale\" content=\"pt_BR\" \/>\n<meta property=\"og:type\" content=\"article\" \/>\n<meta property=\"og:title\" content=\"Homem \u00e9 morto a tiros pelo companheiro da ex-namorada ao sair de festa em Divino\" \/>\n<meta property=\"og:description\" content=\"Autor foi preso e levado para a Delegacia de Muria\u00e9. Um homem de 38 anos foi morto a tiros enquanto sa\u00eda de uma festa, em Divino. O crime foi registrado na madrugada de domingo, 5 de maio, e o autor do crime \u00e9 o atual companheiro da ex-namorada da v\u00edtima. De acordo com a Pol\u00edcia [&hellip;]\" \/>\n<meta property=\"og:url\" content=\"https:\/\/www.ovigilanteonline.com.br\/site\/2024\/05\/06\/homem-e-morto-a-tiros-pelo-companheiro-da-ex-namorada-ao-sair-de-festa-em-divino\/\" \/>\n<meta property=\"og:site_name\" content=\"O VIGILANTE ONLINE\" \/>\n<meta property=\"article:publisher\" content=\"https:\/\/www.facebook.com\/ovigilanteonline\" \/>\n<meta property=\"article:published_time\" content=\"2024-05-06T16:27:16+00:00\" \/>\n<meta property=\"article:modified_time\" content=\"2024-05-06T16:27:20+00:00\" \/>\n<meta property=\"og:image\" content=\"https:\/\/www.ovigilanteonline.com.br\/site\/wp-content\/uploads\/2023\/08\/viatura-pm-jpeg.webp\" \/>\n\t<meta property=\"og:image:width\" content=\"900\" \/>\n\t<meta property=\"og:image:height\" content=\"675\" \/>\n\t<meta property=\"og:image:type\" content=\"image\/jpeg\" \/>\n<meta name=\"author\" content=\"Jornalismo\" \/>\n<meta name=\"twitter:card\" content=\"summary_large_image\" \/>\n<meta name=\"twitter:label1\" content=\"Escrito por\" \/>\n\t<meta name=\"twitter:data1\" content=\"Jornalismo\" \/>\n\t<meta name=\"twitter:label2\" content=\"Est. tempo de leitura\" \/>\n\t<meta name=\"twitter:data2\" content=\"2 minutos\" \/>\n<script type=\"application\/ld+json\" class=\"yoast-schema-graph\">{\"@context\":\"https:\\\/\\\/schema.org\",\"@graph\":[{\"@type\":\"Article\",\"@id\":\"https:\\\/\\\/www.ovigilanteonline.com.br\\\/site\\\/2024\\\/05\\\/06\\\/homem-e-morto-a-tiros-pelo-companheiro-da-ex-namorada-ao-sair-de-festa-em-divino\\\/#article\",\"isPartOf\":{\"@id\":\"https:\\\/\\\/www.ovigilanteonline.com.br\\\/site\\\/2024\\\/05\\\/06\\\/homem-e-morto-a-tiros-pelo-companheiro-da-ex-namorada-ao-sair-de-festa-em-divino\\\/\"},\"author\":{\"name\":\"Jornalismo\",\"@id\":\"https:\\\/\\\/www.ovigilanteonline.com.br\\\/site\\\/#\\\/schema\\\/person\\\/538fdfb33c0c411cd14a732e7cf14aa6\"},\"headline\":\"Homem \u00e9 morto a tiros pelo companheiro da ex-namorada ao sair de festa em Divino\",\"datePublished\":\"2024-05-06T16:27:16+00:00\",\"dateModified\":\"2024-05-06T16:27:20+00:00\",\"mainEntityOfPage\":{\"@id\":\"https:\\\/\\\/www.ovigilanteonline.com.br\\\/site\\\/2024\\\/05\\\/06\\\/homem-e-morto-a-tiros-pelo-companheiro-da-ex-namorada-ao-sair-de-festa-em-divino\\\/\"},\"wordCount\":197,\"commentCount\":0,\"image\":{\"@id\":\"https:\\\/\\\/www.ovigilanteonline.com.br\\\/site\\\/2024\\\/05\\\/06\\\/homem-e-morto-a-tiros-pelo-companheiro-da-ex-namorada-ao-sair-de-festa-em-divino\\\/#primaryimage\"},\"thumbnailUrl\":\"https:\\\/\\\/www.ovigilanteonline.com.br\\\/site\\\/wp-content\\\/uploads\\\/2023\\\/08\\\/viatura-pm-jpeg.webp\",\"articleSection\":[\"Destaque\",\"\u00daltimas Not\u00edcias\"],\"inLanguage\":\"pt-BR\",\"potentialAction\":[{\"@type\":\"CommentAction\",\"name\":\"Comment\",\"target\":[\"https:\\\/\\\/www.ovigilanteonline.com.br\\\/site\\\/2024\\\/05\\\/06\\\/homem-e-morto-a-tiros-pelo-companheiro-da-ex-namorada-ao-sair-de-festa-em-divino\\\/#respond\"]}]},{\"@type\":\"WebPage\",\"@id\":\"https:\\\/\\\/www.ovigilanteonline.com.br\\\/site\\\/2024\\\/05\\\/06\\\/homem-e-morto-a-tiros-pelo-companheiro-da-ex-namorada-ao-sair-de-festa-em-divino\\\/\",\"url\":\"https:\\\/\\\/www.ovigilanteonline.com.br\\\/site\\\/2024\\\/05\\\/06\\\/homem-e-morto-a-tiros-pelo-companheiro-da-ex-namorada-ao-sair-de-festa-em-divino\\\/\",\"name\":\"Homem \u00e9 morto a tiros pelo companheiro da ex-namorada ao sair de festa em Divino\",\"isPartOf\":{\"@id\":\"https:\\\/\\\/www.ovigilanteonline.com.br\\\/site\\\/#website\"},\"primaryImageOfPage\":{\"@id\":\"https:\\\/\\\/www.ovigilanteonline.com.br\\\/site\\\/2024\\\/05\\\/06\\\/homem-e-morto-a-tiros-pelo-companheiro-da-ex-namorada-ao-sair-de-festa-em-divino\\\/#primaryimage\"},\"image\":{\"@id\":\"https:\\\/\\\/www.ovigilanteonline.com.br\\\/site\\\/2024\\\/05\\\/06\\\/homem-e-morto-a-tiros-pelo-companheiro-da-ex-namorada-ao-sair-de-festa-em-divino\\\/#primaryimage\"},\"thumbnailUrl\":\"https:\\\/\\\/www.ovigilanteonline.com.br\\\/site\\\/wp-content\\\/uploads\\\/2023\\\/08\\\/viatura-pm-jpeg.webp\",\"datePublished\":\"2024-05-06T16:27:16+00:00\",\"dateModified\":\"2024-05-06T16:27:20+00:00\",\"author\":{\"@id\":\"https:\\\/\\\/www.ovigilanteonline.com.br\\\/site\\\/#\\\/schema\\\/person\\\/538fdfb33c0c411cd14a732e7cf14aa6\"},\"breadcrumb\":{\"@id\":\"https:\\\/\\\/www.ovigilanteonline.com.br\\\/site\\\/2024\\\/05\\\/06\\\/homem-e-morto-a-tiros-pelo-companheiro-da-ex-namorada-ao-sair-de-festa-em-divino\\\/#breadcrumb\"},\"inLanguage\":\"pt-BR\",\"potentialAction\":[{\"@type\":\"ReadAction\",\"target\":[\"https:\\\/\\\/www.ovigilanteonline.com.br\\\/site\\\/2024\\\/05\\\/06\\\/homem-e-morto-a-tiros-pelo-companheiro-da-ex-namorada-ao-sair-de-festa-em-divino\\\/\"]}]},{\"@type\":\"ImageObject\",\"inLanguage\":\"pt-BR\",\"@id\":\"https:\\\/\\\/www.ovigilanteonline.com.br\\\/site\\\/2024\\\/05\\\/06\\\/homem-e-morto-a-tiros-pelo-companheiro-da-ex-namorada-ao-sair-de-festa-em-divino\\\/#primaryimage\",\"url\":\"https:\\\/\\\/www.ovigilanteonline.com.br\\\/site\\\/wp-content\\\/uploads\\\/2023\\\/08\\\/viatura-pm-jpeg.webp\",\"contentUrl\":\"https:\\\/\\\/www.ovigilanteonline.com.br\\\/site\\\/wp-content\\\/uploads\\\/2023\\\/08\\\/viatura-pm-jpeg.webp\",\"width\":900,\"height\":675},{\"@type\":\"BreadcrumbList\",\"@id\":\"https:\\\/\\\/www.ovigilanteonline.com.br\\\/site\\\/2024\\\/05\\\/06\\\/homem-e-morto-a-tiros-pelo-companheiro-da-ex-namorada-ao-sair-de-festa-em-divino\\\/#breadcrumb\",\"itemListElement\":[{\"@type\":\"ListItem\",\"position\":1,\"name\":\"In\u00edcio\",\"item\":\"https:\\\/\\\/www.ovigilanteonline.com.br\\\/site\\\/\"},{\"@type\":\"ListItem\",\"position\":2,\"name\":\"Homem \u00e9 morto a tiros pelo companheiro da ex-namorada ao sair de festa em Divino\"}]},{\"@type\":\"WebSite\",\"@id\":\"https:\\\/\\\/www.ovigilanteonline.com.br\\\/site\\\/#website\",\"url\":\"https:\\\/\\\/www.ovigilanteonline.com.br\\\/site\\\/\",\"name\":\"O VIGILANTE ONLINE - Not\u00edcias de Leopoldina e regi\u00e3o\",\"description\":\"\",\"potentialAction\":[{\"@type\":\"SearchAction\",\"target\":{\"@type\":\"EntryPoint\",\"urlTemplate\":\"https:\\\/\\\/www.ovigilanteonline.com.br\\\/site\\\/?s={search_term_string}\"},\"query-input\":{\"@type\":\"PropertyValueSpecification\",\"valueRequired\":true,\"valueName\":\"search_term_string\"}}],\"inLanguage\":\"pt-BR\"},{\"@type\":\"Person\",\"@id\":\"https:\\\/\\\/www.ovigilanteonline.com.br\\\/site\\\/#\\\/schema\\\/person\\\/538fdfb33c0c411cd14a732e7cf14aa6\",\"name\":\"Jornalismo\"}]}<\/script>\n<!-- \/ Yoast SEO plugin. -->","yoast_head_json":{"title":"Homem \u00e9 morto a tiros pelo companheiro da ex-namorada ao sair de festa em Divino","robots":{"index":"index","follow":"follow","max-snippet":"max-snippet:-1","max-image-preview":"max-image-preview:large","max-video-preview":"max-video-preview:-1"},"canonical":"https:\/\/www.ovigilanteonline.com.br\/site\/2024\/05\/06\/homem-e-morto-a-tiros-pelo-companheiro-da-ex-namorada-ao-sair-de-festa-em-divino\/","og_locale":"pt_BR","og_type":"article","og_title":"Homem \u00e9 morto a tiros pelo companheiro da ex-namorada ao sair de festa em Divino","og_description":"Autor foi preso e levado para a Delegacia de Muria\u00e9. Um homem de 38 anos foi morto a tiros enquanto sa\u00eda de uma festa, em Divino. O crime foi registrado na madrugada de domingo, 5 de maio, e o autor do crime \u00e9 o atual companheiro da ex-namorada da v\u00edtima. De acordo com a Pol\u00edcia [&hellip;]","og_url":"https:\/\/www.ovigilanteonline.com.br\/site\/2024\/05\/06\/homem-e-morto-a-tiros-pelo-companheiro-da-ex-namorada-ao-sair-de-festa-em-divino\/","og_site_name":"O VIGILANTE ONLINE","article_publisher":"https:\/\/www.facebook.com\/ovigilanteonline","article_published_time":"2024-05-06T16:27:16+00:00","article_modified_time":"2024-05-06T16:27:20+00:00","og_image":[{"width":900,"height":675,"url":"https:\/\/www.ovigilanteonline.com.br\/site\/wp-content\/uploads\/2023\/08\/viatura-pm-jpeg.webp","type":"image\/jpeg"}],"author":"Jornalismo","twitter_card":"summary_large_image","twitter_misc":{"Escrito por":"Jornalismo","Est. tempo de leitura":"2 minutos"},"schema":{"@context":"https:\/\/schema.org","@graph":[{"@type":"Article","@id":"https:\/\/www.ovigilanteonline.com.br\/site\/2024\/05\/06\/homem-e-morto-a-tiros-pelo-companheiro-da-ex-namorada-ao-sair-de-festa-em-divino\/#article","isPartOf":{"@id":"https:\/\/www.ovigilanteonline.com.br\/site\/2024\/05\/06\/homem-e-morto-a-tiros-pelo-companheiro-da-ex-namorada-ao-sair-de-festa-em-divino\/"},"author":{"name":"Jornalismo","@id":"https:\/\/www.ovigilanteonline.com.br\/site\/#\/schema\/person\/538fdfb33c0c411cd14a732e7cf14aa6"},"headline":"Homem \u00e9 morto a tiros pelo companheiro da ex-namorada ao sair de festa em Divino","datePublished":"2024-05-06T16:27:16+00:00","dateModified":"2024-05-06T16:27:20+00:00","mainEntityOfPage":{"@id":"https:\/\/www.ovigilanteonline.com.br\/site\/2024\/05\/06\/homem-e-morto-a-tiros-pelo-companheiro-da-ex-namorada-ao-sair-de-festa-em-divino\/"},"wordCount":197,"commentCount":0,"image":{"@id":"https:\/\/www.ovigilanteonline.com.br\/site\/2024\/05\/06\/homem-e-morto-a-tiros-pelo-companheiro-da-ex-namorada-ao-sair-de-festa-em-divino\/#primaryimage"},"thumbnailUrl":"https:\/\/www.ovigilanteonline.com.br\/site\/wp-content\/uploads\/2023\/08\/viatura-pm-jpeg.webp","articleSection":["Destaque","\u00daltimas Not\u00edcias"],"inLanguage":"pt-BR","potentialAction":[{"@type":"CommentAction","name":"Comment","target":["https:\/\/www.ovigilanteonline.com.br\/site\/2024\/05\/06\/homem-e-morto-a-tiros-pelo-companheiro-da-ex-namorada-ao-sair-de-festa-em-divino\/#respond"]}]},{"@type":"WebPage","@id":"https:\/\/www.ovigilanteonline.com.br\/site\/2024\/05\/06\/homem-e-morto-a-tiros-pelo-companheiro-da-ex-namorada-ao-sair-de-festa-em-divino\/","url":"https:\/\/www.ovigilanteonline.com.br\/site\/2024\/05\/06\/homem-e-morto-a-tiros-pelo-companheiro-da-ex-namorada-ao-sair-de-festa-em-divino\/","name":"Homem \u00e9 morto a tiros pelo companheiro da ex-namorada ao sair de festa em Divino","isPartOf":{"@id":"https:\/\/www.ovigilanteonline.com.br\/site\/#website"},"primaryImageOfPage":{"@id":"https:\/\/www.ovigilanteonline.com.br\/site\/2024\/05\/06\/homem-e-morto-a-tiros-pelo-companheiro-da-ex-namorada-ao-sair-de-festa-em-divino\/#primaryimage"},"image":{"@id":"https:\/\/www.ovigilanteonline.com.br\/site\/2024\/05\/06\/homem-e-morto-a-tiros-pelo-companheiro-da-ex-namorada-ao-sair-de-festa-em-divino\/#primaryimage"},"thumbnailUrl":"https:\/\/www.ovigilanteonline.com.br\/site\/wp-content\/uploads\/2023\/08\/viatura-pm-jpeg.webp","datePublished":"2024-05-06T16:27:16+00:00","dateModified":"2024-05-06T16:27:20+00:00","author":{"@id":"https:\/\/www.ovigilanteonline.com.br\/site\/#\/schema\/person\/538fdfb33c0c411cd14a732e7cf14aa6"},"breadcrumb":{"@id":"https:\/\/www.ovigilanteonline.com.br\/site\/2024\/05\/06\/homem-e-morto-a-tiros-pelo-companheiro-da-ex-namorada-ao-sair-de-festa-em-divino\/#breadcrumb"},"inLanguage":"pt-BR","potentialAction":[{"@type":"ReadAction","target":["https:\/\/www.ovigilanteonline.com.br\/site\/2024\/05\/06\/homem-e-morto-a-tiros-pelo-companheiro-da-ex-namorada-ao-sair-de-festa-em-divino\/"]}]},{"@type":"ImageObject","inLanguage":"pt-BR","@id":"https:\/\/www.ovigilanteonline.com.br\/site\/2024\/05\/06\/homem-e-morto-a-tiros-pelo-companheiro-da-ex-namorada-ao-sair-de-festa-em-divino\/#primaryimage","url":"https:\/\/www.ovigilanteonline.com.br\/site\/wp-content\/uploads\/2023\/08\/viatura-pm-jpeg.webp","contentUrl":"https:\/\/www.ovigilanteonline.com.br\/site\/wp-content\/uploads\/2023\/08\/viatura-pm-jpeg.webp","width":900,"height":675},{"@type":"BreadcrumbList","@id":"https:\/\/www.ovigilanteonline.com.br\/site\/2024\/05\/06\/homem-e-morto-a-tiros-pelo-companheiro-da-ex-namorada-ao-sair-de-festa-em-divino\/#breadcrumb","itemListElement":[{"@type":"ListItem","position":1,"name":"In\u00edcio","item":"https:\/\/www.ovigilanteonline.com.br\/site\/"},{"@type":"ListItem","position":2,"name":"Homem \u00e9 morto a tiros pelo companheiro da ex-namorada ao sair de festa em Divino"}]},{"@type":"WebSite","@id":"https:\/\/www.ovigilanteonline.com.br\/site\/#website","url":"https:\/\/www.ovigilanteonline.com.br\/site\/","name":"O VIGILANTE ONLINE - Not\u00edcias de Leopoldina e regi\u00e3o","description":"","potentialAction":[{"@type":"SearchAction","target":{"@type":"EntryPoint","urlTemplate":"https:\/\/www.ovigilanteonline.com.br\/site\/?s={search_term_string}"},"query-input":{"@type":"PropertyValueSpecification","valueRequired":true,"valueName":"search_term_string"}}],"inLanguage":"pt-BR"},{"@type":"Person","@id":"https:\/\/www.ovigilanteonline.com.br\/site\/#\/schema\/person\/538fdfb33c0c411cd14a732e7cf14aa6","name":"Jornalismo"}]}},"cc_featured_image_caption":{"caption_text":"","source_text":"","source_url":""},"_links":{"self":[{"href":"https:\/\/www.ovigilanteonline.com.br\/site\/wp-json\/wp\/v2\/posts\/432408","targetHints":{"allow":["GET"]}}],"collection":[{"href":"https:\/\/www.ovigilanteonline.com.br\/site\/wp-json\/wp\/v2\/posts"}],"about":[{"href":"https:\/\/www.ovigilanteonline.com.br\/site\/wp-json\/wp\/v2\/types\/post"}],"author":[{"embeddable":true,"href":"https:\/\/www.ovigilanteonline.com.br\/site\/wp-json\/wp\/v2\/users\/2"}],"replies":[{"embeddable":true,"href":"https:\/\/www.ovigilanteonline.com.br\/site\/wp-json\/wp\/v2\/comments?post=432408"}],"version-history":[{"count":0,"href":"https:\/\/www.ovigilanteonline.com.br\/site\/wp-json\/wp\/v2\/posts\/432408\/revisions"}],"wp:featuredmedia":[{"embeddable":true,"href":"https:\/\/www.ovigilanteonline.com.br\/site\/wp-json\/wp\/v2\/media\/424435"}],"wp:attachment":[{"href":"https:\/\/www.ovigilanteonline.com.br\/site\/wp-json\/wp\/v2\/media?parent=432408"}],"wp:term":[{"taxonomy":"category","embeddable":true,"href":"https:\/\/www.ovigilanteonline.com.br\/site\/wp-json\/wp\/v2\/categories?post=432408"},{"taxonomy":"post_tag","embeddable":true,"href":"https:\/\/www.ovigilanteonline.com.br\/site\/wp-json\/wp\/v2\/tags?post=432408"}],"curies":[{"name":"wp","href":"https:\/\/api.w.org\/{rel}","templated":true}]}}