{"id":432381,"date":"2024-05-04T10:40:01","date_gmt":"2024-05-04T13:40:01","guid":{"rendered":"https:\/\/www.ovigilanteonline.com.br\/site\/?p=432381"},"modified":"2024-05-04T10:40:06","modified_gmt":"2024-05-04T13:40:06","slug":"fim-de-semana-mais-quente-com-temperaturas-acima-do-normal-para-esta-epoca-do-ano","status":"publish","type":"post","link":"https:\/\/www.ovigilanteonline.com.br\/site\/2024\/05\/04\/fim-de-semana-mais-quente-com-temperaturas-acima-do-normal-para-esta-epoca-do-ano\/","title":{"rendered":"Fim de semana mais quente com temperaturas acima do normal para esta \u00e9poca do ano"},"content":{"rendered":"\n<p>Uma onda de calor j\u00e1 est\u00e1 em atua\u00e7\u00e3o e deve permanecer neste fim de semana, dias 04 e 05 de maio sobre a regi\u00e3o da Zona da Mata Mineira e no estado do Rio de Janeiro, \u00e1reas de concess\u00e3o da Energisa Minas Rio. <\/p>\n\n\n\n\n\n<p>Segundo a meteorologista e consultora da Energisa, Ana Paula Paes, \u201cuma Onda de Calor ocorre quando as temperaturas ficam cerca de 5\u00b0C acima da m\u00e9dia climatol\u00f3gica do per\u00edodo. Para os pr\u00f3ximos dias, as temperaturas m\u00e1ximas na regi\u00e3o da Zona da Mata devem registrar em torno de 34\u00b0C, o que n\u00e3o \u00e9 comum durante o outono. Esse fen\u00f4meno est\u00e1 sendo provocado por uma alta press\u00e3o, que tende a inibir a forma\u00e7\u00e3o de nuvens de tempestade. Com menor cobertura de nuvens, as temperaturas ficam ainda mais elevadas\u201d, explica.<\/p>\n\n\n<div class=\"wp-block-image\">\n<figure class=\"aligncenter size-full\"><img loading=\"lazy\" decoding=\"async\" width=\"557\" height=\"304\" src=\"https:\/\/www.ovigilanteonline.com.br\/site\/wp-content\/uploads\/2024\/05\/image-1.png\" alt=\"\" class=\"wp-image-432382\" srcset=\"https:\/\/www.ovigilanteonline.com.br\/site\/wp-content\/uploads\/2024\/05\/image-1.png 557w, https:\/\/www.ovigilanteonline.com.br\/site\/wp-content\/uploads\/2024\/05\/image-1-300x164.png 300w\" sizes=\"auto, (max-width: 557px) 100vw, 557px\" \/><figcaption class=\"wp-element-caption\"><em>Ana Paula Paes, meteorologista e consultora da Energisa<\/em><br><\/figcaption><\/figure>\n<\/div>\n\n\n<p>Com temperaturas mais altas, a rotina dom\u00e9stica de muita gente muda. Ar-condicionado e ventilador ligados por mais tempo, o abre e fecha da geladeira fica mais constante: essas s\u00e3o algumas das pr\u00e1ticas comuns nos dias mais quentes e que podem impactar diretamente o consumo de energia de uma fam\u00edlia. Por isso, \u00e9 importante ficar atento ao consumo de energia e, assim, evitar que esses e outros h\u00e1bitos causem um susto no or\u00e7amento ao final do m\u00eas.<\/p>\n\n\n\n<p>Acompanhar o consumo n\u00e3o \u00e9 apenas olhar o valor final da conta. A conta de energia \u00e9 a soma do consumo do im\u00f3vel, mais impostos, encargos setoriais, custos do processo de produ\u00e7\u00e3o da energia el\u00e9trica e, dependendo do per\u00edodo, acr\u00e9scimo da bandeira tarif\u00e1ria vigente. Ou seja, a tarifa da energia traz uma s\u00e9rie de cobran\u00e7as que resultam no total a ser pago pelo consumidor todo m\u00eas.\u00a0De maneira did\u00e1tica, podemos\u00a0<a href=\"https:\/\/www.youtube.com\/watch?v=rDPEwyPHNzY\" target=\"_blank\" rel=\"noreferrer noopener\">comparar a conta de energia a uma pizza<\/a>, em que o valor total se divide em fatias\u00a0que v\u00e3o\u00a0para os respectivos \u00f3rg\u00e3os\u00a0e\u00a0empresas respons\u00e1veis\u00a0pelos servi\u00e7os.<\/p>\n\n\n<div id=\"ovigi-666242652\">\r\n<p class=\"has-text-align-center has-small-font-size\">continua depois da publicidade<\/p>\r\n\r\n\r\n\r\n<hr class=\"wp-block-separator has-alpha-channel-opacity is-style-wide\"\/>\r\n\r\n\r\n<center> \r\n<figure class=\"wp-block-image size-large\"><a href=\"https:\/\/www.instagram.com\/unimedleopoldina241\/\" target=\"_blank\" rel=\"noreferrer noopener\"><img decoding=\"async\" src=\"https:\/\/www.ovigilanteonline.com.br\/site\/wp-content\/uploads\/2026\/04\/UNIMED-NOVO.jpg\" alt=\"\" class=\"wp-image-395070\"\/><\/a><\/figure>\r\n<\/figure>\r\n<!-- \/wp:gallery --> <\/center>\r\n\r\n<!-- wp:separator {\"className\":\"is-style-wide\"} -->\r\n<hr class=\"wp-block-separator has-alpha-channel-opacity is-style-wide\"\/>\r\n<!-- \/wp:separator -->\r\n<\/div>\n\n\n<p>Ao compreender a composi\u00e7\u00e3o da conta de energia, o cliente\u00a0consegue identificar o que tem impactado no seu consumo, podendo\u00a0<a href=\"https:\/\/www.energisa.com.br\/paginas\/destaque.aspx?id=274\" target=\"_blank\" rel=\"noreferrer noopener\">adotar pr\u00e1ticas para economizar<\/a>.<\/p>\n\n\n\n<figure class=\"wp-block-embed is-type-video is-provider-youtube wp-block-embed-youtube wp-embed-aspect-16-9 wp-has-aspect-ratio\"><div class=\"wp-block-embed__wrapper\">\n<iframe loading=\"lazy\" title=\"Descomplicador Energisa - Descomplicando sua conta de Luz (60)\" width=\"640\" height=\"360\" src=\"https:\/\/www.youtube.com\/embed\/rDPEwyPHNzY?feature=oembed\" frameborder=\"0\" allow=\"accelerometer; autoplay; clipboard-write; encrypted-media; gyroscope; picture-in-picture; web-share\" referrerpolicy=\"strict-origin-when-cross-origin\" allowfullscreen><\/iframe>\n<\/div><\/figure>\n\n\n\n<p><strong>Servi\u00e7os: canais digitais da Energisa&nbsp;<\/strong><\/p>\n\n\n\n<ul class=\"wp-block-list\">\n<li>Aplicativo Energisa On (dispon\u00edvel para iOS e Android)&nbsp;<\/li>\n\n\n\n<li>Gisa:&nbsp;<a href=\"https:\/\/gisa.energisa.com.br\/\" target=\"_blank\" rel=\"noreferrer noopener\">https:\/\/gisa.energisa.com.br\/<\/a><\/li>\n\n\n\n<li>Site:&nbsp;<a href=\"http:\/\/www.energisa.com.br\/\" target=\"_blank\" rel=\"noreferrer noopener\">www.energisa.com.br<\/a>&nbsp;<\/li>\n\n\n\n<li>Call Center:\u00a0\u00a00800 032 0196.<\/li>\n<\/ul>\n\n\n\n<hr class=\"wp-block-separator has-alpha-channel-opacity is-style-wide\"\/>\n\n\n<div class=\"ultp-not-found-message\" role=\"alert\">No Post Found<\/div>\n\n\n<hr class=\"wp-block-separator has-alpha-channel-opacity is-style-wide\"\/>\n\n\n<div  class=\"ultp-post-grid-block wp-block-ultimate-post-post-grid-1 ultp-block-278d4d\"><div class=\"ultp-block-wrapper\"><div class=\"ultp-loading\"><div class=\"ultp-loading-blocks\" style=\"width:100%;height:100%;\"><div style=\"left: 0;top: 0;animation-delay:0s;\"><\/div><div style=\"left: 21px;top: 0;animation-delay:0.125s;\"><\/div><div style=\"left: 42px;top: 0;animation-delay:0.25s;\"><\/div><div style=\"left: 0;top: 21px;animation-delay:0.875s;\"><\/div><div style=\"left: 42px;top: 21px;animation-delay:0.375s;\"><\/div><div style=\"left: 0;top: 42px;animation-delay:0.75s;\"><\/div><div style=\"left: 42px;top: 42px;animation-delay:0.625s;\"><\/div><div style=\"left: 21px;top: 42px;animation-delay:0.5s;\"><\/div><\/div><\/div><div class=\"ultp-heading-filter\"><div class=\"ultp-heading-filter-in\"><div class=\"ultp-heading-wrap ultp-heading-style1 ultp-heading-left\"><h2 class=\"ultp-heading-inner\"><span>Recentes mais lidas<\/span><\/h2><\/div><\/div><\/div><div class=\"ultp-block-items-wrap ultp-block-row ultp-pg1a-style1 ultp-grid1-responsive ultp-block-column-2 1 ultp-xs-column-1 ultp-layout1\"><div class=\"ultp-block-item post-id-452295\"><div class=\"ultp-block-content-wrap\"><div class=\"ultp-block-image ultp-block-image-opacity\"><a href=\"https:\/\/www.ovigilanteonline.com.br\/site\/2026\/04\/29\/atleta-leopoldinense-de-9-anos-conquista-vice-campeonato-europeu-de-jiu-jitsu-na-irlanda\/\" ><img decoding=\"async\"  class=\"ultp-block-image-content\"  alt=\"Atleta leopoldinense de 9 anos conquista vice-campeonato europeu de Jiu-Jitsu na Irlanda\"  src=\"https:\/\/www.ovigilanteonline.com.br\/site\/wp-content\/uploads\/2026\/04\/WhatsApp-Image-2026-04-29-at-15.03.33.jpeg\" \/><\/a><\/div><div class=\"ultp-block-content\"><h3 class=\"ultp-block-title \"><a href=\"https:\/\/www.ovigilanteonline.com.br\/site\/2026\/04\/29\/atleta-leopoldinense-de-9-anos-conquista-vice-campeonato-europeu-de-jiu-jitsu-na-irlanda\/\" >Atleta leopoldinense de 9 anos conquista vice-campeonato europeu de Jiu-Jitsu na Irlanda<\/a><\/h3><\/div><\/div><\/div><div class=\"ultp-block-item post-id-452260\"><div class=\"ultp-block-content-wrap\"><div class=\"ultp-block-image ultp-block-image-opacity\"><a href=\"https:\/\/www.ovigilanteonline.com.br\/site\/2026\/04\/28\/carro-na-contramao-provoca-acidente-com-motociclista-proximo-ao-hospital-de-leopoldina\/\" ><img decoding=\"async\"  class=\"ultp-block-image-content\"  alt=\"Carro na contram\u00e3o provoca acidente com motociclista pr\u00f3ximo ao Hospital de Leopoldina\"  src=\"https:\/\/www.ovigilanteonline.com.br\/site\/wp-content\/uploads\/2026\/04\/WhatsApp-Image-2026-04-28-at-08.57.07-870x570.jpeg\" \/><\/a><\/div><div class=\"ultp-block-content\"><h3 class=\"ultp-block-title \"><a href=\"https:\/\/www.ovigilanteonline.com.br\/site\/2026\/04\/28\/carro-na-contramao-provoca-acidente-com-motociclista-proximo-ao-hospital-de-leopoldina\/\" >Carro na contram\u00e3o provoca acidente com motociclista pr\u00f3ximo ao Hospital de Leopoldina<\/a><\/h3><\/div><\/div><\/div><\/div><\/div><div class=\"pagination-block-html\" aria-hidden=\"true\" style=\"display: none;\"><\/div><\/div>","protected":false},"excerpt":{"rendered":"<p>Com temperaturas mais altas, a rotina dom\u00e9stica de muita gente muda. Ar-condicionado e ventilador ligados por mais tempo, o abre e fecha da geladeira<\/p>\n","protected":false},"author":2,"featured_media":421264,"comment_status":"open","ping_status":"closed","sticky":false,"template":"","format":"standard","meta":{"footnotes":""},"categories":[1,26],"tags":[591,590,281],"class_list":["post-432381","post","type-post","status-publish","format-standard","has-post-thumbnail","hentry","category-destaque","category-ultimas-noticias","tag-calor-intenso","tag-dicas-energisa","tag-energisa"],"yoast_head":"<!-- This site is optimized with the Yoast SEO plugin v27.4 - https:\/\/yoast.com\/product\/yoast-seo-wordpress\/ -->\n<title>Fim de semana mais quente com temperaturas acima do normal para esta \u00e9poca do ano<\/title>\n<meta name=\"description\" content=\"Com temperaturas mais altas, a rotina dom\u00e9stica de muita gente muda. Ar-condicionado e ventilador ligados por mais tempo, o abre e fecha da geladeira\" \/>\n<meta name=\"robots\" content=\"index, follow, max-snippet:-1, max-image-preview:large, max-video-preview:-1\" \/>\n<link rel=\"canonical\" href=\"https:\/\/www.ovigilanteonline.com.br\/site\/2024\/05\/04\/fim-de-semana-mais-quente-com-temperaturas-acima-do-normal-para-esta-epoca-do-ano\/\" \/>\n<meta property=\"og:locale\" content=\"pt_BR\" \/>\n<meta property=\"og:type\" content=\"article\" \/>\n<meta property=\"og:title\" content=\"Fim de semana mais quente com temperaturas acima do normal para esta \u00e9poca do ano\" \/>\n<meta property=\"og:description\" content=\"Com temperaturas mais altas, a rotina dom\u00e9stica de muita gente muda. Ar-condicionado e ventilador ligados por mais tempo, o abre e fecha da geladeira\" \/>\n<meta property=\"og:url\" content=\"https:\/\/www.ovigilanteonline.com.br\/site\/2024\/05\/04\/fim-de-semana-mais-quente-com-temperaturas-acima-do-normal-para-esta-epoca-do-ano\/\" \/>\n<meta property=\"og:site_name\" content=\"O VIGILANTE ONLINE\" \/>\n<meta property=\"article:publisher\" content=\"https:\/\/www.facebook.com\/ovigilanteonline\" \/>\n<meta property=\"article:published_time\" content=\"2024-05-04T13:40:01+00:00\" \/>\n<meta property=\"article:modified_time\" content=\"2024-05-04T13:40:06+00:00\" \/>\n<meta property=\"og:image\" content=\"https:\/\/www.ovigilanteonline.com.br\/site\/wp-content\/uploads\/2023\/04\/CIDADE-LEOPOLDINA-TEMPO-3.jpg\" \/>\n\t<meta property=\"og:image:width\" content=\"900\" \/>\n\t<meta property=\"og:image:height\" content=\"500\" \/>\n\t<meta property=\"og:image:type\" content=\"image\/jpeg\" \/>\n<meta name=\"author\" content=\"Jornalismo\" \/>\n<meta name=\"twitter:card\" content=\"summary_large_image\" \/>\n<meta name=\"twitter:label1\" content=\"Escrito por\" \/>\n\t<meta name=\"twitter:data1\" content=\"Jornalismo\" \/>\n\t<meta name=\"twitter:label2\" content=\"Est. tempo de leitura\" \/>\n\t<meta name=\"twitter:data2\" content=\"3 minutos\" \/>\n<script type=\"application\/ld+json\" class=\"yoast-schema-graph\">{\"@context\":\"https:\\\/\\\/schema.org\",\"@graph\":[{\"@type\":\"Article\",\"@id\":\"https:\\\/\\\/www.ovigilanteonline.com.br\\\/site\\\/2024\\\/05\\\/04\\\/fim-de-semana-mais-quente-com-temperaturas-acima-do-normal-para-esta-epoca-do-ano\\\/#article\",\"isPartOf\":{\"@id\":\"https:\\\/\\\/www.ovigilanteonline.com.br\\\/site\\\/2024\\\/05\\\/04\\\/fim-de-semana-mais-quente-com-temperaturas-acima-do-normal-para-esta-epoca-do-ano\\\/\"},\"author\":{\"name\":\"Jornalismo\",\"@id\":\"https:\\\/\\\/www.ovigilanteonline.com.br\\\/site\\\/#\\\/schema\\\/person\\\/538fdfb33c0c411cd14a732e7cf14aa6\"},\"headline\":\"Fim de semana mais quente com temperaturas acima do normal para esta \u00e9poca do ano\",\"datePublished\":\"2024-05-04T13:40:01+00:00\",\"dateModified\":\"2024-05-04T13:40:06+00:00\",\"mainEntityOfPage\":{\"@id\":\"https:\\\/\\\/www.ovigilanteonline.com.br\\\/site\\\/2024\\\/05\\\/04\\\/fim-de-semana-mais-quente-com-temperaturas-acima-do-normal-para-esta-epoca-do-ano\\\/\"},\"wordCount\":418,\"commentCount\":0,\"image\":{\"@id\":\"https:\\\/\\\/www.ovigilanteonline.com.br\\\/site\\\/2024\\\/05\\\/04\\\/fim-de-semana-mais-quente-com-temperaturas-acima-do-normal-para-esta-epoca-do-ano\\\/#primaryimage\"},\"thumbnailUrl\":\"https:\\\/\\\/www.ovigilanteonline.com.br\\\/site\\\/wp-content\\\/uploads\\\/2023\\\/04\\\/CIDADE-LEOPOLDINA-TEMPO-3.jpg\",\"keywords\":[\"calor intenso\",\"dicas energisa\",\"energisa\"],\"articleSection\":[\"Destaque\",\"\u00daltimas Not\u00edcias\"],\"inLanguage\":\"pt-BR\",\"potentialAction\":[{\"@type\":\"CommentAction\",\"name\":\"Comment\",\"target\":[\"https:\\\/\\\/www.ovigilanteonline.com.br\\\/site\\\/2024\\\/05\\\/04\\\/fim-de-semana-mais-quente-com-temperaturas-acima-do-normal-para-esta-epoca-do-ano\\\/#respond\"]}]},{\"@type\":\"WebPage\",\"@id\":\"https:\\\/\\\/www.ovigilanteonline.com.br\\\/site\\\/2024\\\/05\\\/04\\\/fim-de-semana-mais-quente-com-temperaturas-acima-do-normal-para-esta-epoca-do-ano\\\/\",\"url\":\"https:\\\/\\\/www.ovigilanteonline.com.br\\\/site\\\/2024\\\/05\\\/04\\\/fim-de-semana-mais-quente-com-temperaturas-acima-do-normal-para-esta-epoca-do-ano\\\/\",\"name\":\"Fim de semana mais quente com temperaturas acima do normal para esta \u00e9poca do ano\",\"isPartOf\":{\"@id\":\"https:\\\/\\\/www.ovigilanteonline.com.br\\\/site\\\/#website\"},\"primaryImageOfPage\":{\"@id\":\"https:\\\/\\\/www.ovigilanteonline.com.br\\\/site\\\/2024\\\/05\\\/04\\\/fim-de-semana-mais-quente-com-temperaturas-acima-do-normal-para-esta-epoca-do-ano\\\/#primaryimage\"},\"image\":{\"@id\":\"https:\\\/\\\/www.ovigilanteonline.com.br\\\/site\\\/2024\\\/05\\\/04\\\/fim-de-semana-mais-quente-com-temperaturas-acima-do-normal-para-esta-epoca-do-ano\\\/#primaryimage\"},\"thumbnailUrl\":\"https:\\\/\\\/www.ovigilanteonline.com.br\\\/site\\\/wp-content\\\/uploads\\\/2023\\\/04\\\/CIDADE-LEOPOLDINA-TEMPO-3.jpg\",\"datePublished\":\"2024-05-04T13:40:01+00:00\",\"dateModified\":\"2024-05-04T13:40:06+00:00\",\"author\":{\"@id\":\"https:\\\/\\\/www.ovigilanteonline.com.br\\\/site\\\/#\\\/schema\\\/person\\\/538fdfb33c0c411cd14a732e7cf14aa6\"},\"description\":\"Com temperaturas mais altas, a rotina dom\u00e9stica de muita gente muda. Ar-condicionado e ventilador ligados por mais tempo, o abre e fecha da geladeira\",\"breadcrumb\":{\"@id\":\"https:\\\/\\\/www.ovigilanteonline.com.br\\\/site\\\/2024\\\/05\\\/04\\\/fim-de-semana-mais-quente-com-temperaturas-acima-do-normal-para-esta-epoca-do-ano\\\/#breadcrumb\"},\"inLanguage\":\"pt-BR\",\"potentialAction\":[{\"@type\":\"ReadAction\",\"target\":[\"https:\\\/\\\/www.ovigilanteonline.com.br\\\/site\\\/2024\\\/05\\\/04\\\/fim-de-semana-mais-quente-com-temperaturas-acima-do-normal-para-esta-epoca-do-ano\\\/\"]}]},{\"@type\":\"ImageObject\",\"inLanguage\":\"pt-BR\",\"@id\":\"https:\\\/\\\/www.ovigilanteonline.com.br\\\/site\\\/2024\\\/05\\\/04\\\/fim-de-semana-mais-quente-com-temperaturas-acima-do-normal-para-esta-epoca-do-ano\\\/#primaryimage\",\"url\":\"https:\\\/\\\/www.ovigilanteonline.com.br\\\/site\\\/wp-content\\\/uploads\\\/2023\\\/04\\\/CIDADE-LEOPOLDINA-TEMPO-3.jpg\",\"contentUrl\":\"https:\\\/\\\/www.ovigilanteonline.com.br\\\/site\\\/wp-content\\\/uploads\\\/2023\\\/04\\\/CIDADE-LEOPOLDINA-TEMPO-3.jpg\",\"width\":900,\"height\":500},{\"@type\":\"BreadcrumbList\",\"@id\":\"https:\\\/\\\/www.ovigilanteonline.com.br\\\/site\\\/2024\\\/05\\\/04\\\/fim-de-semana-mais-quente-com-temperaturas-acima-do-normal-para-esta-epoca-do-ano\\\/#breadcrumb\",\"itemListElement\":[{\"@type\":\"ListItem\",\"position\":1,\"name\":\"In\u00edcio\",\"item\":\"https:\\\/\\\/www.ovigilanteonline.com.br\\\/site\\\/\"},{\"@type\":\"ListItem\",\"position\":2,\"name\":\"Fim de semana mais quente com temperaturas acima do normal para esta \u00e9poca do ano\"}]},{\"@type\":\"WebSite\",\"@id\":\"https:\\\/\\\/www.ovigilanteonline.com.br\\\/site\\\/#website\",\"url\":\"https:\\\/\\\/www.ovigilanteonline.com.br\\\/site\\\/\",\"name\":\"O VIGILANTE ONLINE - Not\u00edcias de Leopoldina e regi\u00e3o\",\"description\":\"\",\"potentialAction\":[{\"@type\":\"SearchAction\",\"target\":{\"@type\":\"EntryPoint\",\"urlTemplate\":\"https:\\\/\\\/www.ovigilanteonline.com.br\\\/site\\\/?s={search_term_string}\"},\"query-input\":{\"@type\":\"PropertyValueSpecification\",\"valueRequired\":true,\"valueName\":\"search_term_string\"}}],\"inLanguage\":\"pt-BR\"},{\"@type\":\"Person\",\"@id\":\"https:\\\/\\\/www.ovigilanteonline.com.br\\\/site\\\/#\\\/schema\\\/person\\\/538fdfb33c0c411cd14a732e7cf14aa6\",\"name\":\"Jornalismo\"}]}<\/script>\n<!-- \/ Yoast SEO plugin. -->","yoast_head_json":{"title":"Fim de semana mais quente com temperaturas acima do normal para esta \u00e9poca do ano","description":"Com temperaturas mais altas, a rotina dom\u00e9stica de muita gente muda. Ar-condicionado e ventilador ligados por mais tempo, o abre e fecha da geladeira","robots":{"index":"index","follow":"follow","max-snippet":"max-snippet:-1","max-image-preview":"max-image-preview:large","max-video-preview":"max-video-preview:-1"},"canonical":"https:\/\/www.ovigilanteonline.com.br\/site\/2024\/05\/04\/fim-de-semana-mais-quente-com-temperaturas-acima-do-normal-para-esta-epoca-do-ano\/","og_locale":"pt_BR","og_type":"article","og_title":"Fim de semana mais quente com temperaturas acima do normal para esta \u00e9poca do ano","og_description":"Com temperaturas mais altas, a rotina dom\u00e9stica de muita gente muda. Ar-condicionado e ventilador ligados por mais tempo, o abre e fecha da geladeira","og_url":"https:\/\/www.ovigilanteonline.com.br\/site\/2024\/05\/04\/fim-de-semana-mais-quente-com-temperaturas-acima-do-normal-para-esta-epoca-do-ano\/","og_site_name":"O VIGILANTE ONLINE","article_publisher":"https:\/\/www.facebook.com\/ovigilanteonline","article_published_time":"2024-05-04T13:40:01+00:00","article_modified_time":"2024-05-04T13:40:06+00:00","og_image":[{"width":900,"height":500,"url":"https:\/\/www.ovigilanteonline.com.br\/site\/wp-content\/uploads\/2023\/04\/CIDADE-LEOPOLDINA-TEMPO-3.jpg","type":"image\/jpeg"}],"author":"Jornalismo","twitter_card":"summary_large_image","twitter_misc":{"Escrito por":"Jornalismo","Est. tempo de leitura":"3 minutos"},"schema":{"@context":"https:\/\/schema.org","@graph":[{"@type":"Article","@id":"https:\/\/www.ovigilanteonline.com.br\/site\/2024\/05\/04\/fim-de-semana-mais-quente-com-temperaturas-acima-do-normal-para-esta-epoca-do-ano\/#article","isPartOf":{"@id":"https:\/\/www.ovigilanteonline.com.br\/site\/2024\/05\/04\/fim-de-semana-mais-quente-com-temperaturas-acima-do-normal-para-esta-epoca-do-ano\/"},"author":{"name":"Jornalismo","@id":"https:\/\/www.ovigilanteonline.com.br\/site\/#\/schema\/person\/538fdfb33c0c411cd14a732e7cf14aa6"},"headline":"Fim de semana mais quente com temperaturas acima do normal para esta \u00e9poca do ano","datePublished":"2024-05-04T13:40:01+00:00","dateModified":"2024-05-04T13:40:06+00:00","mainEntityOfPage":{"@id":"https:\/\/www.ovigilanteonline.com.br\/site\/2024\/05\/04\/fim-de-semana-mais-quente-com-temperaturas-acima-do-normal-para-esta-epoca-do-ano\/"},"wordCount":418,"commentCount":0,"image":{"@id":"https:\/\/www.ovigilanteonline.com.br\/site\/2024\/05\/04\/fim-de-semana-mais-quente-com-temperaturas-acima-do-normal-para-esta-epoca-do-ano\/#primaryimage"},"thumbnailUrl":"https:\/\/www.ovigilanteonline.com.br\/site\/wp-content\/uploads\/2023\/04\/CIDADE-LEOPOLDINA-TEMPO-3.jpg","keywords":["calor intenso","dicas energisa","energisa"],"articleSection":["Destaque","\u00daltimas Not\u00edcias"],"inLanguage":"pt-BR","potentialAction":[{"@type":"CommentAction","name":"Comment","target":["https:\/\/www.ovigilanteonline.com.br\/site\/2024\/05\/04\/fim-de-semana-mais-quente-com-temperaturas-acima-do-normal-para-esta-epoca-do-ano\/#respond"]}]},{"@type":"WebPage","@id":"https:\/\/www.ovigilanteonline.com.br\/site\/2024\/05\/04\/fim-de-semana-mais-quente-com-temperaturas-acima-do-normal-para-esta-epoca-do-ano\/","url":"https:\/\/www.ovigilanteonline.com.br\/site\/2024\/05\/04\/fim-de-semana-mais-quente-com-temperaturas-acima-do-normal-para-esta-epoca-do-ano\/","name":"Fim de semana mais quente com temperaturas acima do normal para esta \u00e9poca do ano","isPartOf":{"@id":"https:\/\/www.ovigilanteonline.com.br\/site\/#website"},"primaryImageOfPage":{"@id":"https:\/\/www.ovigilanteonline.com.br\/site\/2024\/05\/04\/fim-de-semana-mais-quente-com-temperaturas-acima-do-normal-para-esta-epoca-do-ano\/#primaryimage"},"image":{"@id":"https:\/\/www.ovigilanteonline.com.br\/site\/2024\/05\/04\/fim-de-semana-mais-quente-com-temperaturas-acima-do-normal-para-esta-epoca-do-ano\/#primaryimage"},"thumbnailUrl":"https:\/\/www.ovigilanteonline.com.br\/site\/wp-content\/uploads\/2023\/04\/CIDADE-LEOPOLDINA-TEMPO-3.jpg","datePublished":"2024-05-04T13:40:01+00:00","dateModified":"2024-05-04T13:40:06+00:00","author":{"@id":"https:\/\/www.ovigilanteonline.com.br\/site\/#\/schema\/person\/538fdfb33c0c411cd14a732e7cf14aa6"},"description":"Com temperaturas mais altas, a rotina dom\u00e9stica de muita gente muda. Ar-condicionado e ventilador ligados por mais tempo, o abre e fecha da geladeira","breadcrumb":{"@id":"https:\/\/www.ovigilanteonline.com.br\/site\/2024\/05\/04\/fim-de-semana-mais-quente-com-temperaturas-acima-do-normal-para-esta-epoca-do-ano\/#breadcrumb"},"inLanguage":"pt-BR","potentialAction":[{"@type":"ReadAction","target":["https:\/\/www.ovigilanteonline.com.br\/site\/2024\/05\/04\/fim-de-semana-mais-quente-com-temperaturas-acima-do-normal-para-esta-epoca-do-ano\/"]}]},{"@type":"ImageObject","inLanguage":"pt-BR","@id":"https:\/\/www.ovigilanteonline.com.br\/site\/2024\/05\/04\/fim-de-semana-mais-quente-com-temperaturas-acima-do-normal-para-esta-epoca-do-ano\/#primaryimage","url":"https:\/\/www.ovigilanteonline.com.br\/site\/wp-content\/uploads\/2023\/04\/CIDADE-LEOPOLDINA-TEMPO-3.jpg","contentUrl":"https:\/\/www.ovigilanteonline.com.br\/site\/wp-content\/uploads\/2023\/04\/CIDADE-LEOPOLDINA-TEMPO-3.jpg","width":900,"height":500},{"@type":"BreadcrumbList","@id":"https:\/\/www.ovigilanteonline.com.br\/site\/2024\/05\/04\/fim-de-semana-mais-quente-com-temperaturas-acima-do-normal-para-esta-epoca-do-ano\/#breadcrumb","itemListElement":[{"@type":"ListItem","position":1,"name":"In\u00edcio","item":"https:\/\/www.ovigilanteonline.com.br\/site\/"},{"@type":"ListItem","position":2,"name":"Fim de semana mais quente com temperaturas acima do normal para esta \u00e9poca do ano"}]},{"@type":"WebSite","@id":"https:\/\/www.ovigilanteonline.com.br\/site\/#website","url":"https:\/\/www.ovigilanteonline.com.br\/site\/","name":"O VIGILANTE ONLINE - Not\u00edcias de Leopoldina e regi\u00e3o","description":"","potentialAction":[{"@type":"SearchAction","target":{"@type":"EntryPoint","urlTemplate":"https:\/\/www.ovigilanteonline.com.br\/site\/?s={search_term_string}"},"query-input":{"@type":"PropertyValueSpecification","valueRequired":true,"valueName":"search_term_string"}}],"inLanguage":"pt-BR"},{"@type":"Person","@id":"https:\/\/www.ovigilanteonline.com.br\/site\/#\/schema\/person\/538fdfb33c0c411cd14a732e7cf14aa6","name":"Jornalismo"}]}},"cc_featured_image_caption":{"caption_text":"Arquivo\/O Vigilante Online ","source_text":"","source_url":""},"_links":{"self":[{"href":"https:\/\/www.ovigilanteonline.com.br\/site\/wp-json\/wp\/v2\/posts\/432381","targetHints":{"allow":["GET"]}}],"collection":[{"href":"https:\/\/www.ovigilanteonline.com.br\/site\/wp-json\/wp\/v2\/posts"}],"about":[{"href":"https:\/\/www.ovigilanteonline.com.br\/site\/wp-json\/wp\/v2\/types\/post"}],"author":[{"embeddable":true,"href":"https:\/\/www.ovigilanteonline.com.br\/site\/wp-json\/wp\/v2\/users\/2"}],"replies":[{"embeddable":true,"href":"https:\/\/www.ovigilanteonline.com.br\/site\/wp-json\/wp\/v2\/comments?post=432381"}],"version-history":[{"count":0,"href":"https:\/\/www.ovigilanteonline.com.br\/site\/wp-json\/wp\/v2\/posts\/432381\/revisions"}],"wp:featuredmedia":[{"embeddable":true,"href":"https:\/\/www.ovigilanteonline.com.br\/site\/wp-json\/wp\/v2\/media\/421264"}],"wp:attachment":[{"href":"https:\/\/www.ovigilanteonline.com.br\/site\/wp-json\/wp\/v2\/media?parent=432381"}],"wp:term":[{"taxonomy":"category","embeddable":true,"href":"https:\/\/www.ovigilanteonline.com.br\/site\/wp-json\/wp\/v2\/categories?post=432381"},{"taxonomy":"post_tag","embeddable":true,"href":"https:\/\/www.ovigilanteonline.com.br\/site\/wp-json\/wp\/v2\/tags?post=432381"}],"curies":[{"name":"wp","href":"https:\/\/api.w.org\/{rel}","templated":true}]}}