{"id":430985,"date":"2024-03-08T18:15:50","date_gmt":"2024-03-08T21:15:50","guid":{"rendered":"https:\/\/www.ovigilanteonline.com.br\/site\/?p=430985"},"modified":"2024-03-08T18:15:54","modified_gmt":"2024-03-08T21:15:54","slug":"dia-internacional-da-mulher-a-celebracao-de-uma-luta-ininterrupta","status":"publish","type":"post","link":"https:\/\/www.ovigilanteonline.com.br\/site\/2024\/03\/08\/dia-internacional-da-mulher-a-celebracao-de-uma-luta-ininterrupta\/","title":{"rendered":"Dia Internacional da Mulher: a celebra\u00e7\u00e3o de uma luta ininterrupta"},"content":{"rendered":"\n<h3 class=\"wp-block-heading\"><em><strong>Energisa tem compromisso com a equidade de g\u00eanero, e um dos objetivos \u00e9 aumentar a presen\u00e7a das mulheres nos cargos t\u00e9cnicos e de lideran\u00e7a.<\/strong><\/em><\/h3>\n\n\n\n<p>O setor el\u00e9trico \u00e9 tradicionalmente associado a trabalhos exercidos majoritariamente por homens. Ao longo dos anos, a Energisa vem criando oportunidades e pol\u00edticas de treinamento espec\u00edficas para contar cada vez mais com a presen\u00e7a feminina em todos os setores da empresa.<\/p>\n\n\n\n<p>Hoje, o Grupo conta 3.234 mulheres em seu time, o que representa 19,3% do total de colaboradores, sendo 271 (21,5%) em cargos de lideran\u00e7a e centenas em atividades tradicionalmente consideradas masculinas, como eletricistas de distribui\u00e7\u00e3o, eletricistas de linhas de transmiss\u00e3o, t\u00e9cnicas de manuten\u00e7\u00e3o e l\u00edderes de equipes.<\/p>\n\n\n\n\n\n<p>Para marcar a data de hoje, ouvimos hist\u00f3rias de mulheres que se superaram, correram atr\u00e1s de seus sonhos, lutaram contra preconceitos e, hoje, desempenham pap\u00e9is fundamentais dentro da empresa. Um jeito de reafirmar o compromisso do Grupo com a for\u00e7a feminina, inspirar e incentivar outras colaboradoras a seguirem perseverando em seus prop\u00f3sitos de carreira.<\/p>\n\n\n\n<p>Ser mulher e coordenar equipes formadas majoritariamente por homens \u00e9 quebrar barreiras e preconceitos. Mariana Sacramento, da Energia Minas Rio,\u00a0 realiza essas fun\u00e7\u00f5es com leveza e extrema compet\u00eancia. Coordenadora de Manuten\u00e7\u00e3o de Subesta\u00e7\u00f5es de Linhas de Alta Tens\u00e3o, ela \u00e9 uma pot\u00eancia que inspira. Em 2022, na conting\u00eancia em Muria\u00e9, coordenou uma equipe de 40 profissionais e colaborou na reconstru\u00e7\u00e3o de tr\u00eas torres no munic\u00edpio. Recentemente, Mariana liderou um time de aproximadamente 100 homens para colocar em funcionamento a Subesta\u00e7\u00e3o Pirapetinga II, Barra do Bra\u00fana II e as linhas de distribui\u00e7\u00e3o de alta tens\u00e3o.<\/p>\n\n\n<div id=\"ovigi-1764603541\">\r\n<p class=\"has-text-align-center has-small-font-size\">continua depois da publicidade<\/p>\r\n\r\n\r\n\r\n<hr class=\"wp-block-separator has-alpha-channel-opacity is-style-wide\"\/>\r\n\r\n\r\n<center> \r\n<figure class=\"wp-block-image size-large\"><a href=\"https:\/\/www.instagram.com\/unimedleopoldina241\/\" target=\"_blank\" rel=\"noreferrer noopener\"><img decoding=\"async\" src=\"https:\/\/www.ovigilanteonline.com.br\/site\/wp-content\/uploads\/2026\/04\/UNIMED-NOVO.jpg\" alt=\"\" class=\"wp-image-395070\"\/><\/a><\/figure>\r\n<\/figure>\r\n<!-- \/wp:gallery --> <\/center>\r\n\r\n<!-- wp:separator {\"className\":\"is-style-wide\"} -->\r\n<hr class=\"wp-block-separator has-alpha-channel-opacity is-style-wide\"\/>\r\n<!-- \/wp:separator -->\r\n<\/div>\n\n\n<p>\u201cEncaro meu papel com muita naturalidade. Apesar de entender que ainda h\u00e1 mais homens que mulheres neste tipo de posi\u00e7\u00e3o, sempre soube que as mulheres s\u00e3o capazes. Recebi todo apoio aqui na Energisa para evoluir e desempenhar esse papel. Acredito que o meu exemplo aqui \u00e9 uma prova da nossa capacidade. E tamb\u00e9m serve de incentivo para que outras mulheres acreditem nos seus potenciais. Existe espa\u00e7o e vou adorar dividir experi\u00eancia e uma jornada de trabalho com mulheres cada vez mais talentosas aqui na Energisa.\u201d<\/p>\n\n\n\n<figure class=\"wp-block-image size-full\"><img loading=\"lazy\" decoding=\"async\" width=\"800\" height=\"549\" src=\"https:\/\/www.ovigilanteonline.com.br\/site\/wp-content\/uploads\/2024\/03\/image003-1.jpg\" alt=\"\" class=\"wp-image-430986\" srcset=\"https:\/\/www.ovigilanteonline.com.br\/site\/wp-content\/uploads\/2024\/03\/image003-1.jpg 800w, https:\/\/www.ovigilanteonline.com.br\/site\/wp-content\/uploads\/2024\/03\/image003-1-300x206.jpg 300w, https:\/\/www.ovigilanteonline.com.br\/site\/wp-content\/uploads\/2024\/03\/image003-1-768x527.jpg 768w, https:\/\/www.ovigilanteonline.com.br\/site\/wp-content\/uploads\/2024\/03\/image003-1-600x412.jpg 600w\" sizes=\"auto, (max-width: 800px) 100vw, 800px\" \/><figcaption class=\"wp-element-caption\"><em>Mariana com parte da equipe na Subesta\u00e7\u00e3o de Pirapetinga.<\/em><br><\/figcaption><\/figure>\n\n\n\n<p>Marinalva Leal de Aguiar, supervisora de Campo, de Al\u00e9m Para\u00edba, tamb\u00e9m \u00e9 uma pot\u00eancia. Com 13 anos de empresa, atualmente ela coordena uma equipe de 21 eletricistas. \u00c9 a primeira supervisora de campo da distribuidora. E com toda sua compet\u00eancia, ela mostra que \u201cpodemos estar onde quisermos. Trabalho com paix\u00e3o, dedica\u00e7\u00e3o, responsabilidade e seguran\u00e7a, inclusive pela vida de outras pessoas. E em uma empresa que respeita e reconhece os profissionais, independente do g\u00eanero. N\u00f3s mulheres somos fr\u00e1geis, mas fortes e corajosas, que lutam diariamente pela igualdade sem deixar nos abater\u201d.<\/p>\n\n\n\n<hr class=\"wp-block-separator has-alpha-channel-opacity is-style-wide\"\/>\n\n\n<div class=\"ultp-not-found-message\" role=\"alert\">No Post Found<\/div>\n\n\n<hr class=\"wp-block-separator has-alpha-channel-opacity is-style-wide\"\/>\n\n\n<div  class=\"ultp-post-grid-block wp-block-ultimate-post-post-grid-1 ultp-block-350ff4\"><div class=\"ultp-block-wrapper\"><div class=\"ultp-loading\"><div class=\"ultp-loading-blocks\" style=\"width:100%;height:100%;\"><div style=\"left: 0;top: 0;animation-delay:0s;\"><\/div><div style=\"left: 21px;top: 0;animation-delay:0.125s;\"><\/div><div style=\"left: 42px;top: 0;animation-delay:0.25s;\"><\/div><div style=\"left: 0;top: 21px;animation-delay:0.875s;\"><\/div><div style=\"left: 42px;top: 21px;animation-delay:0.375s;\"><\/div><div style=\"left: 0;top: 42px;animation-delay:0.75s;\"><\/div><div style=\"left: 42px;top: 42px;animation-delay:0.625s;\"><\/div><div style=\"left: 21px;top: 42px;animation-delay:0.5s;\"><\/div><\/div><\/div><div class=\"ultp-heading-filter\"><div class=\"ultp-heading-filter-in\"><div class=\"ultp-heading-wrap ultp-heading-style1 ultp-heading-left\"><h2 class=\"ultp-heading-inner\"><span>Recentes mais lidas<\/span><\/h2><\/div><\/div><\/div><div class=\"ultp-block-items-wrap ultp-block-row ultp-pg1a-style1 ultp-grid1-responsive ultp-block-column-2 1 ultp-xs-column-1 ultp-layout1\"><div class=\"ultp-block-item post-id-452295\"><div class=\"ultp-block-content-wrap\"><div class=\"ultp-block-image ultp-block-image-opacity\"><a href=\"https:\/\/www.ovigilanteonline.com.br\/site\/2026\/04\/29\/atleta-leopoldinense-de-9-anos-conquista-vice-campeonato-europeu-de-jiu-jitsu-na-irlanda\/\" ><img decoding=\"async\"  class=\"ultp-block-image-content\"  alt=\"Atleta leopoldinense de 9 anos conquista vice-campeonato europeu de Jiu-Jitsu na Irlanda\"  src=\"https:\/\/www.ovigilanteonline.com.br\/site\/wp-content\/uploads\/2026\/04\/WhatsApp-Image-2026-04-29-at-15.03.33.jpeg\" \/><\/a><\/div><div class=\"ultp-block-content\"><h3 class=\"ultp-block-title \"><a href=\"https:\/\/www.ovigilanteonline.com.br\/site\/2026\/04\/29\/atleta-leopoldinense-de-9-anos-conquista-vice-campeonato-europeu-de-jiu-jitsu-na-irlanda\/\" >Atleta leopoldinense de 9 anos conquista vice-campeonato europeu de Jiu-Jitsu na Irlanda<\/a><\/h3><\/div><\/div><\/div><div class=\"ultp-block-item post-id-452260\"><div class=\"ultp-block-content-wrap\"><div class=\"ultp-block-image ultp-block-image-opacity\"><a href=\"https:\/\/www.ovigilanteonline.com.br\/site\/2026\/04\/28\/carro-na-contramao-provoca-acidente-com-motociclista-proximo-ao-hospital-de-leopoldina\/\" ><img decoding=\"async\"  class=\"ultp-block-image-content\"  alt=\"Carro na contram\u00e3o provoca acidente com motociclista pr\u00f3ximo ao Hospital de Leopoldina\"  src=\"https:\/\/www.ovigilanteonline.com.br\/site\/wp-content\/uploads\/2026\/04\/WhatsApp-Image-2026-04-28-at-08.57.07-870x570.jpeg\" \/><\/a><\/div><div class=\"ultp-block-content\"><h3 class=\"ultp-block-title \"><a href=\"https:\/\/www.ovigilanteonline.com.br\/site\/2026\/04\/28\/carro-na-contramao-provoca-acidente-com-motociclista-proximo-ao-hospital-de-leopoldina\/\" >Carro na contram\u00e3o provoca acidente com motociclista pr\u00f3ximo ao Hospital de Leopoldina<\/a><\/h3><\/div><\/div><\/div><\/div><\/div><div class=\"pagination-block-html\" aria-hidden=\"true\" style=\"display: none;\"><\/div><\/div>","protected":false},"excerpt":{"rendered":"<p>Energisa tem compromisso com a equidade de g\u00eanero, e um dos objetivos \u00e9 aumentar a presen\u00e7a das mulheres nos cargos t\u00e9cnicos e de lideran\u00e7a. O setor el\u00e9trico \u00e9 tradicionalmente associado a trabalhos exercidos majoritariamente por homens. Ao longo dos anos, a Energisa vem criando oportunidades e pol\u00edticas de treinamento espec\u00edficas para contar cada vez mais [&hellip;]<\/p>\n","protected":false},"author":2,"featured_media":430987,"comment_status":"open","ping_status":"closed","sticky":false,"template":"","format":"standard","meta":{"footnotes":""},"categories":[1,26],"tags":[],"class_list":["post-430985","post","type-post","status-publish","format-standard","has-post-thumbnail","hentry","category-destaque","category-ultimas-noticias"],"yoast_head":"<!-- This site is optimized with the Yoast SEO plugin v27.4 - https:\/\/yoast.com\/product\/yoast-seo-wordpress\/ -->\n<title>Dia Internacional da Mulher: a celebra\u00e7\u00e3o de uma luta ininterrupta<\/title>\n<meta name=\"robots\" content=\"index, follow, max-snippet:-1, max-image-preview:large, max-video-preview:-1\" \/>\n<link rel=\"canonical\" href=\"https:\/\/www.ovigilanteonline.com.br\/site\/2024\/03\/08\/dia-internacional-da-mulher-a-celebracao-de-uma-luta-ininterrupta\/\" \/>\n<meta property=\"og:locale\" content=\"pt_BR\" \/>\n<meta property=\"og:type\" content=\"article\" \/>\n<meta property=\"og:title\" content=\"Dia Internacional da Mulher: a celebra\u00e7\u00e3o de uma luta ininterrupta\" \/>\n<meta property=\"og:description\" content=\"Energisa tem compromisso com a equidade de g\u00eanero, e um dos objetivos \u00e9 aumentar a presen\u00e7a das mulheres nos cargos t\u00e9cnicos e de lideran\u00e7a. O setor el\u00e9trico \u00e9 tradicionalmente associado a trabalhos exercidos majoritariamente por homens. Ao longo dos anos, a Energisa vem criando oportunidades e pol\u00edticas de treinamento espec\u00edficas para contar cada vez mais [&hellip;]\" \/>\n<meta property=\"og:url\" content=\"https:\/\/www.ovigilanteonline.com.br\/site\/2024\/03\/08\/dia-internacional-da-mulher-a-celebracao-de-uma-luta-ininterrupta\/\" \/>\n<meta property=\"og:site_name\" content=\"O VIGILANTE ONLINE\" \/>\n<meta property=\"article:publisher\" content=\"https:\/\/www.facebook.com\/ovigilanteonline\" \/>\n<meta property=\"article:published_time\" content=\"2024-03-08T21:15:50+00:00\" \/>\n<meta property=\"article:modified_time\" content=\"2024-03-08T21:15:54+00:00\" \/>\n<meta property=\"og:image\" content=\"https:\/\/www.ovigilanteonline.com.br\/site\/wp-content\/uploads\/2024\/03\/image004-1.jpg\" \/>\n\t<meta property=\"og:image:width\" content=\"800\" \/>\n\t<meta property=\"og:image:height\" content=\"454\" \/>\n\t<meta property=\"og:image:type\" content=\"image\/jpeg\" \/>\n<meta name=\"author\" content=\"Jornalismo\" \/>\n<meta name=\"twitter:card\" content=\"summary_large_image\" \/>\n<meta name=\"twitter:label1\" content=\"Escrito por\" \/>\n\t<meta name=\"twitter:data1\" content=\"Jornalismo\" \/>\n\t<meta name=\"twitter:label2\" content=\"Est. tempo de leitura\" \/>\n\t<meta name=\"twitter:data2\" content=\"3 minutos\" \/>\n<script type=\"application\/ld+json\" class=\"yoast-schema-graph\">{\"@context\":\"https:\\\/\\\/schema.org\",\"@graph\":[{\"@type\":\"Article\",\"@id\":\"https:\\\/\\\/www.ovigilanteonline.com.br\\\/site\\\/2024\\\/03\\\/08\\\/dia-internacional-da-mulher-a-celebracao-de-uma-luta-ininterrupta\\\/#article\",\"isPartOf\":{\"@id\":\"https:\\\/\\\/www.ovigilanteonline.com.br\\\/site\\\/2024\\\/03\\\/08\\\/dia-internacional-da-mulher-a-celebracao-de-uma-luta-ininterrupta\\\/\"},\"author\":{\"name\":\"Jornalismo\",\"@id\":\"https:\\\/\\\/www.ovigilanteonline.com.br\\\/site\\\/#\\\/schema\\\/person\\\/538fdfb33c0c411cd14a732e7cf14aa6\"},\"headline\":\"Dia Internacional da Mulher: a celebra\u00e7\u00e3o de uma luta ininterrupta\",\"datePublished\":\"2024-03-08T21:15:50+00:00\",\"dateModified\":\"2024-03-08T21:15:54+00:00\",\"mainEntityOfPage\":{\"@id\":\"https:\\\/\\\/www.ovigilanteonline.com.br\\\/site\\\/2024\\\/03\\\/08\\\/dia-internacional-da-mulher-a-celebracao-de-uma-luta-ininterrupta\\\/\"},\"wordCount\":489,\"commentCount\":0,\"image\":{\"@id\":\"https:\\\/\\\/www.ovigilanteonline.com.br\\\/site\\\/2024\\\/03\\\/08\\\/dia-internacional-da-mulher-a-celebracao-de-uma-luta-ininterrupta\\\/#primaryimage\"},\"thumbnailUrl\":\"https:\\\/\\\/www.ovigilanteonline.com.br\\\/site\\\/wp-content\\\/uploads\\\/2024\\\/03\\\/image004-1.jpg\",\"articleSection\":[\"Destaque\",\"\u00daltimas Not\u00edcias\"],\"inLanguage\":\"pt-BR\",\"potentialAction\":[{\"@type\":\"CommentAction\",\"name\":\"Comment\",\"target\":[\"https:\\\/\\\/www.ovigilanteonline.com.br\\\/site\\\/2024\\\/03\\\/08\\\/dia-internacional-da-mulher-a-celebracao-de-uma-luta-ininterrupta\\\/#respond\"]}]},{\"@type\":\"WebPage\",\"@id\":\"https:\\\/\\\/www.ovigilanteonline.com.br\\\/site\\\/2024\\\/03\\\/08\\\/dia-internacional-da-mulher-a-celebracao-de-uma-luta-ininterrupta\\\/\",\"url\":\"https:\\\/\\\/www.ovigilanteonline.com.br\\\/site\\\/2024\\\/03\\\/08\\\/dia-internacional-da-mulher-a-celebracao-de-uma-luta-ininterrupta\\\/\",\"name\":\"Dia Internacional da Mulher: a celebra\u00e7\u00e3o de uma luta ininterrupta\",\"isPartOf\":{\"@id\":\"https:\\\/\\\/www.ovigilanteonline.com.br\\\/site\\\/#website\"},\"primaryImageOfPage\":{\"@id\":\"https:\\\/\\\/www.ovigilanteonline.com.br\\\/site\\\/2024\\\/03\\\/08\\\/dia-internacional-da-mulher-a-celebracao-de-uma-luta-ininterrupta\\\/#primaryimage\"},\"image\":{\"@id\":\"https:\\\/\\\/www.ovigilanteonline.com.br\\\/site\\\/2024\\\/03\\\/08\\\/dia-internacional-da-mulher-a-celebracao-de-uma-luta-ininterrupta\\\/#primaryimage\"},\"thumbnailUrl\":\"https:\\\/\\\/www.ovigilanteonline.com.br\\\/site\\\/wp-content\\\/uploads\\\/2024\\\/03\\\/image004-1.jpg\",\"datePublished\":\"2024-03-08T21:15:50+00:00\",\"dateModified\":\"2024-03-08T21:15:54+00:00\",\"author\":{\"@id\":\"https:\\\/\\\/www.ovigilanteonline.com.br\\\/site\\\/#\\\/schema\\\/person\\\/538fdfb33c0c411cd14a732e7cf14aa6\"},\"breadcrumb\":{\"@id\":\"https:\\\/\\\/www.ovigilanteonline.com.br\\\/site\\\/2024\\\/03\\\/08\\\/dia-internacional-da-mulher-a-celebracao-de-uma-luta-ininterrupta\\\/#breadcrumb\"},\"inLanguage\":\"pt-BR\",\"potentialAction\":[{\"@type\":\"ReadAction\",\"target\":[\"https:\\\/\\\/www.ovigilanteonline.com.br\\\/site\\\/2024\\\/03\\\/08\\\/dia-internacional-da-mulher-a-celebracao-de-uma-luta-ininterrupta\\\/\"]}]},{\"@type\":\"ImageObject\",\"inLanguage\":\"pt-BR\",\"@id\":\"https:\\\/\\\/www.ovigilanteonline.com.br\\\/site\\\/2024\\\/03\\\/08\\\/dia-internacional-da-mulher-a-celebracao-de-uma-luta-ininterrupta\\\/#primaryimage\",\"url\":\"https:\\\/\\\/www.ovigilanteonline.com.br\\\/site\\\/wp-content\\\/uploads\\\/2024\\\/03\\\/image004-1.jpg\",\"contentUrl\":\"https:\\\/\\\/www.ovigilanteonline.com.br\\\/site\\\/wp-content\\\/uploads\\\/2024\\\/03\\\/image004-1.jpg\",\"width\":800,\"height\":454},{\"@type\":\"BreadcrumbList\",\"@id\":\"https:\\\/\\\/www.ovigilanteonline.com.br\\\/site\\\/2024\\\/03\\\/08\\\/dia-internacional-da-mulher-a-celebracao-de-uma-luta-ininterrupta\\\/#breadcrumb\",\"itemListElement\":[{\"@type\":\"ListItem\",\"position\":1,\"name\":\"In\u00edcio\",\"item\":\"https:\\\/\\\/www.ovigilanteonline.com.br\\\/site\\\/\"},{\"@type\":\"ListItem\",\"position\":2,\"name\":\"Dia Internacional da Mulher: a celebra\u00e7\u00e3o de uma luta ininterrupta\"}]},{\"@type\":\"WebSite\",\"@id\":\"https:\\\/\\\/www.ovigilanteonline.com.br\\\/site\\\/#website\",\"url\":\"https:\\\/\\\/www.ovigilanteonline.com.br\\\/site\\\/\",\"name\":\"O VIGILANTE ONLINE - Not\u00edcias de Leopoldina e regi\u00e3o\",\"description\":\"\",\"potentialAction\":[{\"@type\":\"SearchAction\",\"target\":{\"@type\":\"EntryPoint\",\"urlTemplate\":\"https:\\\/\\\/www.ovigilanteonline.com.br\\\/site\\\/?s={search_term_string}\"},\"query-input\":{\"@type\":\"PropertyValueSpecification\",\"valueRequired\":true,\"valueName\":\"search_term_string\"}}],\"inLanguage\":\"pt-BR\"},{\"@type\":\"Person\",\"@id\":\"https:\\\/\\\/www.ovigilanteonline.com.br\\\/site\\\/#\\\/schema\\\/person\\\/538fdfb33c0c411cd14a732e7cf14aa6\",\"name\":\"Jornalismo\"}]}<\/script>\n<!-- \/ Yoast SEO plugin. -->","yoast_head_json":{"title":"Dia Internacional da Mulher: a celebra\u00e7\u00e3o de uma luta ininterrupta","robots":{"index":"index","follow":"follow","max-snippet":"max-snippet:-1","max-image-preview":"max-image-preview:large","max-video-preview":"max-video-preview:-1"},"canonical":"https:\/\/www.ovigilanteonline.com.br\/site\/2024\/03\/08\/dia-internacional-da-mulher-a-celebracao-de-uma-luta-ininterrupta\/","og_locale":"pt_BR","og_type":"article","og_title":"Dia Internacional da Mulher: a celebra\u00e7\u00e3o de uma luta ininterrupta","og_description":"Energisa tem compromisso com a equidade de g\u00eanero, e um dos objetivos \u00e9 aumentar a presen\u00e7a das mulheres nos cargos t\u00e9cnicos e de lideran\u00e7a. O setor el\u00e9trico \u00e9 tradicionalmente associado a trabalhos exercidos majoritariamente por homens. Ao longo dos anos, a Energisa vem criando oportunidades e pol\u00edticas de treinamento espec\u00edficas para contar cada vez mais [&hellip;]","og_url":"https:\/\/www.ovigilanteonline.com.br\/site\/2024\/03\/08\/dia-internacional-da-mulher-a-celebracao-de-uma-luta-ininterrupta\/","og_site_name":"O VIGILANTE ONLINE","article_publisher":"https:\/\/www.facebook.com\/ovigilanteonline","article_published_time":"2024-03-08T21:15:50+00:00","article_modified_time":"2024-03-08T21:15:54+00:00","og_image":[{"width":800,"height":454,"url":"https:\/\/www.ovigilanteonline.com.br\/site\/wp-content\/uploads\/2024\/03\/image004-1.jpg","type":"image\/jpeg"}],"author":"Jornalismo","twitter_card":"summary_large_image","twitter_misc":{"Escrito por":"Jornalismo","Est. tempo de leitura":"3 minutos"},"schema":{"@context":"https:\/\/schema.org","@graph":[{"@type":"Article","@id":"https:\/\/www.ovigilanteonline.com.br\/site\/2024\/03\/08\/dia-internacional-da-mulher-a-celebracao-de-uma-luta-ininterrupta\/#article","isPartOf":{"@id":"https:\/\/www.ovigilanteonline.com.br\/site\/2024\/03\/08\/dia-internacional-da-mulher-a-celebracao-de-uma-luta-ininterrupta\/"},"author":{"name":"Jornalismo","@id":"https:\/\/www.ovigilanteonline.com.br\/site\/#\/schema\/person\/538fdfb33c0c411cd14a732e7cf14aa6"},"headline":"Dia Internacional da Mulher: a celebra\u00e7\u00e3o de uma luta ininterrupta","datePublished":"2024-03-08T21:15:50+00:00","dateModified":"2024-03-08T21:15:54+00:00","mainEntityOfPage":{"@id":"https:\/\/www.ovigilanteonline.com.br\/site\/2024\/03\/08\/dia-internacional-da-mulher-a-celebracao-de-uma-luta-ininterrupta\/"},"wordCount":489,"commentCount":0,"image":{"@id":"https:\/\/www.ovigilanteonline.com.br\/site\/2024\/03\/08\/dia-internacional-da-mulher-a-celebracao-de-uma-luta-ininterrupta\/#primaryimage"},"thumbnailUrl":"https:\/\/www.ovigilanteonline.com.br\/site\/wp-content\/uploads\/2024\/03\/image004-1.jpg","articleSection":["Destaque","\u00daltimas Not\u00edcias"],"inLanguage":"pt-BR","potentialAction":[{"@type":"CommentAction","name":"Comment","target":["https:\/\/www.ovigilanteonline.com.br\/site\/2024\/03\/08\/dia-internacional-da-mulher-a-celebracao-de-uma-luta-ininterrupta\/#respond"]}]},{"@type":"WebPage","@id":"https:\/\/www.ovigilanteonline.com.br\/site\/2024\/03\/08\/dia-internacional-da-mulher-a-celebracao-de-uma-luta-ininterrupta\/","url":"https:\/\/www.ovigilanteonline.com.br\/site\/2024\/03\/08\/dia-internacional-da-mulher-a-celebracao-de-uma-luta-ininterrupta\/","name":"Dia Internacional da Mulher: a celebra\u00e7\u00e3o de uma luta ininterrupta","isPartOf":{"@id":"https:\/\/www.ovigilanteonline.com.br\/site\/#website"},"primaryImageOfPage":{"@id":"https:\/\/www.ovigilanteonline.com.br\/site\/2024\/03\/08\/dia-internacional-da-mulher-a-celebracao-de-uma-luta-ininterrupta\/#primaryimage"},"image":{"@id":"https:\/\/www.ovigilanteonline.com.br\/site\/2024\/03\/08\/dia-internacional-da-mulher-a-celebracao-de-uma-luta-ininterrupta\/#primaryimage"},"thumbnailUrl":"https:\/\/www.ovigilanteonline.com.br\/site\/wp-content\/uploads\/2024\/03\/image004-1.jpg","datePublished":"2024-03-08T21:15:50+00:00","dateModified":"2024-03-08T21:15:54+00:00","author":{"@id":"https:\/\/www.ovigilanteonline.com.br\/site\/#\/schema\/person\/538fdfb33c0c411cd14a732e7cf14aa6"},"breadcrumb":{"@id":"https:\/\/www.ovigilanteonline.com.br\/site\/2024\/03\/08\/dia-internacional-da-mulher-a-celebracao-de-uma-luta-ininterrupta\/#breadcrumb"},"inLanguage":"pt-BR","potentialAction":[{"@type":"ReadAction","target":["https:\/\/www.ovigilanteonline.com.br\/site\/2024\/03\/08\/dia-internacional-da-mulher-a-celebracao-de-uma-luta-ininterrupta\/"]}]},{"@type":"ImageObject","inLanguage":"pt-BR","@id":"https:\/\/www.ovigilanteonline.com.br\/site\/2024\/03\/08\/dia-internacional-da-mulher-a-celebracao-de-uma-luta-ininterrupta\/#primaryimage","url":"https:\/\/www.ovigilanteonline.com.br\/site\/wp-content\/uploads\/2024\/03\/image004-1.jpg","contentUrl":"https:\/\/www.ovigilanteonline.com.br\/site\/wp-content\/uploads\/2024\/03\/image004-1.jpg","width":800,"height":454},{"@type":"BreadcrumbList","@id":"https:\/\/www.ovigilanteonline.com.br\/site\/2024\/03\/08\/dia-internacional-da-mulher-a-celebracao-de-uma-luta-ininterrupta\/#breadcrumb","itemListElement":[{"@type":"ListItem","position":1,"name":"In\u00edcio","item":"https:\/\/www.ovigilanteonline.com.br\/site\/"},{"@type":"ListItem","position":2,"name":"Dia Internacional da Mulher: a celebra\u00e7\u00e3o de uma luta ininterrupta"}]},{"@type":"WebSite","@id":"https:\/\/www.ovigilanteonline.com.br\/site\/#website","url":"https:\/\/www.ovigilanteonline.com.br\/site\/","name":"O VIGILANTE ONLINE - Not\u00edcias de Leopoldina e regi\u00e3o","description":"","potentialAction":[{"@type":"SearchAction","target":{"@type":"EntryPoint","urlTemplate":"https:\/\/www.ovigilanteonline.com.br\/site\/?s={search_term_string}"},"query-input":{"@type":"PropertyValueSpecification","valueRequired":true,"valueName":"search_term_string"}}],"inLanguage":"pt-BR"},{"@type":"Person","@id":"https:\/\/www.ovigilanteonline.com.br\/site\/#\/schema\/person\/538fdfb33c0c411cd14a732e7cf14aa6","name":"Jornalismo"}]}},"cc_featured_image_caption":{"caption_text":"Marinalva com uma das duplas de eletricistas.\r\n\r\n","source_text":"","source_url":""},"_links":{"self":[{"href":"https:\/\/www.ovigilanteonline.com.br\/site\/wp-json\/wp\/v2\/posts\/430985","targetHints":{"allow":["GET"]}}],"collection":[{"href":"https:\/\/www.ovigilanteonline.com.br\/site\/wp-json\/wp\/v2\/posts"}],"about":[{"href":"https:\/\/www.ovigilanteonline.com.br\/site\/wp-json\/wp\/v2\/types\/post"}],"author":[{"embeddable":true,"href":"https:\/\/www.ovigilanteonline.com.br\/site\/wp-json\/wp\/v2\/users\/2"}],"replies":[{"embeddable":true,"href":"https:\/\/www.ovigilanteonline.com.br\/site\/wp-json\/wp\/v2\/comments?post=430985"}],"version-history":[{"count":0,"href":"https:\/\/www.ovigilanteonline.com.br\/site\/wp-json\/wp\/v2\/posts\/430985\/revisions"}],"wp:featuredmedia":[{"embeddable":true,"href":"https:\/\/www.ovigilanteonline.com.br\/site\/wp-json\/wp\/v2\/media\/430987"}],"wp:attachment":[{"href":"https:\/\/www.ovigilanteonline.com.br\/site\/wp-json\/wp\/v2\/media?parent=430985"}],"wp:term":[{"taxonomy":"category","embeddable":true,"href":"https:\/\/www.ovigilanteonline.com.br\/site\/wp-json\/wp\/v2\/categories?post=430985"},{"taxonomy":"post_tag","embeddable":true,"href":"https:\/\/www.ovigilanteonline.com.br\/site\/wp-json\/wp\/v2\/tags?post=430985"}],"curies":[{"name":"wp","href":"https:\/\/api.w.org\/{rel}","templated":true}]}}