{"id":429925,"date":"2024-01-26T09:37:15","date_gmt":"2024-01-26T12:37:15","guid":{"rendered":"https:\/\/www.ovigilanteonline.com.br\/site\/?p=429925"},"modified":"2024-01-26T09:37:25","modified_gmt":"2024-01-26T12:37:25","slug":"ultimo-final-de-semana-de-janeiro-sera-marcado-por-tempo-chuvoso-em-leopoldina-e-regiao","status":"publish","type":"post","link":"https:\/\/www.ovigilanteonline.com.br\/site\/2024\/01\/26\/ultimo-final-de-semana-de-janeiro-sera-marcado-por-tempo-chuvoso-em-leopoldina-e-regiao\/","title":{"rendered":"\u00daltimo final de semana de janeiro ser\u00e1 marcado por tempo chuvoso em Leopoldina e regi\u00e3o"},"content":{"rendered":"\n<p>O \u00faltimo fim de semana de janeiro vai ser de tempo chuvoso em Leopoldina e regi\u00e3o. A previs\u00e3o \u00e9 de tempo nublado com chuvas a partir da tarde.<\/p>\n\n\n\n<p>De acordo com o Clima Tempo, a previs\u00e3o de tempo para esta sexta-feira, 26 de janeiro, \u00e9 de Sol com muitas nuvens, com pancadas de chuva \u00e0 tarde e \u00e0 noite.<\/p>\n\n\n\n\n\n<p>Em rela\u00e7\u00e3o \u00e0s temperaturas, a expectativa \u00e9 que nenhuma m\u00e1xima atinja os 30\u00baC durante o fim de semana. De acordo com o Climatempo, o \u00edndice \u00e9 entre 20\u00baC e 29\u00baC.<\/p>\n\n\n\n<p><strong>Confira:<\/strong><\/p>\n\n\n\n<figure class=\"wp-block-image size-full\"><img loading=\"lazy\" decoding=\"async\" width=\"656\" height=\"597\" src=\"https:\/\/www.ovigilanteonline.com.br\/site\/wp-content\/uploads\/2024\/01\/435345-jpg.webp\" alt=\"\" class=\"wp-image-429926\" srcset=\"https:\/\/www.ovigilanteonline.com.br\/site\/wp-content\/uploads\/2024\/01\/435345-jpg.webp 656w, https:\/\/www.ovigilanteonline.com.br\/site\/wp-content\/uploads\/2024\/01\/435345-300x273.webp 300w, https:\/\/www.ovigilanteonline.com.br\/site\/wp-content\/uploads\/2024\/01\/435345-600x546.webp 600w\" sizes=\"auto, (max-width: 656px) 100vw, 656px\" \/><\/figure>\n\n\n\n<p><strong><em>Jornal O Vigilante Online<\/em><\/strong><\/p>\n\n\n<div id=\"ovigi-1351567880\">\r\n<p class=\"has-text-align-center has-small-font-size\">continua depois da publicidade<\/p>\r\n\r\n\r\n\r\n<hr class=\"wp-block-separator has-alpha-channel-opacity is-style-wide\"\/>\r\n\r\n\r\n<center> \r\n<figure class=\"wp-block-image size-large\"><a href=\"https:\/\/www.instagram.com\/unimedleopoldina241\/\" target=\"_blank\" rel=\"noreferrer noopener\"><img decoding=\"async\" src=\"https:\/\/www.ovigilanteonline.com.br\/site\/wp-content\/uploads\/2026\/04\/UNIMED-NOVO.jpg\" alt=\"\" class=\"wp-image-395070\"\/><\/a><\/figure>\r\n<\/figure>\r\n<!-- \/wp:gallery --> <\/center>\r\n\r\n<!-- wp:separator {\"className\":\"is-style-wide\"} -->\r\n<hr class=\"wp-block-separator has-alpha-channel-opacity is-style-wide\"\/>\r\n<!-- \/wp:separator -->\r\n<\/div>\n\n\n<hr class=\"wp-block-separator has-alpha-channel-opacity is-style-wide\"\/>\n\n\n\n<h4 class=\"wp-block-heading\">\ud83d\udcf1 Acompanhe o jornal <strong>O Vigilante Online<\/strong> no <a href=\"https:\/\/www.facebook.com\/ovigilanteonline\/\" target=\"_blank\" rel=\"noreferrer noopener\">Facebook<\/a> e <a href=\"https:\/\/www.instagram.com\/ovigilanteonline\/\" target=\"_blank\" rel=\"noreferrer noopener\">Instagram<\/a><\/h4>\n\n\n\n<hr class=\"wp-block-separator has-alpha-channel-opacity is-style-wide\"\/>\n\n\n<div id=\"ovigi-408982493\"><a href=\"https:\/\/www.instagram.com\/cartosolarmg\/\" target=\"_blank\" aria-label=\"carto solar\"><img loading=\"lazy\" decoding=\"async\" src=\"https:\/\/www.ovigilanteonline.com.br\/site\/wp-content\/uploads\/2023\/05\/carto-solar-2-jpg.webp\" alt=\"\"  srcset=\"https:\/\/www.ovigilanteonline.com.br\/site\/wp-content\/uploads\/2023\/05\/carto-solar-2-jpg.webp 900w, https:\/\/www.ovigilanteonline.com.br\/site\/wp-content\/uploads\/2023\/05\/carto-solar-2-300x121.webp 300w, https:\/\/www.ovigilanteonline.com.br\/site\/wp-content\/uploads\/2023\/05\/carto-solar-2-768x311.webp 768w, https:\/\/www.ovigilanteonline.com.br\/site\/wp-content\/uploads\/2023\/05\/carto-solar-2-600x243.webp 600w\" sizes=\"auto, (max-width: 900px) 100vw, 900px\" width=\"900\" height=\"364\"   \/><\/a><\/div>\n\n\n<hr class=\"wp-block-separator has-alpha-channel-opacity is-style-wide\"\/>\n\n\n<div  class=\"ultp-post-grid-block wp-block-ultimate-post-post-grid-1 ultp-block-c7c897\"><div class=\"ultp-block-wrapper\"><div class=\"ultp-loading\"><div class=\"ultp-loading-blocks\" style=\"width:100%;height:100%;\"><div style=\"left: 0;top: 0;animation-delay:0s;\"><\/div><div style=\"left: 21px;top: 0;animation-delay:0.125s;\"><\/div><div style=\"left: 42px;top: 0;animation-delay:0.25s;\"><\/div><div style=\"left: 0;top: 21px;animation-delay:0.875s;\"><\/div><div style=\"left: 42px;top: 21px;animation-delay:0.375s;\"><\/div><div style=\"left: 0;top: 42px;animation-delay:0.75s;\"><\/div><div style=\"left: 42px;top: 42px;animation-delay:0.625s;\"><\/div><div style=\"left: 21px;top: 42px;animation-delay:0.5s;\"><\/div><\/div><\/div><div class=\"ultp-heading-filter\"><div class=\"ultp-heading-filter-in\"><div class=\"ultp-heading-wrap ultp-heading-style1 ultp-heading-left\"><h2 class=\"ultp-heading-inner\"><span>Recentes mais lidas<\/span><\/h2><\/div><\/div><\/div><div class=\"ultp-block-items-wrap ultp-block-row ultp-pg1a-style1 ultp-grid1-responsive ultp-block-column-2 1 ultp-xs-column-1 ultp-layout1\"><div class=\"ultp-block-item post-id-452295\"><div class=\"ultp-block-content-wrap\"><div class=\"ultp-block-image ultp-block-image-opacity\"><a href=\"https:\/\/www.ovigilanteonline.com.br\/site\/2026\/04\/29\/atleta-leopoldinense-de-9-anos-conquista-vice-campeonato-europeu-de-jiu-jitsu-na-irlanda\/\" ><img decoding=\"async\"  class=\"ultp-block-image-content\"  alt=\"Atleta leopoldinense de 9 anos conquista vice-campeonato europeu de Jiu-Jitsu na Irlanda\"  src=\"https:\/\/www.ovigilanteonline.com.br\/site\/wp-content\/uploads\/2026\/04\/WhatsApp-Image-2026-04-29-at-15.03.33.jpeg\" \/><\/a><\/div><div class=\"ultp-block-content\"><h3 class=\"ultp-block-title \"><a href=\"https:\/\/www.ovigilanteonline.com.br\/site\/2026\/04\/29\/atleta-leopoldinense-de-9-anos-conquista-vice-campeonato-europeu-de-jiu-jitsu-na-irlanda\/\" >Atleta leopoldinense de 9 anos conquista vice-campeonato europeu de Jiu-Jitsu na Irlanda<\/a><\/h3><\/div><\/div><\/div><div class=\"ultp-block-item post-id-452260\"><div class=\"ultp-block-content-wrap\"><div class=\"ultp-block-image ultp-block-image-opacity\"><a href=\"https:\/\/www.ovigilanteonline.com.br\/site\/2026\/04\/28\/carro-na-contramao-provoca-acidente-com-motociclista-proximo-ao-hospital-de-leopoldina\/\" ><img decoding=\"async\"  class=\"ultp-block-image-content\"  alt=\"Carro na contram\u00e3o provoca acidente com motociclista pr\u00f3ximo ao Hospital de Leopoldina\"  src=\"https:\/\/www.ovigilanteonline.com.br\/site\/wp-content\/uploads\/2026\/04\/WhatsApp-Image-2026-04-28-at-08.57.07-870x570.jpeg\" \/><\/a><\/div><div class=\"ultp-block-content\"><h3 class=\"ultp-block-title \"><a href=\"https:\/\/www.ovigilanteonline.com.br\/site\/2026\/04\/28\/carro-na-contramao-provoca-acidente-com-motociclista-proximo-ao-hospital-de-leopoldina\/\" >Carro na contram\u00e3o provoca acidente com motociclista pr\u00f3ximo ao Hospital de Leopoldina<\/a><\/h3><\/div><\/div><\/div><\/div><\/div><div class=\"pagination-block-html\" aria-hidden=\"true\" style=\"display: none;\"><\/div><\/div>\n\n\n<hr class=\"wp-block-separator has-alpha-channel-opacity is-style-wide\"\/>\n\n\n<div style=\"margin-left: auto; margin-right: auto; text-align: center; \" id=\"ovigi-1138917251\"><a href=\"https:\/\/linktr.ee\/gr8isgreat\" target=\"_blank\" aria-label=\"GR801\"><img loading=\"lazy\" decoding=\"async\" src=\"https:\/\/www.ovigilanteonline.com.br\/site\/wp-content\/uploads\/2022\/10\/GR801.png\" alt=\"\"  srcset=\"https:\/\/www.ovigilanteonline.com.br\/site\/wp-content\/uploads\/2022\/10\/GR801.png 950w, https:\/\/www.ovigilanteonline.com.br\/site\/wp-content\/uploads\/2022\/10\/GR801-300x102.png 300w, https:\/\/www.ovigilanteonline.com.br\/site\/wp-content\/uploads\/2022\/10\/GR801-768x262.png 768w\" sizes=\"auto, (max-width: 950px) 100vw, 950px\" width=\"950\" height=\"324\"  style=\"display: inline-block;\" \/><\/a><\/div>\n\n\n<hr class=\"wp-block-separator has-alpha-channel-opacity is-style-wide\"\/>\n","protected":false},"excerpt":{"rendered":"<p>O \u00faltimo fim de semana de janeiro vai ser de tempo chuvoso em Leopoldina e regi\u00e3o. A previs\u00e3o \u00e9 de tempo nublado com chuvas a partir da tarde. De acordo com o Clima Tempo, a previs\u00e3o de tempo para esta sexta-feira, 26 de janeiro, \u00e9 de Sol com muitas nuvens, com pancadas de chuva \u00e0 [&hellip;]<\/p>\n","protected":false},"author":2,"featured_media":413266,"comment_status":"open","ping_status":"closed","sticky":false,"template":"","format":"standard","meta":{"footnotes":""},"categories":[1,26],"tags":[],"class_list":["post-429925","post","type-post","status-publish","format-standard","has-post-thumbnail","hentry","category-destaque","category-ultimas-noticias"],"yoast_head":"<!-- This site is optimized with the Yoast SEO plugin v27.4 - https:\/\/yoast.com\/product\/yoast-seo-wordpress\/ -->\n<title>\u00daltimo final de semana de janeiro ser\u00e1 marcado por tempo chuvoso em Leopoldina e regi\u00e3o<\/title>\n<meta name=\"robots\" content=\"index, follow, max-snippet:-1, max-image-preview:large, max-video-preview:-1\" \/>\n<link rel=\"canonical\" href=\"https:\/\/www.ovigilanteonline.com.br\/site\/2024\/01\/26\/ultimo-final-de-semana-de-janeiro-sera-marcado-por-tempo-chuvoso-em-leopoldina-e-regiao\/\" \/>\n<meta property=\"og:locale\" content=\"pt_BR\" \/>\n<meta property=\"og:type\" content=\"article\" \/>\n<meta property=\"og:title\" content=\"\u00daltimo final de semana de janeiro ser\u00e1 marcado por tempo chuvoso em Leopoldina e regi\u00e3o\" \/>\n<meta property=\"og:description\" content=\"O \u00faltimo fim de semana de janeiro vai ser de tempo chuvoso em Leopoldina e regi\u00e3o. A previs\u00e3o \u00e9 de tempo nublado com chuvas a partir da tarde. De acordo com o Clima Tempo, a previs\u00e3o de tempo para esta sexta-feira, 26 de janeiro, \u00e9 de Sol com muitas nuvens, com pancadas de chuva \u00e0 [&hellip;]\" \/>\n<meta property=\"og:url\" content=\"https:\/\/www.ovigilanteonline.com.br\/site\/2024\/01\/26\/ultimo-final-de-semana-de-janeiro-sera-marcado-por-tempo-chuvoso-em-leopoldina-e-regiao\/\" \/>\n<meta property=\"og:site_name\" content=\"O VIGILANTE ONLINE\" \/>\n<meta property=\"article:publisher\" content=\"https:\/\/www.facebook.com\/ovigilanteonline\" \/>\n<meta property=\"article:published_time\" content=\"2024-01-26T12:37:15+00:00\" \/>\n<meta property=\"article:modified_time\" content=\"2024-01-26T12:37:25+00:00\" \/>\n<meta property=\"og:image\" content=\"https:\/\/www.ovigilanteonline.com.br\/site\/wp-content\/uploads\/2022\/11\/CIDADE-LEOPOLDINA-TEMPO-25.jpg\" \/>\n\t<meta property=\"og:image:width\" content=\"900\" \/>\n\t<meta property=\"og:image:height\" content=\"479\" \/>\n\t<meta property=\"og:image:type\" content=\"image\/jpeg\" \/>\n<meta name=\"author\" content=\"Jornalismo\" \/>\n<meta name=\"twitter:card\" content=\"summary_large_image\" \/>\n<meta name=\"twitter:label1\" content=\"Escrito por\" \/>\n\t<meta name=\"twitter:data1\" content=\"Jornalismo\" \/>\n\t<meta name=\"twitter:label2\" content=\"Est. tempo de leitura\" \/>\n\t<meta name=\"twitter:data2\" content=\"1 minuto\" \/>\n<script type=\"application\/ld+json\" class=\"yoast-schema-graph\">{\"@context\":\"https:\\\/\\\/schema.org\",\"@graph\":[{\"@type\":\"Article\",\"@id\":\"https:\\\/\\\/www.ovigilanteonline.com.br\\\/site\\\/2024\\\/01\\\/26\\\/ultimo-final-de-semana-de-janeiro-sera-marcado-por-tempo-chuvoso-em-leopoldina-e-regiao\\\/#article\",\"isPartOf\":{\"@id\":\"https:\\\/\\\/www.ovigilanteonline.com.br\\\/site\\\/2024\\\/01\\\/26\\\/ultimo-final-de-semana-de-janeiro-sera-marcado-por-tempo-chuvoso-em-leopoldina-e-regiao\\\/\"},\"author\":{\"name\":\"Jornalismo\",\"@id\":\"https:\\\/\\\/www.ovigilanteonline.com.br\\\/site\\\/#\\\/schema\\\/person\\\/538fdfb33c0c411cd14a732e7cf14aa6\"},\"headline\":\"\u00daltimo final de semana de janeiro ser\u00e1 marcado por tempo chuvoso em Leopoldina e regi\u00e3o\",\"datePublished\":\"2024-01-26T12:37:15+00:00\",\"dateModified\":\"2024-01-26T12:37:25+00:00\",\"mainEntityOfPage\":{\"@id\":\"https:\\\/\\\/www.ovigilanteonline.com.br\\\/site\\\/2024\\\/01\\\/26\\\/ultimo-final-de-semana-de-janeiro-sera-marcado-por-tempo-chuvoso-em-leopoldina-e-regiao\\\/\"},\"wordCount\":118,\"commentCount\":0,\"image\":{\"@id\":\"https:\\\/\\\/www.ovigilanteonline.com.br\\\/site\\\/2024\\\/01\\\/26\\\/ultimo-final-de-semana-de-janeiro-sera-marcado-por-tempo-chuvoso-em-leopoldina-e-regiao\\\/#primaryimage\"},\"thumbnailUrl\":\"https:\\\/\\\/www.ovigilanteonline.com.br\\\/site\\\/wp-content\\\/uploads\\\/2022\\\/11\\\/CIDADE-LEOPOLDINA-TEMPO-25.jpg\",\"articleSection\":[\"Destaque\",\"\u00daltimas Not\u00edcias\"],\"inLanguage\":\"pt-BR\",\"potentialAction\":[{\"@type\":\"CommentAction\",\"name\":\"Comment\",\"target\":[\"https:\\\/\\\/www.ovigilanteonline.com.br\\\/site\\\/2024\\\/01\\\/26\\\/ultimo-final-de-semana-de-janeiro-sera-marcado-por-tempo-chuvoso-em-leopoldina-e-regiao\\\/#respond\"]}]},{\"@type\":\"WebPage\",\"@id\":\"https:\\\/\\\/www.ovigilanteonline.com.br\\\/site\\\/2024\\\/01\\\/26\\\/ultimo-final-de-semana-de-janeiro-sera-marcado-por-tempo-chuvoso-em-leopoldina-e-regiao\\\/\",\"url\":\"https:\\\/\\\/www.ovigilanteonline.com.br\\\/site\\\/2024\\\/01\\\/26\\\/ultimo-final-de-semana-de-janeiro-sera-marcado-por-tempo-chuvoso-em-leopoldina-e-regiao\\\/\",\"name\":\"\u00daltimo final de semana de janeiro ser\u00e1 marcado por tempo chuvoso em Leopoldina e regi\u00e3o\",\"isPartOf\":{\"@id\":\"https:\\\/\\\/www.ovigilanteonline.com.br\\\/site\\\/#website\"},\"primaryImageOfPage\":{\"@id\":\"https:\\\/\\\/www.ovigilanteonline.com.br\\\/site\\\/2024\\\/01\\\/26\\\/ultimo-final-de-semana-de-janeiro-sera-marcado-por-tempo-chuvoso-em-leopoldina-e-regiao\\\/#primaryimage\"},\"image\":{\"@id\":\"https:\\\/\\\/www.ovigilanteonline.com.br\\\/site\\\/2024\\\/01\\\/26\\\/ultimo-final-de-semana-de-janeiro-sera-marcado-por-tempo-chuvoso-em-leopoldina-e-regiao\\\/#primaryimage\"},\"thumbnailUrl\":\"https:\\\/\\\/www.ovigilanteonline.com.br\\\/site\\\/wp-content\\\/uploads\\\/2022\\\/11\\\/CIDADE-LEOPOLDINA-TEMPO-25.jpg\",\"datePublished\":\"2024-01-26T12:37:15+00:00\",\"dateModified\":\"2024-01-26T12:37:25+00:00\",\"author\":{\"@id\":\"https:\\\/\\\/www.ovigilanteonline.com.br\\\/site\\\/#\\\/schema\\\/person\\\/538fdfb33c0c411cd14a732e7cf14aa6\"},\"breadcrumb\":{\"@id\":\"https:\\\/\\\/www.ovigilanteonline.com.br\\\/site\\\/2024\\\/01\\\/26\\\/ultimo-final-de-semana-de-janeiro-sera-marcado-por-tempo-chuvoso-em-leopoldina-e-regiao\\\/#breadcrumb\"},\"inLanguage\":\"pt-BR\",\"potentialAction\":[{\"@type\":\"ReadAction\",\"target\":[\"https:\\\/\\\/www.ovigilanteonline.com.br\\\/site\\\/2024\\\/01\\\/26\\\/ultimo-final-de-semana-de-janeiro-sera-marcado-por-tempo-chuvoso-em-leopoldina-e-regiao\\\/\"]}]},{\"@type\":\"ImageObject\",\"inLanguage\":\"pt-BR\",\"@id\":\"https:\\\/\\\/www.ovigilanteonline.com.br\\\/site\\\/2024\\\/01\\\/26\\\/ultimo-final-de-semana-de-janeiro-sera-marcado-por-tempo-chuvoso-em-leopoldina-e-regiao\\\/#primaryimage\",\"url\":\"https:\\\/\\\/www.ovigilanteonline.com.br\\\/site\\\/wp-content\\\/uploads\\\/2022\\\/11\\\/CIDADE-LEOPOLDINA-TEMPO-25.jpg\",\"contentUrl\":\"https:\\\/\\\/www.ovigilanteonline.com.br\\\/site\\\/wp-content\\\/uploads\\\/2022\\\/11\\\/CIDADE-LEOPOLDINA-TEMPO-25.jpg\",\"width\":900,\"height\":479},{\"@type\":\"BreadcrumbList\",\"@id\":\"https:\\\/\\\/www.ovigilanteonline.com.br\\\/site\\\/2024\\\/01\\\/26\\\/ultimo-final-de-semana-de-janeiro-sera-marcado-por-tempo-chuvoso-em-leopoldina-e-regiao\\\/#breadcrumb\",\"itemListElement\":[{\"@type\":\"ListItem\",\"position\":1,\"name\":\"In\u00edcio\",\"item\":\"https:\\\/\\\/www.ovigilanteonline.com.br\\\/site\\\/\"},{\"@type\":\"ListItem\",\"position\":2,\"name\":\"\u00daltimo final de semana de janeiro ser\u00e1 marcado por tempo chuvoso em Leopoldina e regi\u00e3o\"}]},{\"@type\":\"WebSite\",\"@id\":\"https:\\\/\\\/www.ovigilanteonline.com.br\\\/site\\\/#website\",\"url\":\"https:\\\/\\\/www.ovigilanteonline.com.br\\\/site\\\/\",\"name\":\"O VIGILANTE ONLINE - Not\u00edcias de Leopoldina e regi\u00e3o\",\"description\":\"\",\"potentialAction\":[{\"@type\":\"SearchAction\",\"target\":{\"@type\":\"EntryPoint\",\"urlTemplate\":\"https:\\\/\\\/www.ovigilanteonline.com.br\\\/site\\\/?s={search_term_string}\"},\"query-input\":{\"@type\":\"PropertyValueSpecification\",\"valueRequired\":true,\"valueName\":\"search_term_string\"}}],\"inLanguage\":\"pt-BR\"},{\"@type\":\"Person\",\"@id\":\"https:\\\/\\\/www.ovigilanteonline.com.br\\\/site\\\/#\\\/schema\\\/person\\\/538fdfb33c0c411cd14a732e7cf14aa6\",\"name\":\"Jornalismo\"}]}<\/script>\n<!-- \/ Yoast SEO plugin. -->","yoast_head_json":{"title":"\u00daltimo final de semana de janeiro ser\u00e1 marcado por tempo chuvoso em Leopoldina e regi\u00e3o","robots":{"index":"index","follow":"follow","max-snippet":"max-snippet:-1","max-image-preview":"max-image-preview:large","max-video-preview":"max-video-preview:-1"},"canonical":"https:\/\/www.ovigilanteonline.com.br\/site\/2024\/01\/26\/ultimo-final-de-semana-de-janeiro-sera-marcado-por-tempo-chuvoso-em-leopoldina-e-regiao\/","og_locale":"pt_BR","og_type":"article","og_title":"\u00daltimo final de semana de janeiro ser\u00e1 marcado por tempo chuvoso em Leopoldina e regi\u00e3o","og_description":"O \u00faltimo fim de semana de janeiro vai ser de tempo chuvoso em Leopoldina e regi\u00e3o. A previs\u00e3o \u00e9 de tempo nublado com chuvas a partir da tarde. De acordo com o Clima Tempo, a previs\u00e3o de tempo para esta sexta-feira, 26 de janeiro, \u00e9 de Sol com muitas nuvens, com pancadas de chuva \u00e0 [&hellip;]","og_url":"https:\/\/www.ovigilanteonline.com.br\/site\/2024\/01\/26\/ultimo-final-de-semana-de-janeiro-sera-marcado-por-tempo-chuvoso-em-leopoldina-e-regiao\/","og_site_name":"O VIGILANTE ONLINE","article_publisher":"https:\/\/www.facebook.com\/ovigilanteonline","article_published_time":"2024-01-26T12:37:15+00:00","article_modified_time":"2024-01-26T12:37:25+00:00","og_image":[{"width":900,"height":479,"url":"https:\/\/www.ovigilanteonline.com.br\/site\/wp-content\/uploads\/2022\/11\/CIDADE-LEOPOLDINA-TEMPO-25.jpg","type":"image\/jpeg"}],"author":"Jornalismo","twitter_card":"summary_large_image","twitter_misc":{"Escrito por":"Jornalismo","Est. tempo de leitura":"1 minuto"},"schema":{"@context":"https:\/\/schema.org","@graph":[{"@type":"Article","@id":"https:\/\/www.ovigilanteonline.com.br\/site\/2024\/01\/26\/ultimo-final-de-semana-de-janeiro-sera-marcado-por-tempo-chuvoso-em-leopoldina-e-regiao\/#article","isPartOf":{"@id":"https:\/\/www.ovigilanteonline.com.br\/site\/2024\/01\/26\/ultimo-final-de-semana-de-janeiro-sera-marcado-por-tempo-chuvoso-em-leopoldina-e-regiao\/"},"author":{"name":"Jornalismo","@id":"https:\/\/www.ovigilanteonline.com.br\/site\/#\/schema\/person\/538fdfb33c0c411cd14a732e7cf14aa6"},"headline":"\u00daltimo final de semana de janeiro ser\u00e1 marcado por tempo chuvoso em Leopoldina e regi\u00e3o","datePublished":"2024-01-26T12:37:15+00:00","dateModified":"2024-01-26T12:37:25+00:00","mainEntityOfPage":{"@id":"https:\/\/www.ovigilanteonline.com.br\/site\/2024\/01\/26\/ultimo-final-de-semana-de-janeiro-sera-marcado-por-tempo-chuvoso-em-leopoldina-e-regiao\/"},"wordCount":118,"commentCount":0,"image":{"@id":"https:\/\/www.ovigilanteonline.com.br\/site\/2024\/01\/26\/ultimo-final-de-semana-de-janeiro-sera-marcado-por-tempo-chuvoso-em-leopoldina-e-regiao\/#primaryimage"},"thumbnailUrl":"https:\/\/www.ovigilanteonline.com.br\/site\/wp-content\/uploads\/2022\/11\/CIDADE-LEOPOLDINA-TEMPO-25.jpg","articleSection":["Destaque","\u00daltimas Not\u00edcias"],"inLanguage":"pt-BR","potentialAction":[{"@type":"CommentAction","name":"Comment","target":["https:\/\/www.ovigilanteonline.com.br\/site\/2024\/01\/26\/ultimo-final-de-semana-de-janeiro-sera-marcado-por-tempo-chuvoso-em-leopoldina-e-regiao\/#respond"]}]},{"@type":"WebPage","@id":"https:\/\/www.ovigilanteonline.com.br\/site\/2024\/01\/26\/ultimo-final-de-semana-de-janeiro-sera-marcado-por-tempo-chuvoso-em-leopoldina-e-regiao\/","url":"https:\/\/www.ovigilanteonline.com.br\/site\/2024\/01\/26\/ultimo-final-de-semana-de-janeiro-sera-marcado-por-tempo-chuvoso-em-leopoldina-e-regiao\/","name":"\u00daltimo final de semana de janeiro ser\u00e1 marcado por tempo chuvoso em Leopoldina e regi\u00e3o","isPartOf":{"@id":"https:\/\/www.ovigilanteonline.com.br\/site\/#website"},"primaryImageOfPage":{"@id":"https:\/\/www.ovigilanteonline.com.br\/site\/2024\/01\/26\/ultimo-final-de-semana-de-janeiro-sera-marcado-por-tempo-chuvoso-em-leopoldina-e-regiao\/#primaryimage"},"image":{"@id":"https:\/\/www.ovigilanteonline.com.br\/site\/2024\/01\/26\/ultimo-final-de-semana-de-janeiro-sera-marcado-por-tempo-chuvoso-em-leopoldina-e-regiao\/#primaryimage"},"thumbnailUrl":"https:\/\/www.ovigilanteonline.com.br\/site\/wp-content\/uploads\/2022\/11\/CIDADE-LEOPOLDINA-TEMPO-25.jpg","datePublished":"2024-01-26T12:37:15+00:00","dateModified":"2024-01-26T12:37:25+00:00","author":{"@id":"https:\/\/www.ovigilanteonline.com.br\/site\/#\/schema\/person\/538fdfb33c0c411cd14a732e7cf14aa6"},"breadcrumb":{"@id":"https:\/\/www.ovigilanteonline.com.br\/site\/2024\/01\/26\/ultimo-final-de-semana-de-janeiro-sera-marcado-por-tempo-chuvoso-em-leopoldina-e-regiao\/#breadcrumb"},"inLanguage":"pt-BR","potentialAction":[{"@type":"ReadAction","target":["https:\/\/www.ovigilanteonline.com.br\/site\/2024\/01\/26\/ultimo-final-de-semana-de-janeiro-sera-marcado-por-tempo-chuvoso-em-leopoldina-e-regiao\/"]}]},{"@type":"ImageObject","inLanguage":"pt-BR","@id":"https:\/\/www.ovigilanteonline.com.br\/site\/2024\/01\/26\/ultimo-final-de-semana-de-janeiro-sera-marcado-por-tempo-chuvoso-em-leopoldina-e-regiao\/#primaryimage","url":"https:\/\/www.ovigilanteonline.com.br\/site\/wp-content\/uploads\/2022\/11\/CIDADE-LEOPOLDINA-TEMPO-25.jpg","contentUrl":"https:\/\/www.ovigilanteonline.com.br\/site\/wp-content\/uploads\/2022\/11\/CIDADE-LEOPOLDINA-TEMPO-25.jpg","width":900,"height":479},{"@type":"BreadcrumbList","@id":"https:\/\/www.ovigilanteonline.com.br\/site\/2024\/01\/26\/ultimo-final-de-semana-de-janeiro-sera-marcado-por-tempo-chuvoso-em-leopoldina-e-regiao\/#breadcrumb","itemListElement":[{"@type":"ListItem","position":1,"name":"In\u00edcio","item":"https:\/\/www.ovigilanteonline.com.br\/site\/"},{"@type":"ListItem","position":2,"name":"\u00daltimo final de semana de janeiro ser\u00e1 marcado por tempo chuvoso em Leopoldina e regi\u00e3o"}]},{"@type":"WebSite","@id":"https:\/\/www.ovigilanteonline.com.br\/site\/#website","url":"https:\/\/www.ovigilanteonline.com.br\/site\/","name":"O VIGILANTE ONLINE - Not\u00edcias de Leopoldina e regi\u00e3o","description":"","potentialAction":[{"@type":"SearchAction","target":{"@type":"EntryPoint","urlTemplate":"https:\/\/www.ovigilanteonline.com.br\/site\/?s={search_term_string}"},"query-input":{"@type":"PropertyValueSpecification","valueRequired":true,"valueName":"search_term_string"}}],"inLanguage":"pt-BR"},{"@type":"Person","@id":"https:\/\/www.ovigilanteonline.com.br\/site\/#\/schema\/person\/538fdfb33c0c411cd14a732e7cf14aa6","name":"Jornalismo"}]}},"cc_featured_image_caption":{"caption_text":"Arquivo\/O Vigilante Online ","source_text":"","source_url":""},"_links":{"self":[{"href":"https:\/\/www.ovigilanteonline.com.br\/site\/wp-json\/wp\/v2\/posts\/429925","targetHints":{"allow":["GET"]}}],"collection":[{"href":"https:\/\/www.ovigilanteonline.com.br\/site\/wp-json\/wp\/v2\/posts"}],"about":[{"href":"https:\/\/www.ovigilanteonline.com.br\/site\/wp-json\/wp\/v2\/types\/post"}],"author":[{"embeddable":true,"href":"https:\/\/www.ovigilanteonline.com.br\/site\/wp-json\/wp\/v2\/users\/2"}],"replies":[{"embeddable":true,"href":"https:\/\/www.ovigilanteonline.com.br\/site\/wp-json\/wp\/v2\/comments?post=429925"}],"version-history":[{"count":0,"href":"https:\/\/www.ovigilanteonline.com.br\/site\/wp-json\/wp\/v2\/posts\/429925\/revisions"}],"wp:featuredmedia":[{"embeddable":true,"href":"https:\/\/www.ovigilanteonline.com.br\/site\/wp-json\/wp\/v2\/media\/413266"}],"wp:attachment":[{"href":"https:\/\/www.ovigilanteonline.com.br\/site\/wp-json\/wp\/v2\/media?parent=429925"}],"wp:term":[{"taxonomy":"category","embeddable":true,"href":"https:\/\/www.ovigilanteonline.com.br\/site\/wp-json\/wp\/v2\/categories?post=429925"},{"taxonomy":"post_tag","embeddable":true,"href":"https:\/\/www.ovigilanteonline.com.br\/site\/wp-json\/wp\/v2\/tags?post=429925"}],"curies":[{"name":"wp","href":"https:\/\/api.w.org\/{rel}","templated":true}]}}