{"id":427724,"date":"2023-11-10T10:22:00","date_gmt":"2023-11-10T13:22:00","guid":{"rendered":"https:\/\/www.ovigilanteonline.com.br\/site\/?p=427724"},"modified":"2023-11-10T10:36:57","modified_gmt":"2023-11-10T13:36:57","slug":"hbi-anuncia-projeto-para-impulsionar-microempreendedores-de-leopoldina","status":"publish","type":"post","link":"https:\/\/www.ovigilanteonline.com.br\/site\/2023\/11\/10\/hbi-anuncia-projeto-para-impulsionar-microempreendedores-de-leopoldina\/","title":{"rendered":"HBI anuncia projeto para impulsionar microempreendedores de Leopoldina"},"content":{"rendered":"\n<h3 class=\"wp-block-heading\"><em>&#8220;Empreender \u00e9 Poder&#8221; vai oferecer cr\u00e9dito mais acess\u00edvel aos candidatos selecionados pela institui\u00e7\u00e3o financeira.<\/em><\/h3>\n\n\n\n<p>A HBI, institui\u00e7\u00e3o financeira que nasceu em Leopoldina, acaba de anunciar o projeto &#8220;Empreender \u00e9 Poder&#8221; para impulsionar o crescimento dos microempreendedores formais residentes na cidade.<\/p>\n\n\n\n<p>O objetivo do projeto \u00e9 oferecer cr\u00e9dito de forma mais simples e flex\u00edvel, al\u00e9m de uma capacita\u00e7\u00e3o r\u00e1pida em educa\u00e7\u00e3o financeira. Para participar, os MEIs com cadastros regulares devem preencher um formul\u00e1rio contando sobre suas experi\u00eancias como microempreendedores.<\/p>\n\n\n\n<p>&#8220;Vamos analisar os candidatos e selecionar aqueles perfis aderentes ao projeto. Nosso cr\u00e9dito ser\u00e1 concedido sob uma taxa muito mais compat\u00edvel e condi\u00e7\u00f5es diferenciadas para incentivar esses pequenos neg\u00f3cios que movimentam a economia local&#8221;, diz Ricardo Mendes, CEO da HBI.<\/p>\n\n\n\n<p><strong>Inscri\u00e7\u00f5es v\u00e3o s\u00f3 at\u00e9 19 de novembro<br><\/strong>Portanto, se voc\u00ea \u00e9 MEI regular e mora em Leopoldina, fa\u00e7a j\u00e1 sua inscri\u00e7\u00e3o pelo site<br><strong><a href=\"https:\/\/empreenderepoder.com.br\/\" target=\"_blank\" rel=\"noreferrer noopener\">empreenderepoder.com.br<\/a><\/strong><\/p>\n\n\n\n\n\n<h4 class=\"wp-block-heading\">\ud83d\udcf1 Acompanhe o jornal <strong>O Vigilante Online<\/strong> no <a href=\"https:\/\/www.facebook.com\/ovigilanteonline\/\" target=\"_blank\" rel=\"noreferrer noopener\">Facebook<\/a> e <a href=\"https:\/\/www.instagram.com\/ovigilanteonline\/\" target=\"_blank\" rel=\"noreferrer noopener\">Instagram<\/a><\/h4>\n\n\n\n<hr class=\"wp-block-separator has-alpha-channel-opacity is-style-wide\"\/>\n\n\n<div class=\"ultp-not-found-message\" role=\"alert\">No Post Found<\/div>\n\n\n<hr class=\"wp-block-separator has-alpha-channel-opacity is-style-wide\"\/>\n\n\n<div id=\"ovigi-1443550508\"><a href=\"https:\/\/www.instagram.com\/cartosolarmg\/\" target=\"_blank\" aria-label=\"carto solar\"><img loading=\"lazy\" decoding=\"async\" src=\"https:\/\/www.ovigilanteonline.com.br\/site\/wp-content\/uploads\/2023\/05\/carto-solar-2-jpg.webp\" alt=\"\"  srcset=\"https:\/\/www.ovigilanteonline.com.br\/site\/wp-content\/uploads\/2023\/05\/carto-solar-2-jpg.webp 900w, https:\/\/www.ovigilanteonline.com.br\/site\/wp-content\/uploads\/2023\/05\/carto-solar-2-300x121.webp 300w, https:\/\/www.ovigilanteonline.com.br\/site\/wp-content\/uploads\/2023\/05\/carto-solar-2-768x311.webp 768w, https:\/\/www.ovigilanteonline.com.br\/site\/wp-content\/uploads\/2023\/05\/carto-solar-2-600x243.webp 600w\" sizes=\"auto, (max-width: 900px) 100vw, 900px\" width=\"900\" height=\"364\"   \/><\/a><\/div>\n\n\n<hr class=\"wp-block-separator has-alpha-channel-opacity is-style-wide\"\/>\n\n\n<div  class=\"ultp-post-grid-block wp-block-ultimate-post-post-grid-2 ultp-block-1af244\"><div class=\"ultp-block-wrapper\"><div class=\"ultp-loading\"><div class=\"ultp-loading-blocks\" style=\"width:100%;height:100%;\"><div style=\"left: 0;top: 0;animation-delay:0s;\"><\/div><div style=\"left: 21px;top: 0;animation-delay:0.125s;\"><\/div><div style=\"left: 42px;top: 0;animation-delay:0.25s;\"><\/div><div style=\"left: 0;top: 21px;animation-delay:0.875s;\"><\/div><div style=\"left: 42px;top: 21px;animation-delay:0.375s;\"><\/div><div style=\"left: 0;top: 42px;animation-delay:0.75s;\"><\/div><div style=\"left: 42px;top: 42px;animation-delay:0.625s;\"><\/div><div style=\"left: 21px;top: 42px;animation-delay:0.5s;\"><\/div><\/div><\/div><div class=\"ultp-heading-filter\"><div class=\"ultp-heading-filter-in\"><div class=\"ultp-heading-wrap ultp-heading-style1 ultp-heading-left\"><h2 class=\"ultp-heading-inner\"><span>Leia tamb\u00e9m<\/span><\/h2><\/div><\/div><\/div><div class=\"ultp-block-items-wrap ultp-block-row\"><div class=\"ultp-block-item post-id-452210\"><div class=\"ultp-block-content-wrap ultp-block-content-overlay\"><div class=\"ultp-block-image ultp-block-image-none ultp-block-image-overlay ultp-block-image-simgleGradient\"><a href=\"https:\/\/www.ovigilanteonline.com.br\/site\/2026\/04\/26\/homem-e-preso-pela-pm-apos-furto-de-fios-e-resistencia-a-abordagem-policial-em-leopoldina\/\" ><img decoding=\"async\"  alt=\"Homem \u00e9 preso pela PM ap\u00f3s furto de fios e resist\u00eancia \u00e0 abordagem policial em Leopoldina\"  src=\"https:\/\/www.ovigilanteonline.com.br\/site\/wp-content\/uploads\/2026\/02\/pm-viatura-3.jpg\" \/><\/a><\/div><div class=\"ultp-block-content ultp-block-content-bottomPosition\"><div class=\"ultp-block-content-inner\"><h3 class=\"ultp-block-title \"><a href=\"https:\/\/www.ovigilanteonline.com.br\/site\/2026\/04\/26\/homem-e-preso-pela-pm-apos-furto-de-fios-e-resistencia-a-abordagem-policial-em-leopoldina\/\" >Homem \u00e9 preso pela PM ap\u00f3s furto de fios e resist\u00eancia \u00e0 abordagem policial em Leopoldina<\/a><\/h3><\/div><\/div><\/div><\/div><div class=\"ultp-block-item post-id-452186\"><div class=\"ultp-block-content-wrap ultp-block-content-overlay\"><div class=\"ultp-block-image ultp-block-image-none ultp-block-image-overlay ultp-block-image-simgleGradient\"><a href=\"https:\/\/www.ovigilanteonline.com.br\/site\/2026\/04\/25\/consagracao-a-sao-miguel-arcanjo-reune-cerca-de-15-mil-fieis-em-leopoldina\/\" ><img decoding=\"async\"  alt=\"Consagra\u00e7\u00e3o a S\u00e3o Miguel Arcanjo re\u00fane cerca de 15 mil fi\u00e9is em Leopoldina\"  src=\"https:\/\/www.ovigilanteonline.com.br\/site\/wp-content\/uploads\/2026\/04\/IMG_2291-804x570.jpg\" \/><\/a><\/div><div class=\"ultp-block-content ultp-block-content-bottomPosition\"><div class=\"ultp-block-content-inner\"><h3 class=\"ultp-block-title \"><a href=\"https:\/\/www.ovigilanteonline.com.br\/site\/2026\/04\/25\/consagracao-a-sao-miguel-arcanjo-reune-cerca-de-15-mil-fieis-em-leopoldina\/\" >Consagra\u00e7\u00e3o a S\u00e3o Miguel Arcanjo re\u00fane cerca de 15 mil fi\u00e9is em Leopoldina<\/a><\/h3><\/div><\/div><\/div><\/div><\/div><\/div><div class=\"pagination-block-html\" aria-hidden=\"true\" style=\"display: none;\"><\/div><\/div>\n\n\n<hr class=\"wp-block-separator has-alpha-channel-opacity is-style-wide\"\/>\n\n\n<div style=\"margin-left: auto; margin-right: auto; text-align: center; \" id=\"ovigi-455257703\"><a href=\"https:\/\/linktr.ee\/gr8isgreat\" target=\"_blank\" aria-label=\"GR801\"><img loading=\"lazy\" decoding=\"async\" src=\"https:\/\/www.ovigilanteonline.com.br\/site\/wp-content\/uploads\/2022\/10\/GR801.png\" alt=\"\"  srcset=\"https:\/\/www.ovigilanteonline.com.br\/site\/wp-content\/uploads\/2022\/10\/GR801.png 950w, https:\/\/www.ovigilanteonline.com.br\/site\/wp-content\/uploads\/2022\/10\/GR801-300x102.png 300w, https:\/\/www.ovigilanteonline.com.br\/site\/wp-content\/uploads\/2022\/10\/GR801-768x262.png 768w\" sizes=\"auto, (max-width: 950px) 100vw, 950px\" width=\"950\" height=\"324\"  style=\"display: inline-block;\" \/><\/a><\/div>\n\n<div  class=\"ultp-post-grid-block wp-block-ultimate-post-post-grid-1 ultp-block-a7927b\"><div class=\"ultp-block-wrapper\"><div class=\"ultp-loading\"><div class=\"ultp-loading-blocks\" style=\"width:100%;height:100%;\"><div style=\"left: 0;top: 0;animation-delay:0s;\"><\/div><div style=\"left: 21px;top: 0;animation-delay:0.125s;\"><\/div><div style=\"left: 42px;top: 0;animation-delay:0.25s;\"><\/div><div style=\"left: 0;top: 21px;animation-delay:0.875s;\"><\/div><div style=\"left: 42px;top: 21px;animation-delay:0.375s;\"><\/div><div style=\"left: 0;top: 42px;animation-delay:0.75s;\"><\/div><div style=\"left: 42px;top: 42px;animation-delay:0.625s;\"><\/div><div style=\"left: 21px;top: 42px;animation-delay:0.5s;\"><\/div><\/div><\/div><div class=\"ultp-heading-filter\"><div class=\"ultp-heading-filter-in\"><div class=\"ultp-heading-wrap ultp-heading-style1 ultp-heading-left\"><h2 class=\"ultp-heading-inner\"><span>Recentes mais lidas<\/span><\/h2><\/div><\/div><\/div><div class=\"ultp-block-items-wrap ultp-block-row ultp-pg1a-style1 ultp-grid1-responsive ultp-block-column-3 1 ultp-xs-column-1 ultp-layout1\"><div class=\"ultp-block-item post-id-452186\"><div class=\"ultp-block-content-wrap\"><div class=\"ultp-block-image ultp-block-image-opacity\"><a href=\"https:\/\/www.ovigilanteonline.com.br\/site\/2026\/04\/25\/consagracao-a-sao-miguel-arcanjo-reune-cerca-de-15-mil-fieis-em-leopoldina\/\" ><img decoding=\"async\"  class=\"ultp-block-image-content\"  alt=\"Consagra\u00e7\u00e3o a S\u00e3o Miguel Arcanjo re\u00fane cerca de 15 mil fi\u00e9is em Leopoldina\"  src=\"https:\/\/www.ovigilanteonline.com.br\/site\/wp-content\/uploads\/2026\/04\/IMG_2291-804x570.jpg\" \/><\/a><\/div><div class=\"ultp-block-content\"><h3 class=\"ultp-block-title \"><a href=\"https:\/\/www.ovigilanteonline.com.br\/site\/2026\/04\/25\/consagracao-a-sao-miguel-arcanjo-reune-cerca-de-15-mil-fieis-em-leopoldina\/\" >Consagra\u00e7\u00e3o a S\u00e3o Miguel Arcanjo re\u00fane cerca de 15 mil fi\u00e9is em Leopoldina<\/a><\/h3><\/div><\/div><\/div><div class=\"ultp-block-item post-id-451970\"><div class=\"ultp-block-content-wrap\"><div class=\"ultp-block-image ultp-block-image-opacity\"><a href=\"https:\/\/www.ovigilanteonline.com.br\/site\/2026\/04\/16\/policia-militar-apreende-fuzil-e-prende-homem-durante-operacao-em-leopoldina\/\" ><img decoding=\"async\"  class=\"ultp-block-image-content\"  alt=\"Pol\u00edcia Militar apreende fuzil e prende homem durante opera\u00e7\u00e3o em Leopoldina\"  src=\"https:\/\/www.ovigilanteonline.com.br\/site\/wp-content\/uploads\/2026\/04\/515454-870x570.jpeg\" \/><\/a><\/div><div class=\"ultp-block-content\"><h3 class=\"ultp-block-title \"><a href=\"https:\/\/www.ovigilanteonline.com.br\/site\/2026\/04\/16\/policia-militar-apreende-fuzil-e-prende-homem-durante-operacao-em-leopoldina\/\" >Pol\u00edcia Militar apreende fuzil e prende homem durante opera\u00e7\u00e3o em Leopoldina<\/a><\/h3><\/div><\/div><\/div><div class=\"ultp-block-item post-id-451917\"><div class=\"ultp-block-content-wrap\"><div class=\"ultp-block-image ultp-block-image-opacity\"><a href=\"https:\/\/www.ovigilanteonline.com.br\/site\/2026\/04\/14\/imagem-peregrina-de-sao-miguel-arcanjo-chega-a-leopoldina-em-missao-nacional\/\" ><img decoding=\"async\"  class=\"ultp-block-image-content\"  alt=\"Imagem Peregrina de S\u00e3o Miguel Arcanjo chega a Leopoldina em miss\u00e3o nacional\"  src=\"https:\/\/www.ovigilanteonline.com.br\/site\/wp-content\/uploads\/2026\/04\/WhatsApp-Image-2026-04-14-at-14.15.42-870x570.jpeg\" \/><\/a><\/div><div class=\"ultp-block-content\"><h3 class=\"ultp-block-title \"><a href=\"https:\/\/www.ovigilanteonline.com.br\/site\/2026\/04\/14\/imagem-peregrina-de-sao-miguel-arcanjo-chega-a-leopoldina-em-missao-nacional\/\" >Imagem Peregrina de S\u00e3o Miguel Arcanjo chega a Leopoldina em miss\u00e3o nacional<\/a><\/h3><\/div><\/div><\/div><\/div><\/div><div class=\"pagination-block-html\" aria-hidden=\"true\" style=\"display: none;\"><\/div><\/div>","protected":false},"excerpt":{"rendered":"<p>&#8220;Empreender \u00e9 Poder&#8221; vai oferecer cr\u00e9dito mais acess\u00edvel aos candidatos selecionados pela institui\u00e7\u00e3o financeira. A HBI, institui\u00e7\u00e3o financeira que nasceu em Leopoldina, acaba de anunciar o projeto &#8220;Empreender \u00e9 Poder&#8221; para impulsionar o crescimento dos microempreendedores formais residentes na cidade. O objetivo do projeto \u00e9 oferecer cr\u00e9dito de forma mais simples e flex\u00edvel, al\u00e9m de [&hellip;]<\/p>\n","protected":false},"author":2,"featured_media":427715,"comment_status":"open","ping_status":"closed","sticky":false,"template":"","format":"standard","meta":{"footnotes":""},"categories":[1,26],"tags":[],"class_list":["post-427724","post","type-post","status-publish","format-standard","has-post-thumbnail","hentry","category-destaque","category-ultimas-noticias"],"yoast_head":"<!-- This site is optimized with the Yoast SEO plugin v27.4 - https:\/\/yoast.com\/product\/yoast-seo-wordpress\/ -->\n<title>HBI anuncia projeto para impulsionar microempreendedores de Leopoldina<\/title>\n<meta name=\"robots\" content=\"index, follow, max-snippet:-1, max-image-preview:large, max-video-preview:-1\" \/>\n<link rel=\"canonical\" href=\"https:\/\/www.ovigilanteonline.com.br\/site\/2023\/11\/10\/hbi-anuncia-projeto-para-impulsionar-microempreendedores-de-leopoldina\/\" \/>\n<meta property=\"og:locale\" content=\"pt_BR\" \/>\n<meta property=\"og:type\" content=\"article\" \/>\n<meta property=\"og:title\" content=\"HBI anuncia projeto para impulsionar microempreendedores de Leopoldina\" \/>\n<meta property=\"og:description\" content=\"&#8220;Empreender \u00e9 Poder&#8221; vai oferecer cr\u00e9dito mais acess\u00edvel aos candidatos selecionados pela institui\u00e7\u00e3o financeira. A HBI, institui\u00e7\u00e3o financeira que nasceu em Leopoldina, acaba de anunciar o projeto &#8220;Empreender \u00e9 Poder&#8221; para impulsionar o crescimento dos microempreendedores formais residentes na cidade. O objetivo do projeto \u00e9 oferecer cr\u00e9dito de forma mais simples e flex\u00edvel, al\u00e9m de [&hellip;]\" \/>\n<meta property=\"og:url\" content=\"https:\/\/www.ovigilanteonline.com.br\/site\/2023\/11\/10\/hbi-anuncia-projeto-para-impulsionar-microempreendedores-de-leopoldina\/\" \/>\n<meta property=\"og:site_name\" content=\"O VIGILANTE ONLINE\" \/>\n<meta property=\"article:publisher\" content=\"https:\/\/www.facebook.com\/ovigilanteonline\" \/>\n<meta property=\"article:published_time\" content=\"2023-11-10T13:22:00+00:00\" \/>\n<meta property=\"article:modified_time\" content=\"2023-11-10T13:36:57+00:00\" \/>\n<meta property=\"og:image\" content=\"https:\/\/www.ovigilanteonline.com.br\/site\/wp-content\/uploads\/2023\/11\/HBI-jpg.webp\" \/>\n\t<meta property=\"og:image:width\" content=\"900\" \/>\n\t<meta property=\"og:image:height\" content=\"596\" \/>\n\t<meta property=\"og:image:type\" content=\"image\/jpeg\" \/>\n<meta name=\"author\" content=\"Jornalismo\" \/>\n<meta name=\"twitter:card\" content=\"summary_large_image\" \/>\n<meta name=\"twitter:label1\" content=\"Escrito por\" \/>\n\t<meta name=\"twitter:data1\" content=\"Jornalismo\" \/>\n\t<meta name=\"twitter:label2\" content=\"Est. tempo de leitura\" \/>\n\t<meta name=\"twitter:data2\" content=\"1 minuto\" \/>\n<script type=\"application\/ld+json\" class=\"yoast-schema-graph\">{\"@context\":\"https:\\\/\\\/schema.org\",\"@graph\":[{\"@type\":\"Article\",\"@id\":\"https:\\\/\\\/www.ovigilanteonline.com.br\\\/site\\\/2023\\\/11\\\/10\\\/hbi-anuncia-projeto-para-impulsionar-microempreendedores-de-leopoldina\\\/#article\",\"isPartOf\":{\"@id\":\"https:\\\/\\\/www.ovigilanteonline.com.br\\\/site\\\/2023\\\/11\\\/10\\\/hbi-anuncia-projeto-para-impulsionar-microempreendedores-de-leopoldina\\\/\"},\"author\":{\"name\":\"Jornalismo\",\"@id\":\"https:\\\/\\\/www.ovigilanteonline.com.br\\\/site\\\/#\\\/schema\\\/person\\\/538fdfb33c0c411cd14a732e7cf14aa6\"},\"headline\":\"HBI anuncia projeto para impulsionar microempreendedores de Leopoldina\",\"datePublished\":\"2023-11-10T13:22:00+00:00\",\"dateModified\":\"2023-11-10T13:36:57+00:00\",\"mainEntityOfPage\":{\"@id\":\"https:\\\/\\\/www.ovigilanteonline.com.br\\\/site\\\/2023\\\/11\\\/10\\\/hbi-anuncia-projeto-para-impulsionar-microempreendedores-de-leopoldina\\\/\"},\"wordCount\":177,\"commentCount\":0,\"image\":{\"@id\":\"https:\\\/\\\/www.ovigilanteonline.com.br\\\/site\\\/2023\\\/11\\\/10\\\/hbi-anuncia-projeto-para-impulsionar-microempreendedores-de-leopoldina\\\/#primaryimage\"},\"thumbnailUrl\":\"https:\\\/\\\/www.ovigilanteonline.com.br\\\/site\\\/wp-content\\\/uploads\\\/2023\\\/11\\\/HBI-jpg.webp\",\"articleSection\":[\"Destaque\",\"\u00daltimas Not\u00edcias\"],\"inLanguage\":\"pt-BR\",\"potentialAction\":[{\"@type\":\"CommentAction\",\"name\":\"Comment\",\"target\":[\"https:\\\/\\\/www.ovigilanteonline.com.br\\\/site\\\/2023\\\/11\\\/10\\\/hbi-anuncia-projeto-para-impulsionar-microempreendedores-de-leopoldina\\\/#respond\"]}]},{\"@type\":\"WebPage\",\"@id\":\"https:\\\/\\\/www.ovigilanteonline.com.br\\\/site\\\/2023\\\/11\\\/10\\\/hbi-anuncia-projeto-para-impulsionar-microempreendedores-de-leopoldina\\\/\",\"url\":\"https:\\\/\\\/www.ovigilanteonline.com.br\\\/site\\\/2023\\\/11\\\/10\\\/hbi-anuncia-projeto-para-impulsionar-microempreendedores-de-leopoldina\\\/\",\"name\":\"HBI anuncia projeto para impulsionar microempreendedores de Leopoldina\",\"isPartOf\":{\"@id\":\"https:\\\/\\\/www.ovigilanteonline.com.br\\\/site\\\/#website\"},\"primaryImageOfPage\":{\"@id\":\"https:\\\/\\\/www.ovigilanteonline.com.br\\\/site\\\/2023\\\/11\\\/10\\\/hbi-anuncia-projeto-para-impulsionar-microempreendedores-de-leopoldina\\\/#primaryimage\"},\"image\":{\"@id\":\"https:\\\/\\\/www.ovigilanteonline.com.br\\\/site\\\/2023\\\/11\\\/10\\\/hbi-anuncia-projeto-para-impulsionar-microempreendedores-de-leopoldina\\\/#primaryimage\"},\"thumbnailUrl\":\"https:\\\/\\\/www.ovigilanteonline.com.br\\\/site\\\/wp-content\\\/uploads\\\/2023\\\/11\\\/HBI-jpg.webp\",\"datePublished\":\"2023-11-10T13:22:00+00:00\",\"dateModified\":\"2023-11-10T13:36:57+00:00\",\"author\":{\"@id\":\"https:\\\/\\\/www.ovigilanteonline.com.br\\\/site\\\/#\\\/schema\\\/person\\\/538fdfb33c0c411cd14a732e7cf14aa6\"},\"breadcrumb\":{\"@id\":\"https:\\\/\\\/www.ovigilanteonline.com.br\\\/site\\\/2023\\\/11\\\/10\\\/hbi-anuncia-projeto-para-impulsionar-microempreendedores-de-leopoldina\\\/#breadcrumb\"},\"inLanguage\":\"pt-BR\",\"potentialAction\":[{\"@type\":\"ReadAction\",\"target\":[\"https:\\\/\\\/www.ovigilanteonline.com.br\\\/site\\\/2023\\\/11\\\/10\\\/hbi-anuncia-projeto-para-impulsionar-microempreendedores-de-leopoldina\\\/\"]}]},{\"@type\":\"ImageObject\",\"inLanguage\":\"pt-BR\",\"@id\":\"https:\\\/\\\/www.ovigilanteonline.com.br\\\/site\\\/2023\\\/11\\\/10\\\/hbi-anuncia-projeto-para-impulsionar-microempreendedores-de-leopoldina\\\/#primaryimage\",\"url\":\"https:\\\/\\\/www.ovigilanteonline.com.br\\\/site\\\/wp-content\\\/uploads\\\/2023\\\/11\\\/HBI-jpg.webp\",\"contentUrl\":\"https:\\\/\\\/www.ovigilanteonline.com.br\\\/site\\\/wp-content\\\/uploads\\\/2023\\\/11\\\/HBI-jpg.webp\",\"width\":900,\"height\":596},{\"@type\":\"BreadcrumbList\",\"@id\":\"https:\\\/\\\/www.ovigilanteonline.com.br\\\/site\\\/2023\\\/11\\\/10\\\/hbi-anuncia-projeto-para-impulsionar-microempreendedores-de-leopoldina\\\/#breadcrumb\",\"itemListElement\":[{\"@type\":\"ListItem\",\"position\":1,\"name\":\"In\u00edcio\",\"item\":\"https:\\\/\\\/www.ovigilanteonline.com.br\\\/site\\\/\"},{\"@type\":\"ListItem\",\"position\":2,\"name\":\"HBI anuncia projeto para impulsionar microempreendedores de Leopoldina\"}]},{\"@type\":\"WebSite\",\"@id\":\"https:\\\/\\\/www.ovigilanteonline.com.br\\\/site\\\/#website\",\"url\":\"https:\\\/\\\/www.ovigilanteonline.com.br\\\/site\\\/\",\"name\":\"O VIGILANTE ONLINE - Not\u00edcias de Leopoldina e regi\u00e3o\",\"description\":\"\",\"potentialAction\":[{\"@type\":\"SearchAction\",\"target\":{\"@type\":\"EntryPoint\",\"urlTemplate\":\"https:\\\/\\\/www.ovigilanteonline.com.br\\\/site\\\/?s={search_term_string}\"},\"query-input\":{\"@type\":\"PropertyValueSpecification\",\"valueRequired\":true,\"valueName\":\"search_term_string\"}}],\"inLanguage\":\"pt-BR\"},{\"@type\":\"Person\",\"@id\":\"https:\\\/\\\/www.ovigilanteonline.com.br\\\/site\\\/#\\\/schema\\\/person\\\/538fdfb33c0c411cd14a732e7cf14aa6\",\"name\":\"Jornalismo\"}]}<\/script>\n<!-- \/ Yoast SEO plugin. -->","yoast_head_json":{"title":"HBI anuncia projeto para impulsionar microempreendedores de Leopoldina","robots":{"index":"index","follow":"follow","max-snippet":"max-snippet:-1","max-image-preview":"max-image-preview:large","max-video-preview":"max-video-preview:-1"},"canonical":"https:\/\/www.ovigilanteonline.com.br\/site\/2023\/11\/10\/hbi-anuncia-projeto-para-impulsionar-microempreendedores-de-leopoldina\/","og_locale":"pt_BR","og_type":"article","og_title":"HBI anuncia projeto para impulsionar microempreendedores de Leopoldina","og_description":"&#8220;Empreender \u00e9 Poder&#8221; vai oferecer cr\u00e9dito mais acess\u00edvel aos candidatos selecionados pela institui\u00e7\u00e3o financeira. A HBI, institui\u00e7\u00e3o financeira que nasceu em Leopoldina, acaba de anunciar o projeto &#8220;Empreender \u00e9 Poder&#8221; para impulsionar o crescimento dos microempreendedores formais residentes na cidade. O objetivo do projeto \u00e9 oferecer cr\u00e9dito de forma mais simples e flex\u00edvel, al\u00e9m de [&hellip;]","og_url":"https:\/\/www.ovigilanteonline.com.br\/site\/2023\/11\/10\/hbi-anuncia-projeto-para-impulsionar-microempreendedores-de-leopoldina\/","og_site_name":"O VIGILANTE ONLINE","article_publisher":"https:\/\/www.facebook.com\/ovigilanteonline","article_published_time":"2023-11-10T13:22:00+00:00","article_modified_time":"2023-11-10T13:36:57+00:00","og_image":[{"width":900,"height":596,"url":"https:\/\/www.ovigilanteonline.com.br\/site\/wp-content\/uploads\/2023\/11\/HBI-jpg.webp","type":"image\/jpeg"}],"author":"Jornalismo","twitter_card":"summary_large_image","twitter_misc":{"Escrito por":"Jornalismo","Est. tempo de leitura":"1 minuto"},"schema":{"@context":"https:\/\/schema.org","@graph":[{"@type":"Article","@id":"https:\/\/www.ovigilanteonline.com.br\/site\/2023\/11\/10\/hbi-anuncia-projeto-para-impulsionar-microempreendedores-de-leopoldina\/#article","isPartOf":{"@id":"https:\/\/www.ovigilanteonline.com.br\/site\/2023\/11\/10\/hbi-anuncia-projeto-para-impulsionar-microempreendedores-de-leopoldina\/"},"author":{"name":"Jornalismo","@id":"https:\/\/www.ovigilanteonline.com.br\/site\/#\/schema\/person\/538fdfb33c0c411cd14a732e7cf14aa6"},"headline":"HBI anuncia projeto para impulsionar microempreendedores de Leopoldina","datePublished":"2023-11-10T13:22:00+00:00","dateModified":"2023-11-10T13:36:57+00:00","mainEntityOfPage":{"@id":"https:\/\/www.ovigilanteonline.com.br\/site\/2023\/11\/10\/hbi-anuncia-projeto-para-impulsionar-microempreendedores-de-leopoldina\/"},"wordCount":177,"commentCount":0,"image":{"@id":"https:\/\/www.ovigilanteonline.com.br\/site\/2023\/11\/10\/hbi-anuncia-projeto-para-impulsionar-microempreendedores-de-leopoldina\/#primaryimage"},"thumbnailUrl":"https:\/\/www.ovigilanteonline.com.br\/site\/wp-content\/uploads\/2023\/11\/HBI-jpg.webp","articleSection":["Destaque","\u00daltimas Not\u00edcias"],"inLanguage":"pt-BR","potentialAction":[{"@type":"CommentAction","name":"Comment","target":["https:\/\/www.ovigilanteonline.com.br\/site\/2023\/11\/10\/hbi-anuncia-projeto-para-impulsionar-microempreendedores-de-leopoldina\/#respond"]}]},{"@type":"WebPage","@id":"https:\/\/www.ovigilanteonline.com.br\/site\/2023\/11\/10\/hbi-anuncia-projeto-para-impulsionar-microempreendedores-de-leopoldina\/","url":"https:\/\/www.ovigilanteonline.com.br\/site\/2023\/11\/10\/hbi-anuncia-projeto-para-impulsionar-microempreendedores-de-leopoldina\/","name":"HBI anuncia projeto para impulsionar microempreendedores de Leopoldina","isPartOf":{"@id":"https:\/\/www.ovigilanteonline.com.br\/site\/#website"},"primaryImageOfPage":{"@id":"https:\/\/www.ovigilanteonline.com.br\/site\/2023\/11\/10\/hbi-anuncia-projeto-para-impulsionar-microempreendedores-de-leopoldina\/#primaryimage"},"image":{"@id":"https:\/\/www.ovigilanteonline.com.br\/site\/2023\/11\/10\/hbi-anuncia-projeto-para-impulsionar-microempreendedores-de-leopoldina\/#primaryimage"},"thumbnailUrl":"https:\/\/www.ovigilanteonline.com.br\/site\/wp-content\/uploads\/2023\/11\/HBI-jpg.webp","datePublished":"2023-11-10T13:22:00+00:00","dateModified":"2023-11-10T13:36:57+00:00","author":{"@id":"https:\/\/www.ovigilanteonline.com.br\/site\/#\/schema\/person\/538fdfb33c0c411cd14a732e7cf14aa6"},"breadcrumb":{"@id":"https:\/\/www.ovigilanteonline.com.br\/site\/2023\/11\/10\/hbi-anuncia-projeto-para-impulsionar-microempreendedores-de-leopoldina\/#breadcrumb"},"inLanguage":"pt-BR","potentialAction":[{"@type":"ReadAction","target":["https:\/\/www.ovigilanteonline.com.br\/site\/2023\/11\/10\/hbi-anuncia-projeto-para-impulsionar-microempreendedores-de-leopoldina\/"]}]},{"@type":"ImageObject","inLanguage":"pt-BR","@id":"https:\/\/www.ovigilanteonline.com.br\/site\/2023\/11\/10\/hbi-anuncia-projeto-para-impulsionar-microempreendedores-de-leopoldina\/#primaryimage","url":"https:\/\/www.ovigilanteonline.com.br\/site\/wp-content\/uploads\/2023\/11\/HBI-jpg.webp","contentUrl":"https:\/\/www.ovigilanteonline.com.br\/site\/wp-content\/uploads\/2023\/11\/HBI-jpg.webp","width":900,"height":596},{"@type":"BreadcrumbList","@id":"https:\/\/www.ovigilanteonline.com.br\/site\/2023\/11\/10\/hbi-anuncia-projeto-para-impulsionar-microempreendedores-de-leopoldina\/#breadcrumb","itemListElement":[{"@type":"ListItem","position":1,"name":"In\u00edcio","item":"https:\/\/www.ovigilanteonline.com.br\/site\/"},{"@type":"ListItem","position":2,"name":"HBI anuncia projeto para impulsionar microempreendedores de Leopoldina"}]},{"@type":"WebSite","@id":"https:\/\/www.ovigilanteonline.com.br\/site\/#website","url":"https:\/\/www.ovigilanteonline.com.br\/site\/","name":"O VIGILANTE ONLINE - Not\u00edcias de Leopoldina e regi\u00e3o","description":"","potentialAction":[{"@type":"SearchAction","target":{"@type":"EntryPoint","urlTemplate":"https:\/\/www.ovigilanteonline.com.br\/site\/?s={search_term_string}"},"query-input":{"@type":"PropertyValueSpecification","valueRequired":true,"valueName":"search_term_string"}}],"inLanguage":"pt-BR"},{"@type":"Person","@id":"https:\/\/www.ovigilanteonline.com.br\/site\/#\/schema\/person\/538fdfb33c0c411cd14a732e7cf14aa6","name":"Jornalismo"}]}},"cc_featured_image_caption":{"caption_text":"Divulga\u00e7\u00e3o","source_text":"","source_url":""},"_links":{"self":[{"href":"https:\/\/www.ovigilanteonline.com.br\/site\/wp-json\/wp\/v2\/posts\/427724","targetHints":{"allow":["GET"]}}],"collection":[{"href":"https:\/\/www.ovigilanteonline.com.br\/site\/wp-json\/wp\/v2\/posts"}],"about":[{"href":"https:\/\/www.ovigilanteonline.com.br\/site\/wp-json\/wp\/v2\/types\/post"}],"author":[{"embeddable":true,"href":"https:\/\/www.ovigilanteonline.com.br\/site\/wp-json\/wp\/v2\/users\/2"}],"replies":[{"embeddable":true,"href":"https:\/\/www.ovigilanteonline.com.br\/site\/wp-json\/wp\/v2\/comments?post=427724"}],"version-history":[{"count":0,"href":"https:\/\/www.ovigilanteonline.com.br\/site\/wp-json\/wp\/v2\/posts\/427724\/revisions"}],"wp:featuredmedia":[{"embeddable":true,"href":"https:\/\/www.ovigilanteonline.com.br\/site\/wp-json\/wp\/v2\/media\/427715"}],"wp:attachment":[{"href":"https:\/\/www.ovigilanteonline.com.br\/site\/wp-json\/wp\/v2\/media?parent=427724"}],"wp:term":[{"taxonomy":"category","embeddable":true,"href":"https:\/\/www.ovigilanteonline.com.br\/site\/wp-json\/wp\/v2\/categories?post=427724"},{"taxonomy":"post_tag","embeddable":true,"href":"https:\/\/www.ovigilanteonline.com.br\/site\/wp-json\/wp\/v2\/tags?post=427724"}],"curies":[{"name":"wp","href":"https:\/\/api.w.org\/{rel}","templated":true}]}}