{"id":426891,"date":"2023-10-11T20:50:14","date_gmt":"2023-10-11T23:50:14","guid":{"rendered":"https:\/\/www.ovigilanteonline.com.br\/site\/?p=426891"},"modified":"2023-10-17T12:04:10","modified_gmt":"2023-10-17T15:04:10","slug":"prefeitura-de-leopoldina-promove-leilao-de-bens-inserviveis","status":"publish","type":"post","link":"https:\/\/www.ovigilanteonline.com.br\/site\/2023\/10\/11\/prefeitura-de-leopoldina-promove-leilao-de-bens-inserviveis\/","title":{"rendered":"Prefeitura de Leopoldina promove leil\u00e3o de bens inserv\u00edveis"},"content":{"rendered":"\n<h3 class=\"wp-block-heading\"><em>Leil\u00e3o p\u00fablico acontece dia 18 de outubro na sede da Secretaria de Obras.<\/em><\/h3>\n\n\n\n<p>A Prefeitura de Leopoldina, por meio da Secretaria de Administra\u00e7\u00e3o, realizar\u00e1 no pr\u00f3ximo dia 18 de outubro, \u00e0s 9h30, na Rua Maria do Carmos Salles, n\u00ba 92 A (ao lado do Bahamas), um leil\u00e3o p\u00fablico, tipo maior lance, para aliena\u00e7\u00e3o de ve\u00edculos e sucatas, bens inserv\u00edveis do munic\u00edpio. <\/p>\n\n\n\n<p>O objetivo \u00e9 transformar esses materiais em dinheiro para os cofres p\u00fablicos.<\/p>\n\n\n\n\n\n<p>Ser\u00e3o leiloados 24 lotes, que podem ser examinados at\u00e9 o dia anterior do leil\u00e3o, das 14h \u00e0s 16h, de segunda \u00e0 sexta-feira, na Rua Maria do Carmo Salles, 94 A, mediante agendamento pr\u00e9vio pelo telefone: 32- 3694-4285.<\/p>\n\n\n\n<p>Mais informa\u00e7\u00f5es podem ser obtidas atrav\u00e9s do telefone (32) 3694- 4280, das 12h \u00e0s 18h, nos dias \u00fateis ou atrav\u00e9s de e-mail: pregaopml@yahoo.com.br<\/p>\n\n\n<div id=\"ovigi-1839605323\">\r\n<p class=\"has-text-align-center has-small-font-size\">continua depois da publicidade<\/p>\r\n\r\n\r\n\r\n<hr class=\"wp-block-separator has-alpha-channel-opacity is-style-wide\"\/>\r\n\r\n\r\n<center> \r\n<figure class=\"wp-block-image size-large\"><a href=\"https:\/\/www.instagram.com\/unimedleopoldina241\/\" target=\"_blank\" rel=\"noreferrer noopener\"><img decoding=\"async\" src=\"https:\/\/www.ovigilanteonline.com.br\/site\/wp-content\/uploads\/2026\/03\/UNIMED-FINAL.jpg\" alt=\"\" class=\"wp-image-395070\"\/><\/a><\/figure>\r\n<\/figure>\r\n<!-- \/wp:gallery --> <\/center>\r\n\r\n<!-- wp:separator {\"className\":\"is-style-wide\"} -->\r\n<hr class=\"wp-block-separator has-alpha-channel-opacity is-style-wide\"\/>\r\n<!-- \/wp:separator -->\r\n<\/div>\n\n\n<p>O edital completo est\u00e1 publicado no site da prefeitura: <a href=\"http:\/\/www.leopoldina.mg.gov.br\">www.leopoldina.mg.gov.br<\/a><\/p>\n\n\n\n<p><em>Prefeitura de Leopoldina<\/em><\/p>\n\n\n\n<h4 class=\"wp-block-heading\">\ud83d\udcf1 Acompanhe o jornal <strong>O Vigilante Online<\/strong> no <a href=\"https:\/\/www.facebook.com\/ovigilanteonline\/\" target=\"_blank\" rel=\"noreferrer noopener\">Facebook<\/a> e <a href=\"https:\/\/www.instagram.com\/ovigilanteonline\/\" target=\"_blank\" rel=\"noreferrer noopener\">Instagram<\/a><\/h4>\n\n\n\n<hr class=\"wp-block-separator has-alpha-channel-opacity is-style-wide\"\/>\n\n\n<div class=\"ultp-not-found-message\" role=\"alert\">No Post Found<\/div>\n\n\n<hr class=\"wp-block-separator has-alpha-channel-opacity is-style-wide\"\/>\n\n\n<div id=\"ovigi-460108481\"><a href=\"https:\/\/www.instagram.com\/cartosolarmg\/\" target=\"_blank\" aria-label=\"carto solar\"><img loading=\"lazy\" decoding=\"async\" src=\"https:\/\/www.ovigilanteonline.com.br\/site\/wp-content\/uploads\/2023\/05\/carto-solar-2-jpg.webp\" alt=\"\"  srcset=\"https:\/\/www.ovigilanteonline.com.br\/site\/wp-content\/uploads\/2023\/05\/carto-solar-2-jpg.webp 900w, https:\/\/www.ovigilanteonline.com.br\/site\/wp-content\/uploads\/2023\/05\/carto-solar-2-300x121.webp 300w, https:\/\/www.ovigilanteonline.com.br\/site\/wp-content\/uploads\/2023\/05\/carto-solar-2-768x311.webp 768w, https:\/\/www.ovigilanteonline.com.br\/site\/wp-content\/uploads\/2023\/05\/carto-solar-2-600x243.webp 600w\" sizes=\"auto, (max-width: 900px) 100vw, 900px\" width=\"900\" height=\"364\"   \/><\/a><\/div>\n\n\n<hr class=\"wp-block-separator has-alpha-channel-opacity is-style-wide\"\/>\n\n\n<div  class=\"ultp-post-grid-block wp-block-ultimate-post-post-grid-2 ultp-block-9aad95\"><div class=\"ultp-block-wrapper\"><div class=\"ultp-loading\"><div class=\"ultp-loading-blocks\" style=\"width:100%;height:100%;\"><div style=\"left: 0;top: 0;animation-delay:0s;\"><\/div><div style=\"left: 21px;top: 0;animation-delay:0.125s;\"><\/div><div style=\"left: 42px;top: 0;animation-delay:0.25s;\"><\/div><div style=\"left: 0;top: 21px;animation-delay:0.875s;\"><\/div><div style=\"left: 42px;top: 21px;animation-delay:0.375s;\"><\/div><div style=\"left: 0;top: 42px;animation-delay:0.75s;\"><\/div><div style=\"left: 42px;top: 42px;animation-delay:0.625s;\"><\/div><div style=\"left: 21px;top: 42px;animation-delay:0.5s;\"><\/div><\/div><\/div><div class=\"ultp-heading-filter\"><div class=\"ultp-heading-filter-in\"><div class=\"ultp-heading-wrap ultp-heading-style1 ultp-heading-left\"><h2 class=\"ultp-heading-inner\"><span>Leia tamb\u00e9m<\/span><\/h2><\/div><\/div><\/div><div class=\"ultp-block-items-wrap ultp-block-row\"><div class=\"ultp-block-item post-id-452210\"><div class=\"ultp-block-content-wrap ultp-block-content-overlay\"><div class=\"ultp-block-image ultp-block-image-none ultp-block-image-overlay ultp-block-image-simgleGradient\"><a href=\"https:\/\/www.ovigilanteonline.com.br\/site\/2026\/04\/26\/homem-e-preso-pela-pm-apos-furto-de-fios-e-resistencia-a-abordagem-policial-em-leopoldina\/\" ><img decoding=\"async\"  alt=\"Homem \u00e9 preso pela PM ap\u00f3s furto de fios e resist\u00eancia \u00e0 abordagem policial em Leopoldina\"  src=\"https:\/\/www.ovigilanteonline.com.br\/site\/wp-content\/uploads\/2026\/02\/pm-viatura-3.jpg\" \/><\/a><\/div><div class=\"ultp-block-content ultp-block-content-bottomPosition\"><div class=\"ultp-block-content-inner\"><h3 class=\"ultp-block-title \"><a href=\"https:\/\/www.ovigilanteonline.com.br\/site\/2026\/04\/26\/homem-e-preso-pela-pm-apos-furto-de-fios-e-resistencia-a-abordagem-policial-em-leopoldina\/\" >Homem \u00e9 preso pela PM ap\u00f3s furto de fios e resist\u00eancia \u00e0 abordagem policial em Leopoldina<\/a><\/h3><\/div><\/div><\/div><\/div><div class=\"ultp-block-item post-id-452186\"><div class=\"ultp-block-content-wrap ultp-block-content-overlay\"><div class=\"ultp-block-image ultp-block-image-none ultp-block-image-overlay ultp-block-image-simgleGradient\"><a href=\"https:\/\/www.ovigilanteonline.com.br\/site\/2026\/04\/25\/consagracao-a-sao-miguel-arcanjo-reune-cerca-de-15-mil-fieis-em-leopoldina\/\" ><img decoding=\"async\"  alt=\"Consagra\u00e7\u00e3o a S\u00e3o Miguel Arcanjo re\u00fane cerca de 15 mil fi\u00e9is em Leopoldina\"  src=\"https:\/\/www.ovigilanteonline.com.br\/site\/wp-content\/uploads\/2026\/04\/IMG_2291-804x570.jpg\" \/><\/a><\/div><div class=\"ultp-block-content ultp-block-content-bottomPosition\"><div class=\"ultp-block-content-inner\"><h3 class=\"ultp-block-title \"><a href=\"https:\/\/www.ovigilanteonline.com.br\/site\/2026\/04\/25\/consagracao-a-sao-miguel-arcanjo-reune-cerca-de-15-mil-fieis-em-leopoldina\/\" >Consagra\u00e7\u00e3o a S\u00e3o Miguel Arcanjo re\u00fane cerca de 15 mil fi\u00e9is em Leopoldina<\/a><\/h3><\/div><\/div><\/div><\/div><\/div><\/div><div class=\"pagination-block-html\" aria-hidden=\"true\" style=\"display: none;\"><\/div><\/div>\n\n\n<hr class=\"wp-block-separator has-alpha-channel-opacity is-style-wide\"\/>\n\n\n<div style=\"margin-left: auto; margin-right: auto; text-align: center; \" id=\"ovigi-1520709817\"><a href=\"https:\/\/linktr.ee\/gr8isgreat\" target=\"_blank\" aria-label=\"GR801\"><img loading=\"lazy\" decoding=\"async\" src=\"https:\/\/www.ovigilanteonline.com.br\/site\/wp-content\/uploads\/2022\/10\/GR801.png\" alt=\"\"  srcset=\"https:\/\/www.ovigilanteonline.com.br\/site\/wp-content\/uploads\/2022\/10\/GR801.png 950w, https:\/\/www.ovigilanteonline.com.br\/site\/wp-content\/uploads\/2022\/10\/GR801-300x102.png 300w, https:\/\/www.ovigilanteonline.com.br\/site\/wp-content\/uploads\/2022\/10\/GR801-768x262.png 768w\" sizes=\"auto, (max-width: 950px) 100vw, 950px\" width=\"950\" height=\"324\"  style=\"display: inline-block;\" \/><\/a><\/div>\n\n<div  class=\"ultp-post-grid-block wp-block-ultimate-post-post-grid-1 ultp-block-e1d14f\"><div class=\"ultp-block-wrapper\"><div class=\"ultp-loading\"><div class=\"ultp-loading-blocks\" style=\"width:100%;height:100%;\"><div style=\"left: 0;top: 0;animation-delay:0s;\"><\/div><div style=\"left: 21px;top: 0;animation-delay:0.125s;\"><\/div><div style=\"left: 42px;top: 0;animation-delay:0.25s;\"><\/div><div style=\"left: 0;top: 21px;animation-delay:0.875s;\"><\/div><div style=\"left: 42px;top: 21px;animation-delay:0.375s;\"><\/div><div style=\"left: 0;top: 42px;animation-delay:0.75s;\"><\/div><div style=\"left: 42px;top: 42px;animation-delay:0.625s;\"><\/div><div style=\"left: 21px;top: 42px;animation-delay:0.5s;\"><\/div><\/div><\/div><div class=\"ultp-heading-filter\"><div class=\"ultp-heading-filter-in\"><div class=\"ultp-heading-wrap ultp-heading-style1 ultp-heading-left\"><h2 class=\"ultp-heading-inner\"><span>Recentes mais lidas<\/span><\/h2><\/div><\/div><\/div><div class=\"ultp-block-items-wrap ultp-block-row ultp-pg1a-style1 ultp-grid1-responsive ultp-block-column-3 1 ultp-xs-column-1 ultp-layout1\"><div class=\"ultp-block-item post-id-452186\"><div class=\"ultp-block-content-wrap\"><div class=\"ultp-block-image ultp-block-image-opacity\"><a href=\"https:\/\/www.ovigilanteonline.com.br\/site\/2026\/04\/25\/consagracao-a-sao-miguel-arcanjo-reune-cerca-de-15-mil-fieis-em-leopoldina\/\" ><img decoding=\"async\"  class=\"ultp-block-image-content\"  alt=\"Consagra\u00e7\u00e3o a S\u00e3o Miguel Arcanjo re\u00fane cerca de 15 mil fi\u00e9is em Leopoldina\"  src=\"https:\/\/www.ovigilanteonline.com.br\/site\/wp-content\/uploads\/2026\/04\/IMG_2291-804x570.jpg\" \/><\/a><\/div><div class=\"ultp-block-content\"><h3 class=\"ultp-block-title \"><a href=\"https:\/\/www.ovigilanteonline.com.br\/site\/2026\/04\/25\/consagracao-a-sao-miguel-arcanjo-reune-cerca-de-15-mil-fieis-em-leopoldina\/\" >Consagra\u00e7\u00e3o a S\u00e3o Miguel Arcanjo re\u00fane cerca de 15 mil fi\u00e9is em Leopoldina<\/a><\/h3><\/div><\/div><\/div><div class=\"ultp-block-item post-id-451970\"><div class=\"ultp-block-content-wrap\"><div class=\"ultp-block-image ultp-block-image-opacity\"><a href=\"https:\/\/www.ovigilanteonline.com.br\/site\/2026\/04\/16\/policia-militar-apreende-fuzil-e-prende-homem-durante-operacao-em-leopoldina\/\" ><img decoding=\"async\"  class=\"ultp-block-image-content\"  alt=\"Pol\u00edcia Militar apreende fuzil e prende homem durante opera\u00e7\u00e3o em Leopoldina\"  src=\"https:\/\/www.ovigilanteonline.com.br\/site\/wp-content\/uploads\/2026\/04\/515454-870x570.jpeg\" \/><\/a><\/div><div class=\"ultp-block-content\"><h3 class=\"ultp-block-title \"><a href=\"https:\/\/www.ovigilanteonline.com.br\/site\/2026\/04\/16\/policia-militar-apreende-fuzil-e-prende-homem-durante-operacao-em-leopoldina\/\" >Pol\u00edcia Militar apreende fuzil e prende homem durante opera\u00e7\u00e3o em Leopoldina<\/a><\/h3><\/div><\/div><\/div><div class=\"ultp-block-item post-id-451917\"><div class=\"ultp-block-content-wrap\"><div class=\"ultp-block-image ultp-block-image-opacity\"><a href=\"https:\/\/www.ovigilanteonline.com.br\/site\/2026\/04\/14\/imagem-peregrina-de-sao-miguel-arcanjo-chega-a-leopoldina-em-missao-nacional\/\" ><img decoding=\"async\"  class=\"ultp-block-image-content\"  alt=\"Imagem Peregrina de S\u00e3o Miguel Arcanjo chega a Leopoldina em miss\u00e3o nacional\"  src=\"https:\/\/www.ovigilanteonline.com.br\/site\/wp-content\/uploads\/2026\/04\/WhatsApp-Image-2026-04-14-at-14.15.42-870x570.jpeg\" \/><\/a><\/div><div class=\"ultp-block-content\"><h3 class=\"ultp-block-title \"><a href=\"https:\/\/www.ovigilanteonline.com.br\/site\/2026\/04\/14\/imagem-peregrina-de-sao-miguel-arcanjo-chega-a-leopoldina-em-missao-nacional\/\" >Imagem Peregrina de S\u00e3o Miguel Arcanjo chega a Leopoldina em miss\u00e3o nacional<\/a><\/h3><\/div><\/div><\/div><\/div><\/div><div class=\"pagination-block-html\" aria-hidden=\"true\" style=\"display: none;\"><\/div><\/div>","protected":false},"excerpt":{"rendered":"<p>Leil\u00e3o p\u00fablico acontece dia 18 de outubro na sede da Secretaria de Obras. A Prefeitura de Leopoldina, por meio da Secretaria de Administra\u00e7\u00e3o, realizar\u00e1 no pr\u00f3ximo dia 18 de outubro, \u00e0s 9h30, na Rua Maria do Carmos Salles, n\u00ba 92 A (ao lado do Bahamas), um leil\u00e3o p\u00fablico, tipo maior lance, para aliena\u00e7\u00e3o de ve\u00edculos [&hellip;]<\/p>\n","protected":false},"author":2,"featured_media":426892,"comment_status":"open","ping_status":"closed","sticky":false,"template":"","format":"standard","meta":{"footnotes":""},"categories":[13,1,17,26],"tags":[],"class_list":["post-426891","post","type-post","status-publish","format-standard","has-post-thumbnail","hentry","category-cidade","category-destaque","category-geral","category-ultimas-noticias"],"yoast_head":"<!-- This site is optimized with the Yoast SEO plugin v27.4 - https:\/\/yoast.com\/product\/yoast-seo-wordpress\/ -->\n<title>Prefeitura de Leopoldina promove leil\u00e3o de bens inserv\u00edveis<\/title>\n<meta name=\"robots\" content=\"index, follow, max-snippet:-1, max-image-preview:large, max-video-preview:-1\" \/>\n<link rel=\"canonical\" href=\"https:\/\/www.ovigilanteonline.com.br\/site\/2023\/10\/11\/prefeitura-de-leopoldina-promove-leilao-de-bens-inserviveis\/\" \/>\n<meta property=\"og:locale\" content=\"pt_BR\" \/>\n<meta property=\"og:type\" content=\"article\" \/>\n<meta property=\"og:title\" content=\"Prefeitura de Leopoldina promove leil\u00e3o de bens inserv\u00edveis\" \/>\n<meta property=\"og:description\" content=\"Leil\u00e3o p\u00fablico acontece dia 18 de outubro na sede da Secretaria de Obras. A Prefeitura de Leopoldina, por meio da Secretaria de Administra\u00e7\u00e3o, realizar\u00e1 no pr\u00f3ximo dia 18 de outubro, \u00e0s 9h30, na Rua Maria do Carmos Salles, n\u00ba 92 A (ao lado do Bahamas), um leil\u00e3o p\u00fablico, tipo maior lance, para aliena\u00e7\u00e3o de ve\u00edculos [&hellip;]\" \/>\n<meta property=\"og:url\" content=\"https:\/\/www.ovigilanteonline.com.br\/site\/2023\/10\/11\/prefeitura-de-leopoldina-promove-leilao-de-bens-inserviveis\/\" \/>\n<meta property=\"og:site_name\" content=\"O VIGILANTE ONLINE\" \/>\n<meta property=\"article:publisher\" content=\"https:\/\/www.facebook.com\/ovigilanteonline\" \/>\n<meta property=\"article:published_time\" content=\"2023-10-11T23:50:14+00:00\" \/>\n<meta property=\"article:modified_time\" content=\"2023-10-17T15:04:10+00:00\" \/>\n<meta property=\"og:image\" content=\"https:\/\/www.ovigilanteonline.com.br\/site\/wp-content\/uploads\/2023\/10\/21515-jpg.webp\" \/>\n\t<meta property=\"og:image:width\" content=\"900\" \/>\n\t<meta property=\"og:image:height\" content=\"543\" \/>\n\t<meta property=\"og:image:type\" content=\"image\/jpeg\" \/>\n<meta name=\"author\" content=\"Jornalismo\" \/>\n<meta name=\"twitter:card\" content=\"summary_large_image\" \/>\n<meta name=\"twitter:label1\" content=\"Escrito por\" \/>\n\t<meta name=\"twitter:data1\" content=\"Jornalismo\" \/>\n\t<meta name=\"twitter:label2\" content=\"Est. tempo de leitura\" \/>\n\t<meta name=\"twitter:data2\" content=\"1 minuto\" \/>\n<script type=\"application\/ld+json\" class=\"yoast-schema-graph\">{\"@context\":\"https:\\\/\\\/schema.org\",\"@graph\":[{\"@type\":\"Article\",\"@id\":\"https:\\\/\\\/www.ovigilanteonline.com.br\\\/site\\\/2023\\\/10\\\/11\\\/prefeitura-de-leopoldina-promove-leilao-de-bens-inserviveis\\\/#article\",\"isPartOf\":{\"@id\":\"https:\\\/\\\/www.ovigilanteonline.com.br\\\/site\\\/2023\\\/10\\\/11\\\/prefeitura-de-leopoldina-promove-leilao-de-bens-inserviveis\\\/\"},\"author\":{\"name\":\"Jornalismo\",\"@id\":\"https:\\\/\\\/www.ovigilanteonline.com.br\\\/site\\\/#\\\/schema\\\/person\\\/538fdfb33c0c411cd14a732e7cf14aa6\"},\"headline\":\"Prefeitura de Leopoldina promove leil\u00e3o de bens inserv\u00edveis\",\"datePublished\":\"2023-10-11T23:50:14+00:00\",\"dateModified\":\"2023-10-17T15:04:10+00:00\",\"mainEntityOfPage\":{\"@id\":\"https:\\\/\\\/www.ovigilanteonline.com.br\\\/site\\\/2023\\\/10\\\/11\\\/prefeitura-de-leopoldina-promove-leilao-de-bens-inserviveis\\\/\"},\"wordCount\":181,\"commentCount\":0,\"image\":{\"@id\":\"https:\\\/\\\/www.ovigilanteonline.com.br\\\/site\\\/2023\\\/10\\\/11\\\/prefeitura-de-leopoldina-promove-leilao-de-bens-inserviveis\\\/#primaryimage\"},\"thumbnailUrl\":\"https:\\\/\\\/www.ovigilanteonline.com.br\\\/site\\\/wp-content\\\/uploads\\\/2023\\\/10\\\/21515-jpg.webp\",\"articleSection\":[\"Cidade\",\"Destaque\",\"Geral\",\"\u00daltimas Not\u00edcias\"],\"inLanguage\":\"pt-BR\",\"potentialAction\":[{\"@type\":\"CommentAction\",\"name\":\"Comment\",\"target\":[\"https:\\\/\\\/www.ovigilanteonline.com.br\\\/site\\\/2023\\\/10\\\/11\\\/prefeitura-de-leopoldina-promove-leilao-de-bens-inserviveis\\\/#respond\"]}]},{\"@type\":\"WebPage\",\"@id\":\"https:\\\/\\\/www.ovigilanteonline.com.br\\\/site\\\/2023\\\/10\\\/11\\\/prefeitura-de-leopoldina-promove-leilao-de-bens-inserviveis\\\/\",\"url\":\"https:\\\/\\\/www.ovigilanteonline.com.br\\\/site\\\/2023\\\/10\\\/11\\\/prefeitura-de-leopoldina-promove-leilao-de-bens-inserviveis\\\/\",\"name\":\"Prefeitura de Leopoldina promove leil\u00e3o de bens inserv\u00edveis\",\"isPartOf\":{\"@id\":\"https:\\\/\\\/www.ovigilanteonline.com.br\\\/site\\\/#website\"},\"primaryImageOfPage\":{\"@id\":\"https:\\\/\\\/www.ovigilanteonline.com.br\\\/site\\\/2023\\\/10\\\/11\\\/prefeitura-de-leopoldina-promove-leilao-de-bens-inserviveis\\\/#primaryimage\"},\"image\":{\"@id\":\"https:\\\/\\\/www.ovigilanteonline.com.br\\\/site\\\/2023\\\/10\\\/11\\\/prefeitura-de-leopoldina-promove-leilao-de-bens-inserviveis\\\/#primaryimage\"},\"thumbnailUrl\":\"https:\\\/\\\/www.ovigilanteonline.com.br\\\/site\\\/wp-content\\\/uploads\\\/2023\\\/10\\\/21515-jpg.webp\",\"datePublished\":\"2023-10-11T23:50:14+00:00\",\"dateModified\":\"2023-10-17T15:04:10+00:00\",\"author\":{\"@id\":\"https:\\\/\\\/www.ovigilanteonline.com.br\\\/site\\\/#\\\/schema\\\/person\\\/538fdfb33c0c411cd14a732e7cf14aa6\"},\"breadcrumb\":{\"@id\":\"https:\\\/\\\/www.ovigilanteonline.com.br\\\/site\\\/2023\\\/10\\\/11\\\/prefeitura-de-leopoldina-promove-leilao-de-bens-inserviveis\\\/#breadcrumb\"},\"inLanguage\":\"pt-BR\",\"potentialAction\":[{\"@type\":\"ReadAction\",\"target\":[\"https:\\\/\\\/www.ovigilanteonline.com.br\\\/site\\\/2023\\\/10\\\/11\\\/prefeitura-de-leopoldina-promove-leilao-de-bens-inserviveis\\\/\"]}]},{\"@type\":\"ImageObject\",\"inLanguage\":\"pt-BR\",\"@id\":\"https:\\\/\\\/www.ovigilanteonline.com.br\\\/site\\\/2023\\\/10\\\/11\\\/prefeitura-de-leopoldina-promove-leilao-de-bens-inserviveis\\\/#primaryimage\",\"url\":\"https:\\\/\\\/www.ovigilanteonline.com.br\\\/site\\\/wp-content\\\/uploads\\\/2023\\\/10\\\/21515-jpg.webp\",\"contentUrl\":\"https:\\\/\\\/www.ovigilanteonline.com.br\\\/site\\\/wp-content\\\/uploads\\\/2023\\\/10\\\/21515-jpg.webp\",\"width\":900,\"height\":543},{\"@type\":\"BreadcrumbList\",\"@id\":\"https:\\\/\\\/www.ovigilanteonline.com.br\\\/site\\\/2023\\\/10\\\/11\\\/prefeitura-de-leopoldina-promove-leilao-de-bens-inserviveis\\\/#breadcrumb\",\"itemListElement\":[{\"@type\":\"ListItem\",\"position\":1,\"name\":\"In\u00edcio\",\"item\":\"https:\\\/\\\/www.ovigilanteonline.com.br\\\/site\\\/\"},{\"@type\":\"ListItem\",\"position\":2,\"name\":\"Prefeitura de Leopoldina promove leil\u00e3o de bens inserv\u00edveis\"}]},{\"@type\":\"WebSite\",\"@id\":\"https:\\\/\\\/www.ovigilanteonline.com.br\\\/site\\\/#website\",\"url\":\"https:\\\/\\\/www.ovigilanteonline.com.br\\\/site\\\/\",\"name\":\"O VIGILANTE ONLINE - Not\u00edcias de Leopoldina e regi\u00e3o\",\"description\":\"\",\"potentialAction\":[{\"@type\":\"SearchAction\",\"target\":{\"@type\":\"EntryPoint\",\"urlTemplate\":\"https:\\\/\\\/www.ovigilanteonline.com.br\\\/site\\\/?s={search_term_string}\"},\"query-input\":{\"@type\":\"PropertyValueSpecification\",\"valueRequired\":true,\"valueName\":\"search_term_string\"}}],\"inLanguage\":\"pt-BR\"},{\"@type\":\"Person\",\"@id\":\"https:\\\/\\\/www.ovigilanteonline.com.br\\\/site\\\/#\\\/schema\\\/person\\\/538fdfb33c0c411cd14a732e7cf14aa6\",\"name\":\"Jornalismo\"}]}<\/script>\n<!-- \/ Yoast SEO plugin. -->","yoast_head_json":{"title":"Prefeitura de Leopoldina promove leil\u00e3o de bens inserv\u00edveis","robots":{"index":"index","follow":"follow","max-snippet":"max-snippet:-1","max-image-preview":"max-image-preview:large","max-video-preview":"max-video-preview:-1"},"canonical":"https:\/\/www.ovigilanteonline.com.br\/site\/2023\/10\/11\/prefeitura-de-leopoldina-promove-leilao-de-bens-inserviveis\/","og_locale":"pt_BR","og_type":"article","og_title":"Prefeitura de Leopoldina promove leil\u00e3o de bens inserv\u00edveis","og_description":"Leil\u00e3o p\u00fablico acontece dia 18 de outubro na sede da Secretaria de Obras. A Prefeitura de Leopoldina, por meio da Secretaria de Administra\u00e7\u00e3o, realizar\u00e1 no pr\u00f3ximo dia 18 de outubro, \u00e0s 9h30, na Rua Maria do Carmos Salles, n\u00ba 92 A (ao lado do Bahamas), um leil\u00e3o p\u00fablico, tipo maior lance, para aliena\u00e7\u00e3o de ve\u00edculos [&hellip;]","og_url":"https:\/\/www.ovigilanteonline.com.br\/site\/2023\/10\/11\/prefeitura-de-leopoldina-promove-leilao-de-bens-inserviveis\/","og_site_name":"O VIGILANTE ONLINE","article_publisher":"https:\/\/www.facebook.com\/ovigilanteonline","article_published_time":"2023-10-11T23:50:14+00:00","article_modified_time":"2023-10-17T15:04:10+00:00","og_image":[{"width":900,"height":543,"url":"https:\/\/www.ovigilanteonline.com.br\/site\/wp-content\/uploads\/2023\/10\/21515-jpg.webp","type":"image\/jpeg"}],"author":"Jornalismo","twitter_card":"summary_large_image","twitter_misc":{"Escrito por":"Jornalismo","Est. tempo de leitura":"1 minuto"},"schema":{"@context":"https:\/\/schema.org","@graph":[{"@type":"Article","@id":"https:\/\/www.ovigilanteonline.com.br\/site\/2023\/10\/11\/prefeitura-de-leopoldina-promove-leilao-de-bens-inserviveis\/#article","isPartOf":{"@id":"https:\/\/www.ovigilanteonline.com.br\/site\/2023\/10\/11\/prefeitura-de-leopoldina-promove-leilao-de-bens-inserviveis\/"},"author":{"name":"Jornalismo","@id":"https:\/\/www.ovigilanteonline.com.br\/site\/#\/schema\/person\/538fdfb33c0c411cd14a732e7cf14aa6"},"headline":"Prefeitura de Leopoldina promove leil\u00e3o de bens inserv\u00edveis","datePublished":"2023-10-11T23:50:14+00:00","dateModified":"2023-10-17T15:04:10+00:00","mainEntityOfPage":{"@id":"https:\/\/www.ovigilanteonline.com.br\/site\/2023\/10\/11\/prefeitura-de-leopoldina-promove-leilao-de-bens-inserviveis\/"},"wordCount":181,"commentCount":0,"image":{"@id":"https:\/\/www.ovigilanteonline.com.br\/site\/2023\/10\/11\/prefeitura-de-leopoldina-promove-leilao-de-bens-inserviveis\/#primaryimage"},"thumbnailUrl":"https:\/\/www.ovigilanteonline.com.br\/site\/wp-content\/uploads\/2023\/10\/21515-jpg.webp","articleSection":["Cidade","Destaque","Geral","\u00daltimas Not\u00edcias"],"inLanguage":"pt-BR","potentialAction":[{"@type":"CommentAction","name":"Comment","target":["https:\/\/www.ovigilanteonline.com.br\/site\/2023\/10\/11\/prefeitura-de-leopoldina-promove-leilao-de-bens-inserviveis\/#respond"]}]},{"@type":"WebPage","@id":"https:\/\/www.ovigilanteonline.com.br\/site\/2023\/10\/11\/prefeitura-de-leopoldina-promove-leilao-de-bens-inserviveis\/","url":"https:\/\/www.ovigilanteonline.com.br\/site\/2023\/10\/11\/prefeitura-de-leopoldina-promove-leilao-de-bens-inserviveis\/","name":"Prefeitura de Leopoldina promove leil\u00e3o de bens inserv\u00edveis","isPartOf":{"@id":"https:\/\/www.ovigilanteonline.com.br\/site\/#website"},"primaryImageOfPage":{"@id":"https:\/\/www.ovigilanteonline.com.br\/site\/2023\/10\/11\/prefeitura-de-leopoldina-promove-leilao-de-bens-inserviveis\/#primaryimage"},"image":{"@id":"https:\/\/www.ovigilanteonline.com.br\/site\/2023\/10\/11\/prefeitura-de-leopoldina-promove-leilao-de-bens-inserviveis\/#primaryimage"},"thumbnailUrl":"https:\/\/www.ovigilanteonline.com.br\/site\/wp-content\/uploads\/2023\/10\/21515-jpg.webp","datePublished":"2023-10-11T23:50:14+00:00","dateModified":"2023-10-17T15:04:10+00:00","author":{"@id":"https:\/\/www.ovigilanteonline.com.br\/site\/#\/schema\/person\/538fdfb33c0c411cd14a732e7cf14aa6"},"breadcrumb":{"@id":"https:\/\/www.ovigilanteonline.com.br\/site\/2023\/10\/11\/prefeitura-de-leopoldina-promove-leilao-de-bens-inserviveis\/#breadcrumb"},"inLanguage":"pt-BR","potentialAction":[{"@type":"ReadAction","target":["https:\/\/www.ovigilanteonline.com.br\/site\/2023\/10\/11\/prefeitura-de-leopoldina-promove-leilao-de-bens-inserviveis\/"]}]},{"@type":"ImageObject","inLanguage":"pt-BR","@id":"https:\/\/www.ovigilanteonline.com.br\/site\/2023\/10\/11\/prefeitura-de-leopoldina-promove-leilao-de-bens-inserviveis\/#primaryimage","url":"https:\/\/www.ovigilanteonline.com.br\/site\/wp-content\/uploads\/2023\/10\/21515-jpg.webp","contentUrl":"https:\/\/www.ovigilanteonline.com.br\/site\/wp-content\/uploads\/2023\/10\/21515-jpg.webp","width":900,"height":543},{"@type":"BreadcrumbList","@id":"https:\/\/www.ovigilanteonline.com.br\/site\/2023\/10\/11\/prefeitura-de-leopoldina-promove-leilao-de-bens-inserviveis\/#breadcrumb","itemListElement":[{"@type":"ListItem","position":1,"name":"In\u00edcio","item":"https:\/\/www.ovigilanteonline.com.br\/site\/"},{"@type":"ListItem","position":2,"name":"Prefeitura de Leopoldina promove leil\u00e3o de bens inserv\u00edveis"}]},{"@type":"WebSite","@id":"https:\/\/www.ovigilanteonline.com.br\/site\/#website","url":"https:\/\/www.ovigilanteonline.com.br\/site\/","name":"O VIGILANTE ONLINE - Not\u00edcias de Leopoldina e regi\u00e3o","description":"","potentialAction":[{"@type":"SearchAction","target":{"@type":"EntryPoint","urlTemplate":"https:\/\/www.ovigilanteonline.com.br\/site\/?s={search_term_string}"},"query-input":{"@type":"PropertyValueSpecification","valueRequired":true,"valueName":"search_term_string"}}],"inLanguage":"pt-BR"},{"@type":"Person","@id":"https:\/\/www.ovigilanteonline.com.br\/site\/#\/schema\/person\/538fdfb33c0c411cd14a732e7cf14aa6","name":"Jornalismo"}]}},"cc_featured_image_caption":{"caption_text":"A Secretaria de Agricultura est\u00e1 localizada \u00e0 Rua Maria do Carmo Salles, 92 - Foto: PML\/Divulga\u00e7\u00e3o","source_text":"","source_url":""},"_links":{"self":[{"href":"https:\/\/www.ovigilanteonline.com.br\/site\/wp-json\/wp\/v2\/posts\/426891","targetHints":{"allow":["GET"]}}],"collection":[{"href":"https:\/\/www.ovigilanteonline.com.br\/site\/wp-json\/wp\/v2\/posts"}],"about":[{"href":"https:\/\/www.ovigilanteonline.com.br\/site\/wp-json\/wp\/v2\/types\/post"}],"author":[{"embeddable":true,"href":"https:\/\/www.ovigilanteonline.com.br\/site\/wp-json\/wp\/v2\/users\/2"}],"replies":[{"embeddable":true,"href":"https:\/\/www.ovigilanteonline.com.br\/site\/wp-json\/wp\/v2\/comments?post=426891"}],"version-history":[{"count":0,"href":"https:\/\/www.ovigilanteonline.com.br\/site\/wp-json\/wp\/v2\/posts\/426891\/revisions"}],"wp:featuredmedia":[{"embeddable":true,"href":"https:\/\/www.ovigilanteonline.com.br\/site\/wp-json\/wp\/v2\/media\/426892"}],"wp:attachment":[{"href":"https:\/\/www.ovigilanteonline.com.br\/site\/wp-json\/wp\/v2\/media?parent=426891"}],"wp:term":[{"taxonomy":"category","embeddable":true,"href":"https:\/\/www.ovigilanteonline.com.br\/site\/wp-json\/wp\/v2\/categories?post=426891"},{"taxonomy":"post_tag","embeddable":true,"href":"https:\/\/www.ovigilanteonline.com.br\/site\/wp-json\/wp\/v2\/tags?post=426891"}],"curies":[{"name":"wp","href":"https:\/\/api.w.org\/{rel}","templated":true}]}}