{"id":426577,"date":"2023-10-02T07:54:28","date_gmt":"2023-10-02T10:54:28","guid":{"rendered":"https:\/\/www.ovigilanteonline.com.br\/site\/?p=426577"},"modified":"2023-10-02T08:44:27","modified_gmt":"2023-10-02T11:44:27","slug":"pm-recupera-cerca-de-700-calcados-saqueados-de-carreta-que-tombou-e-prende-uma-pessoa-em-leopoldina","status":"publish","type":"post","link":"https:\/\/www.ovigilanteonline.com.br\/site\/2023\/10\/02\/pm-recupera-cerca-de-700-calcados-saqueados-de-carreta-que-tombou-e-prende-uma-pessoa-em-leopoldina\/","title":{"rendered":"PM recupera cerca de 700 cal\u00e7ados saqueados de carreta que tombou e prende uma pessoa em Leopoldina"},"content":{"rendered":"\n<h3 class=\"wp-block-heading\"><em>Acidente foi registrado pr\u00f3ximo de Al\u00e9m Para\u00edba. Dois ve\u00edculos foram apreendidos. A\u00e7\u00e3o ocorreu no Bairro Quinta Resid\u00eancia.<\/em><\/h3>\n\n\n\n<figure class=\"wp-block-gallery has-nested-images columns-default is-cropped wp-block-gallery-1 is-layout-flex wp-block-gallery-is-layout-flex\">\n<figure class=\"wp-block-image size-large\"><img loading=\"lazy\" decoding=\"async\" width=\"800\" height=\"497\" data-id=\"426581\" src=\"https:\/\/www.ovigilanteonline.com.br\/site\/wp-content\/uploads\/2023\/10\/WhatsApp-Image-2023-10-02-at-06.09.41-1-jpeg.webp\" alt=\"\" class=\"wp-image-426581\" srcset=\"https:\/\/www.ovigilanteonline.com.br\/site\/wp-content\/uploads\/2023\/10\/WhatsApp-Image-2023-10-02-at-06.09.41-1-jpeg.webp 800w, https:\/\/www.ovigilanteonline.com.br\/site\/wp-content\/uploads\/2023\/10\/WhatsApp-Image-2023-10-02-at-06.09.41-1-300x186.webp 300w, https:\/\/www.ovigilanteonline.com.br\/site\/wp-content\/uploads\/2023\/10\/WhatsApp-Image-2023-10-02-at-06.09.41-1-768x477.webp 768w, https:\/\/www.ovigilanteonline.com.br\/site\/wp-content\/uploads\/2023\/10\/WhatsApp-Image-2023-10-02-at-06.09.41-1-600x373.webp 600w\" sizes=\"auto, (max-width: 800px) 100vw, 800px\" \/><\/figure>\n\n\n\n<figure class=\"wp-block-image size-large\"><img loading=\"lazy\" decoding=\"async\" width=\"900\" height=\"517\" data-id=\"426582\" src=\"https:\/\/www.ovigilanteonline.com.br\/site\/wp-content\/uploads\/2023\/10\/WhatsApp-Image-2023-10-02-at-06.09.41-jpeg.webp\" alt=\"\" class=\"wp-image-426582\" srcset=\"https:\/\/www.ovigilanteonline.com.br\/site\/wp-content\/uploads\/2023\/10\/WhatsApp-Image-2023-10-02-at-06.09.41-jpeg.webp 900w, https:\/\/www.ovigilanteonline.com.br\/site\/wp-content\/uploads\/2023\/10\/WhatsApp-Image-2023-10-02-at-06.09.41-300x172.webp 300w, https:\/\/www.ovigilanteonline.com.br\/site\/wp-content\/uploads\/2023\/10\/WhatsApp-Image-2023-10-02-at-06.09.41-768x441.webp 768w, https:\/\/www.ovigilanteonline.com.br\/site\/wp-content\/uploads\/2023\/10\/WhatsApp-Image-2023-10-02-at-06.09.41-600x345.webp 600w\" sizes=\"auto, (max-width: 900px) 100vw, 900px\" \/><\/figure>\n<\/figure>\n\n\n\n<figure class=\"wp-block-image size-full\"><img loading=\"lazy\" decoding=\"async\" width=\"900\" height=\"458\" src=\"https:\/\/www.ovigilanteonline.com.br\/site\/wp-content\/uploads\/2023\/10\/WhatsApp-Image-2023-10-02-at-08.38.37.jpeg\" alt=\"\" class=\"wp-image-426594\" srcset=\"https:\/\/www.ovigilanteonline.com.br\/site\/wp-content\/uploads\/2023\/10\/WhatsApp-Image-2023-10-02-at-08.38.37.jpeg 900w, https:\/\/www.ovigilanteonline.com.br\/site\/wp-content\/uploads\/2023\/10\/WhatsApp-Image-2023-10-02-at-08.38.37-300x153.webp 300w, https:\/\/www.ovigilanteonline.com.br\/site\/wp-content\/uploads\/2023\/10\/WhatsApp-Image-2023-10-02-at-08.38.37-768x391.webp 768w, https:\/\/www.ovigilanteonline.com.br\/site\/wp-content\/uploads\/2023\/10\/WhatsApp-Image-2023-10-02-at-08.38.37-600x305.webp 600w\" sizes=\"auto, (max-width: 900px) 100vw, 900px\" \/><\/figure>\n\n\n\n<p>A Pol\u00edcia Militar recuperou cerca de 700 unidades de cal\u00e7ados saqueados de uma carreta que se acidentou na BR-116, em Al\u00e9m Para\u00edba, neste domingo, 1\u00ba de outubro. Um jovem, de 21 anos, foi preso e dois ve\u00edculos apreendidos.<\/p>\n\n\n\n<p>De acordo com a corpora\u00e7\u00e3o, os militares Sargento Titonelli e Cabo Medeiros receberam informa\u00e7\u00f5es de que ve\u00edculos estariam envolvidos em um saque de uma carga tombada nas proximidades de Al\u00e9m Para\u00edba.<\/p>\n\n\n\n\n\n<p>Uma a\u00e7\u00e3o de vigil\u00e2ncia foi montada na entrada do Bairro Quinta Resid\u00eancia para aguardar o retorno dos ve\u00edculos utilizados no furto. Ao darem ordem de parada para dois ve\u00edculos suspeitos, um dos condutores tentou fugir e foi perseguido e preso na Rua Ant\u00f4nio Fernandes Valentim. O segundo ve\u00edculo tamb\u00e9m foi localizado pelos militares, por\u00e9m o condutor n\u00e3o foi encontrado.<\/p>\n\n\n\n<p>Ao todo, foram recuperadas 783 unidades de t\u00eanis, sand\u00e1lias e sapatos. O jovem preso foi encaminhado para a Delegacia de Pol\u00edcia Civil de Leopoldina para as demais provid\u00eancias. Todo o material recuperado tamb\u00e9m foi encaminhado para a delegacia.<\/p>\n\n\n<div id=\"ovigi-744692924\">\r\n<p class=\"has-text-align-center has-small-font-size\">continua depois da publicidade<\/p>\r\n\r\n\r\n\r\n<hr class=\"wp-block-separator has-alpha-channel-opacity is-style-wide\"\/>\r\n\r\n\r\n<center> \r\n<figure class=\"wp-block-image size-large\"><a href=\"https:\/\/www.instagram.com\/unimedleopoldina241\/\" target=\"_blank\" rel=\"noreferrer noopener\"><img decoding=\"async\" src=\"https:\/\/www.ovigilanteonline.com.br\/site\/wp-content\/uploads\/2026\/04\/UNIMED-NOVO.jpg\" alt=\"\" class=\"wp-image-395070\"\/><\/a><\/figure>\r\n<\/figure>\r\n<!-- \/wp:gallery --> <\/center>\r\n\r\n<!-- wp:separator {\"className\":\"is-style-wide\"} -->\r\n<hr class=\"wp-block-separator has-alpha-channel-opacity is-style-wide\"\/>\r\n<!-- \/wp:separator -->\r\n<\/div>\n\n\n<p>Tamb\u00e9m participaram da a\u00e7\u00e3o os militares Sargento Samuel, Cabo Josi e Cabo Ramon. N\u00e3o h\u00e1 informa\u00e7\u00f5es sobre o estado de sa\u00fade do condutor da carreta acidentada e as causas do tombamento ser\u00e3o investigadas.<\/p>\n\n\n\n<p><em>Jornal O Vigilante Online<\/em><\/p>\n\n\n\n<h4 class=\"wp-block-heading\">\ud83d\udcf1 Acompanhe o jornal <strong>O Vigilante Online<\/strong> no <a href=\"https:\/\/www.facebook.com\/ovigilanteonline\/\" target=\"_blank\" rel=\"noreferrer noopener\">Facebook<\/a> e <a href=\"https:\/\/www.instagram.com\/ovigilanteonline\/\" target=\"_blank\" rel=\"noreferrer noopener\">Instagram<\/a><\/h4>\n\n\n\n<hr class=\"wp-block-separator has-alpha-channel-opacity is-style-wide\"\/>\n\n\n<div class=\"ultp-not-found-message\" role=\"alert\">No Post Found<\/div>\n\n\n<hr class=\"wp-block-separator has-alpha-channel-opacity is-style-wide\"\/>\n\n\n<div id=\"ovigi-889059580\"><a href=\"https:\/\/www.instagram.com\/cartosolarmg\/\" target=\"_blank\" aria-label=\"carto solar\"><img loading=\"lazy\" decoding=\"async\" src=\"https:\/\/www.ovigilanteonline.com.br\/site\/wp-content\/uploads\/2023\/05\/carto-solar-2-jpg.webp\" alt=\"\"  srcset=\"https:\/\/www.ovigilanteonline.com.br\/site\/wp-content\/uploads\/2023\/05\/carto-solar-2-jpg.webp 900w, https:\/\/www.ovigilanteonline.com.br\/site\/wp-content\/uploads\/2023\/05\/carto-solar-2-300x121.webp 300w, https:\/\/www.ovigilanteonline.com.br\/site\/wp-content\/uploads\/2023\/05\/carto-solar-2-768x311.webp 768w, https:\/\/www.ovigilanteonline.com.br\/site\/wp-content\/uploads\/2023\/05\/carto-solar-2-600x243.webp 600w\" sizes=\"auto, (max-width: 900px) 100vw, 900px\" width=\"900\" height=\"364\"   \/><\/a><\/div>\n\n\n<hr class=\"wp-block-separator has-alpha-channel-opacity is-style-wide\"\/>\n\n\n<div  class=\"ultp-post-grid-block wp-block-ultimate-post-post-grid-2 ultp-block-088331\"><div class=\"ultp-block-wrapper\"><div class=\"ultp-loading\"><div class=\"ultp-loading-blocks\" style=\"width:100%;height:100%;\"><div style=\"left: 0;top: 0;animation-delay:0s;\"><\/div><div style=\"left: 21px;top: 0;animation-delay:0.125s;\"><\/div><div style=\"left: 42px;top: 0;animation-delay:0.25s;\"><\/div><div style=\"left: 0;top: 21px;animation-delay:0.875s;\"><\/div><div style=\"left: 42px;top: 21px;animation-delay:0.375s;\"><\/div><div style=\"left: 0;top: 42px;animation-delay:0.75s;\"><\/div><div style=\"left: 42px;top: 42px;animation-delay:0.625s;\"><\/div><div style=\"left: 21px;top: 42px;animation-delay:0.5s;\"><\/div><\/div><\/div><div class=\"ultp-heading-filter\"><div class=\"ultp-heading-filter-in\"><div class=\"ultp-heading-wrap ultp-heading-style1 ultp-heading-left\"><h2 class=\"ultp-heading-inner\"><span>Leia tamb\u00e9m<\/span><\/h2><\/div><\/div><\/div><div class=\"ultp-block-items-wrap ultp-block-row\"><div class=\"ultp-block-item post-id-452251\"><div class=\"ultp-block-content-wrap ultp-block-content-overlay\"><div class=\"ultp-block-image ultp-block-image-none ultp-block-image-overlay ultp-block-image-simgleGradient\"><a href=\"https:\/\/www.ovigilanteonline.com.br\/site\/2026\/04\/28\/livro-caminhos-poeticos-em-tracos-e-lancado-em-leopoldina-com-exposicao-de-arte-e-sessao-de-autografos\/\" ><img decoding=\"async\"  alt=\"Livro &#8216;Caminhos Po\u00e9ticos em Tra\u00e7os&#8217; \u00e9 lan\u00e7ado em Leopoldina com exposi\u00e7\u00e3o de arte e sess\u00e3o de aut\u00f3grafos\"  src=\"https:\/\/www.ovigilanteonline.com.br\/site\/wp-content\/uploads\/2026\/04\/WhatsApp-Image-2026-04-27-at-13.12.51-870x570.jpeg\" \/><\/a><\/div><div class=\"ultp-block-content ultp-block-content-bottomPosition\"><div class=\"ultp-block-content-inner\"><h3 class=\"ultp-block-title \"><a href=\"https:\/\/www.ovigilanteonline.com.br\/site\/2026\/04\/28\/livro-caminhos-poeticos-em-tracos-e-lancado-em-leopoldina-com-exposicao-de-arte-e-sessao-de-autografos\/\" >Livro &#8216;Caminhos Po\u00e9ticos em Tra\u00e7os&#8217; \u00e9 lan\u00e7ado em Leopoldina com exposi\u00e7\u00e3o de arte e sess\u00e3o de aut\u00f3grafos<\/a><\/h3><\/div><\/div><\/div><\/div><div class=\"ultp-block-item post-id-452225\"><div class=\"ultp-block-content-wrap ultp-block-content-overlay\"><div class=\"ultp-block-image ultp-block-image-none ultp-block-image-overlay ultp-block-image-simgleGradient\"><a href=\"https:\/\/www.ovigilanteonline.com.br\/site\/2026\/04\/27\/172-anos-de-leopoldina-tradicao-cultura-e-identidade-que-atravessam-geracoes\/\" ><img decoding=\"async\"  alt=\"172 anos de Leopoldina: tradi\u00e7\u00e3o, cultura e identidade que atravessam gera\u00e7\u00f5es\"  src=\"https:\/\/www.ovigilanteonline.com.br\/site\/wp-content\/uploads\/2026\/04\/LEOPOLDINA-768x573-1-768x570.jpg\" \/><\/a><\/div><div class=\"ultp-block-content ultp-block-content-bottomPosition\"><div class=\"ultp-block-content-inner\"><h3 class=\"ultp-block-title \"><a href=\"https:\/\/www.ovigilanteonline.com.br\/site\/2026\/04\/27\/172-anos-de-leopoldina-tradicao-cultura-e-identidade-que-atravessam-geracoes\/\" >172 anos de Leopoldina: tradi\u00e7\u00e3o, cultura e identidade que atravessam gera\u00e7\u00f5es<\/a><\/h3><\/div><\/div><\/div><\/div><\/div><\/div><div class=\"pagination-block-html\" aria-hidden=\"true\" style=\"display: none;\"><\/div><\/div>\n\n\n<hr class=\"wp-block-separator has-alpha-channel-opacity is-style-wide\"\/>\n\n\n<div style=\"margin-left: auto; margin-right: auto; text-align: center; \" id=\"ovigi-340749183\"><a href=\"https:\/\/linktr.ee\/gr8isgreat\" target=\"_blank\" aria-label=\"GR801\"><img loading=\"lazy\" decoding=\"async\" src=\"https:\/\/www.ovigilanteonline.com.br\/site\/wp-content\/uploads\/2022\/10\/GR801.png\" alt=\"\"  srcset=\"https:\/\/www.ovigilanteonline.com.br\/site\/wp-content\/uploads\/2022\/10\/GR801.png 950w, https:\/\/www.ovigilanteonline.com.br\/site\/wp-content\/uploads\/2022\/10\/GR801-300x102.png 300w, https:\/\/www.ovigilanteonline.com.br\/site\/wp-content\/uploads\/2022\/10\/GR801-768x262.png 768w\" sizes=\"auto, (max-width: 950px) 100vw, 950px\" width=\"950\" height=\"324\"  style=\"display: inline-block;\" \/><\/a><\/div>\n\n<div  class=\"ultp-post-grid-block wp-block-ultimate-post-post-grid-1 ultp-block-3ee248\"><div class=\"ultp-block-wrapper\"><div class=\"ultp-loading\"><div class=\"ultp-loading-blocks\" style=\"width:100%;height:100%;\"><div style=\"left: 0;top: 0;animation-delay:0s;\"><\/div><div style=\"left: 21px;top: 0;animation-delay:0.125s;\"><\/div><div style=\"left: 42px;top: 0;animation-delay:0.25s;\"><\/div><div style=\"left: 0;top: 21px;animation-delay:0.875s;\"><\/div><div style=\"left: 42px;top: 21px;animation-delay:0.375s;\"><\/div><div style=\"left: 0;top: 42px;animation-delay:0.75s;\"><\/div><div style=\"left: 42px;top: 42px;animation-delay:0.625s;\"><\/div><div style=\"left: 21px;top: 42px;animation-delay:0.5s;\"><\/div><\/div><\/div><div class=\"ultp-heading-filter\"><div class=\"ultp-heading-filter-in\"><div class=\"ultp-heading-wrap ultp-heading-style1 ultp-heading-left\"><h2 class=\"ultp-heading-inner\"><span>Recentes mais lidas<\/span><\/h2><\/div><\/div><\/div><div class=\"ultp-block-items-wrap ultp-block-row ultp-pg1a-style1 ultp-grid1-responsive ultp-block-column-3 1 ultp-xs-column-1 ultp-layout1\"><div class=\"ultp-block-item post-id-452186\"><div class=\"ultp-block-content-wrap\"><div class=\"ultp-block-image ultp-block-image-opacity\"><a href=\"https:\/\/www.ovigilanteonline.com.br\/site\/2026\/04\/25\/consagracao-a-sao-miguel-arcanjo-reune-cerca-de-15-mil-fieis-em-leopoldina\/\" ><img decoding=\"async\"  class=\"ultp-block-image-content\"  alt=\"Consagra\u00e7\u00e3o a S\u00e3o Miguel Arcanjo re\u00fane cerca de 15 mil fi\u00e9is em Leopoldina\"  src=\"https:\/\/www.ovigilanteonline.com.br\/site\/wp-content\/uploads\/2026\/04\/IMG_2291-804x570.jpg\" \/><\/a><\/div><div class=\"ultp-block-content\"><h3 class=\"ultp-block-title \"><a href=\"https:\/\/www.ovigilanteonline.com.br\/site\/2026\/04\/25\/consagracao-a-sao-miguel-arcanjo-reune-cerca-de-15-mil-fieis-em-leopoldina\/\" >Consagra\u00e7\u00e3o a S\u00e3o Miguel Arcanjo re\u00fane cerca de 15 mil fi\u00e9is em Leopoldina<\/a><\/h3><\/div><\/div><\/div><div class=\"ultp-block-item post-id-451970\"><div class=\"ultp-block-content-wrap\"><div class=\"ultp-block-image ultp-block-image-opacity\"><a href=\"https:\/\/www.ovigilanteonline.com.br\/site\/2026\/04\/16\/policia-militar-apreende-fuzil-e-prende-homem-durante-operacao-em-leopoldina\/\" ><img decoding=\"async\"  class=\"ultp-block-image-content\"  alt=\"Pol\u00edcia Militar apreende fuzil e prende homem durante opera\u00e7\u00e3o em Leopoldina\"  src=\"https:\/\/www.ovigilanteonline.com.br\/site\/wp-content\/uploads\/2026\/04\/515454-870x570.jpeg\" \/><\/a><\/div><div class=\"ultp-block-content\"><h3 class=\"ultp-block-title \"><a href=\"https:\/\/www.ovigilanteonline.com.br\/site\/2026\/04\/16\/policia-militar-apreende-fuzil-e-prende-homem-durante-operacao-em-leopoldina\/\" >Pol\u00edcia Militar apreende fuzil e prende homem durante opera\u00e7\u00e3o em Leopoldina<\/a><\/h3><\/div><\/div><\/div><div class=\"ultp-block-item post-id-451917\"><div class=\"ultp-block-content-wrap\"><div class=\"ultp-block-image ultp-block-image-opacity\"><a href=\"https:\/\/www.ovigilanteonline.com.br\/site\/2026\/04\/14\/imagem-peregrina-de-sao-miguel-arcanjo-chega-a-leopoldina-em-missao-nacional\/\" ><img decoding=\"async\"  class=\"ultp-block-image-content\"  alt=\"Imagem Peregrina de S\u00e3o Miguel Arcanjo chega a Leopoldina em miss\u00e3o nacional\"  src=\"https:\/\/www.ovigilanteonline.com.br\/site\/wp-content\/uploads\/2026\/04\/WhatsApp-Image-2026-04-14-at-14.15.42-870x570.jpeg\" \/><\/a><\/div><div class=\"ultp-block-content\"><h3 class=\"ultp-block-title \"><a href=\"https:\/\/www.ovigilanteonline.com.br\/site\/2026\/04\/14\/imagem-peregrina-de-sao-miguel-arcanjo-chega-a-leopoldina-em-missao-nacional\/\" >Imagem Peregrina de S\u00e3o Miguel Arcanjo chega a Leopoldina em miss\u00e3o nacional<\/a><\/h3><\/div><\/div><\/div><\/div><\/div><div class=\"pagination-block-html\" aria-hidden=\"true\" style=\"display: none;\"><\/div><\/div>","protected":false},"excerpt":{"rendered":"<p>Acidente foi registrado pr\u00f3ximo de Al\u00e9m Para\u00edba. Dois ve\u00edculos foram apreendidos. A\u00e7\u00e3o ocorreu no Bairro Quinta Resid\u00eancia. A Pol\u00edcia Militar recuperou cerca de 700 unidades de cal\u00e7ados saqueados de uma carreta que se acidentou na BR-116, em Al\u00e9m Para\u00edba, neste domingo, 1\u00ba de outubro. Um jovem, de 21 anos, foi preso e dois ve\u00edculos apreendidos. [&hellip;]<\/p>\n","protected":false},"author":2,"featured_media":426580,"comment_status":"open","ping_status":"closed","sticky":false,"template":"","format":"standard","meta":{"footnotes":""},"categories":[1,26],"tags":[],"class_list":["post-426577","post","type-post","status-publish","format-standard","has-post-thumbnail","hentry","category-destaque","category-ultimas-noticias"],"yoast_head":"<!-- This site is optimized with the Yoast SEO plugin v27.4 - https:\/\/yoast.com\/product\/yoast-seo-wordpress\/ -->\n<title>PM recupera cerca de 700 cal\u00e7ados saqueados de carreta que tombou e prende uma pessoa em Leopoldina<\/title>\n<meta name=\"robots\" content=\"index, follow, max-snippet:-1, max-image-preview:large, max-video-preview:-1\" \/>\n<link rel=\"canonical\" href=\"https:\/\/www.ovigilanteonline.com.br\/site\/2023\/10\/02\/pm-recupera-cerca-de-700-calcados-saqueados-de-carreta-que-tombou-e-prende-uma-pessoa-em-leopoldina\/\" \/>\n<meta property=\"og:locale\" content=\"pt_BR\" \/>\n<meta property=\"og:type\" content=\"article\" \/>\n<meta property=\"og:title\" content=\"PM recupera cerca de 700 cal\u00e7ados saqueados de carreta que tombou e prende uma pessoa em Leopoldina\" \/>\n<meta property=\"og:description\" content=\"Acidente foi registrado pr\u00f3ximo de Al\u00e9m Para\u00edba. Dois ve\u00edculos foram apreendidos. A\u00e7\u00e3o ocorreu no Bairro Quinta Resid\u00eancia. A Pol\u00edcia Militar recuperou cerca de 700 unidades de cal\u00e7ados saqueados de uma carreta que se acidentou na BR-116, em Al\u00e9m Para\u00edba, neste domingo, 1\u00ba de outubro. Um jovem, de 21 anos, foi preso e dois ve\u00edculos apreendidos. [&hellip;]\" \/>\n<meta property=\"og:url\" content=\"https:\/\/www.ovigilanteonline.com.br\/site\/2023\/10\/02\/pm-recupera-cerca-de-700-calcados-saqueados-de-carreta-que-tombou-e-prende-uma-pessoa-em-leopoldina\/\" \/>\n<meta property=\"og:site_name\" content=\"O VIGILANTE ONLINE\" \/>\n<meta property=\"article:publisher\" content=\"https:\/\/www.facebook.com\/ovigilanteonline\" \/>\n<meta property=\"article:published_time\" content=\"2023-10-02T10:54:28+00:00\" \/>\n<meta property=\"article:modified_time\" content=\"2023-10-02T11:44:27+00:00\" \/>\n<meta property=\"og:image\" content=\"https:\/\/www.ovigilanteonline.com.br\/site\/wp-content\/uploads\/2023\/10\/5878-jpeg.webp\" \/>\n\t<meta property=\"og:image:width\" content=\"900\" \/>\n\t<meta property=\"og:image:height\" content=\"530\" \/>\n\t<meta property=\"og:image:type\" content=\"image\/jpeg\" \/>\n<meta name=\"author\" content=\"Jornalismo\" \/>\n<meta name=\"twitter:card\" content=\"summary_large_image\" \/>\n<meta name=\"twitter:label1\" content=\"Escrito por\" \/>\n\t<meta name=\"twitter:data1\" content=\"Jornalismo\" \/>\n\t<meta name=\"twitter:label2\" content=\"Est. tempo de leitura\" \/>\n\t<meta name=\"twitter:data2\" content=\"2 minutos\" \/>\n<script type=\"application\/ld+json\" class=\"yoast-schema-graph\">{\"@context\":\"https:\\\/\\\/schema.org\",\"@graph\":[{\"@type\":\"Article\",\"@id\":\"https:\\\/\\\/www.ovigilanteonline.com.br\\\/site\\\/2023\\\/10\\\/02\\\/pm-recupera-cerca-de-700-calcados-saqueados-de-carreta-que-tombou-e-prende-uma-pessoa-em-leopoldina\\\/#article\",\"isPartOf\":{\"@id\":\"https:\\\/\\\/www.ovigilanteonline.com.br\\\/site\\\/2023\\\/10\\\/02\\\/pm-recupera-cerca-de-700-calcados-saqueados-de-carreta-que-tombou-e-prende-uma-pessoa-em-leopoldina\\\/\"},\"author\":{\"name\":\"Jornalismo\",\"@id\":\"https:\\\/\\\/www.ovigilanteonline.com.br\\\/site\\\/#\\\/schema\\\/person\\\/538fdfb33c0c411cd14a732e7cf14aa6\"},\"headline\":\"PM recupera cerca de 700 cal\u00e7ados saqueados de carreta que tombou e prende uma pessoa em Leopoldina\",\"datePublished\":\"2023-10-02T10:54:28+00:00\",\"dateModified\":\"2023-10-02T11:44:27+00:00\",\"mainEntityOfPage\":{\"@id\":\"https:\\\/\\\/www.ovigilanteonline.com.br\\\/site\\\/2023\\\/10\\\/02\\\/pm-recupera-cerca-de-700-calcados-saqueados-de-carreta-que-tombou-e-prende-uma-pessoa-em-leopoldina\\\/\"},\"wordCount\":280,\"commentCount\":0,\"image\":{\"@id\":\"https:\\\/\\\/www.ovigilanteonline.com.br\\\/site\\\/2023\\\/10\\\/02\\\/pm-recupera-cerca-de-700-calcados-saqueados-de-carreta-que-tombou-e-prende-uma-pessoa-em-leopoldina\\\/#primaryimage\"},\"thumbnailUrl\":\"https:\\\/\\\/www.ovigilanteonline.com.br\\\/site\\\/wp-content\\\/uploads\\\/2023\\\/10\\\/WhatsApp-Image-2023-10-02-at-06.09.17-jpeg.webp\",\"articleSection\":[\"Destaque\",\"\u00daltimas Not\u00edcias\"],\"inLanguage\":\"pt-BR\",\"potentialAction\":[{\"@type\":\"CommentAction\",\"name\":\"Comment\",\"target\":[\"https:\\\/\\\/www.ovigilanteonline.com.br\\\/site\\\/2023\\\/10\\\/02\\\/pm-recupera-cerca-de-700-calcados-saqueados-de-carreta-que-tombou-e-prende-uma-pessoa-em-leopoldina\\\/#respond\"]}]},{\"@type\":\"WebPage\",\"@id\":\"https:\\\/\\\/www.ovigilanteonline.com.br\\\/site\\\/2023\\\/10\\\/02\\\/pm-recupera-cerca-de-700-calcados-saqueados-de-carreta-que-tombou-e-prende-uma-pessoa-em-leopoldina\\\/\",\"url\":\"https:\\\/\\\/www.ovigilanteonline.com.br\\\/site\\\/2023\\\/10\\\/02\\\/pm-recupera-cerca-de-700-calcados-saqueados-de-carreta-que-tombou-e-prende-uma-pessoa-em-leopoldina\\\/\",\"name\":\"PM recupera cerca de 700 cal\u00e7ados saqueados de carreta que tombou e prende uma pessoa em Leopoldina\",\"isPartOf\":{\"@id\":\"https:\\\/\\\/www.ovigilanteonline.com.br\\\/site\\\/#website\"},\"primaryImageOfPage\":{\"@id\":\"https:\\\/\\\/www.ovigilanteonline.com.br\\\/site\\\/2023\\\/10\\\/02\\\/pm-recupera-cerca-de-700-calcados-saqueados-de-carreta-que-tombou-e-prende-uma-pessoa-em-leopoldina\\\/#primaryimage\"},\"image\":{\"@id\":\"https:\\\/\\\/www.ovigilanteonline.com.br\\\/site\\\/2023\\\/10\\\/02\\\/pm-recupera-cerca-de-700-calcados-saqueados-de-carreta-que-tombou-e-prende-uma-pessoa-em-leopoldina\\\/#primaryimage\"},\"thumbnailUrl\":\"https:\\\/\\\/www.ovigilanteonline.com.br\\\/site\\\/wp-content\\\/uploads\\\/2023\\\/10\\\/WhatsApp-Image-2023-10-02-at-06.09.17-jpeg.webp\",\"datePublished\":\"2023-10-02T10:54:28+00:00\",\"dateModified\":\"2023-10-02T11:44:27+00:00\",\"author\":{\"@id\":\"https:\\\/\\\/www.ovigilanteonline.com.br\\\/site\\\/#\\\/schema\\\/person\\\/538fdfb33c0c411cd14a732e7cf14aa6\"},\"breadcrumb\":{\"@id\":\"https:\\\/\\\/www.ovigilanteonline.com.br\\\/site\\\/2023\\\/10\\\/02\\\/pm-recupera-cerca-de-700-calcados-saqueados-de-carreta-que-tombou-e-prende-uma-pessoa-em-leopoldina\\\/#breadcrumb\"},\"inLanguage\":\"pt-BR\",\"potentialAction\":[{\"@type\":\"ReadAction\",\"target\":[\"https:\\\/\\\/www.ovigilanteonline.com.br\\\/site\\\/2023\\\/10\\\/02\\\/pm-recupera-cerca-de-700-calcados-saqueados-de-carreta-que-tombou-e-prende-uma-pessoa-em-leopoldina\\\/\"]}]},{\"@type\":\"ImageObject\",\"inLanguage\":\"pt-BR\",\"@id\":\"https:\\\/\\\/www.ovigilanteonline.com.br\\\/site\\\/2023\\\/10\\\/02\\\/pm-recupera-cerca-de-700-calcados-saqueados-de-carreta-que-tombou-e-prende-uma-pessoa-em-leopoldina\\\/#primaryimage\",\"url\":\"https:\\\/\\\/www.ovigilanteonline.com.br\\\/site\\\/wp-content\\\/uploads\\\/2023\\\/10\\\/WhatsApp-Image-2023-10-02-at-06.09.17-jpeg.webp\",\"contentUrl\":\"https:\\\/\\\/www.ovigilanteonline.com.br\\\/site\\\/wp-content\\\/uploads\\\/2023\\\/10\\\/WhatsApp-Image-2023-10-02-at-06.09.17-jpeg.webp\",\"width\":900,\"height\":582},{\"@type\":\"BreadcrumbList\",\"@id\":\"https:\\\/\\\/www.ovigilanteonline.com.br\\\/site\\\/2023\\\/10\\\/02\\\/pm-recupera-cerca-de-700-calcados-saqueados-de-carreta-que-tombou-e-prende-uma-pessoa-em-leopoldina\\\/#breadcrumb\",\"itemListElement\":[{\"@type\":\"ListItem\",\"position\":1,\"name\":\"In\u00edcio\",\"item\":\"https:\\\/\\\/www.ovigilanteonline.com.br\\\/site\\\/\"},{\"@type\":\"ListItem\",\"position\":2,\"name\":\"PM recupera cerca de 700 cal\u00e7ados saqueados de carreta que tombou e prende uma pessoa em Leopoldina\"}]},{\"@type\":\"WebSite\",\"@id\":\"https:\\\/\\\/www.ovigilanteonline.com.br\\\/site\\\/#website\",\"url\":\"https:\\\/\\\/www.ovigilanteonline.com.br\\\/site\\\/\",\"name\":\"O VIGILANTE ONLINE - Not\u00edcias de Leopoldina e regi\u00e3o\",\"description\":\"\",\"potentialAction\":[{\"@type\":\"SearchAction\",\"target\":{\"@type\":\"EntryPoint\",\"urlTemplate\":\"https:\\\/\\\/www.ovigilanteonline.com.br\\\/site\\\/?s={search_term_string}\"},\"query-input\":{\"@type\":\"PropertyValueSpecification\",\"valueRequired\":true,\"valueName\":\"search_term_string\"}}],\"inLanguage\":\"pt-BR\"},{\"@type\":\"Person\",\"@id\":\"https:\\\/\\\/www.ovigilanteonline.com.br\\\/site\\\/#\\\/schema\\\/person\\\/538fdfb33c0c411cd14a732e7cf14aa6\",\"name\":\"Jornalismo\"}]}<\/script>\n<!-- \/ Yoast SEO plugin. -->","yoast_head_json":{"title":"PM recupera cerca de 700 cal\u00e7ados saqueados de carreta que tombou e prende uma pessoa em Leopoldina","robots":{"index":"index","follow":"follow","max-snippet":"max-snippet:-1","max-image-preview":"max-image-preview:large","max-video-preview":"max-video-preview:-1"},"canonical":"https:\/\/www.ovigilanteonline.com.br\/site\/2023\/10\/02\/pm-recupera-cerca-de-700-calcados-saqueados-de-carreta-que-tombou-e-prende-uma-pessoa-em-leopoldina\/","og_locale":"pt_BR","og_type":"article","og_title":"PM recupera cerca de 700 cal\u00e7ados saqueados de carreta que tombou e prende uma pessoa em Leopoldina","og_description":"Acidente foi registrado pr\u00f3ximo de Al\u00e9m Para\u00edba. Dois ve\u00edculos foram apreendidos. A\u00e7\u00e3o ocorreu no Bairro Quinta Resid\u00eancia. A Pol\u00edcia Militar recuperou cerca de 700 unidades de cal\u00e7ados saqueados de uma carreta que se acidentou na BR-116, em Al\u00e9m Para\u00edba, neste domingo, 1\u00ba de outubro. Um jovem, de 21 anos, foi preso e dois ve\u00edculos apreendidos. [&hellip;]","og_url":"https:\/\/www.ovigilanteonline.com.br\/site\/2023\/10\/02\/pm-recupera-cerca-de-700-calcados-saqueados-de-carreta-que-tombou-e-prende-uma-pessoa-em-leopoldina\/","og_site_name":"O VIGILANTE ONLINE","article_publisher":"https:\/\/www.facebook.com\/ovigilanteonline","article_published_time":"2023-10-02T10:54:28+00:00","article_modified_time":"2023-10-02T11:44:27+00:00","og_image":[{"width":900,"height":530,"url":"https:\/\/www.ovigilanteonline.com.br\/site\/wp-content\/uploads\/2023\/10\/5878-jpeg.webp","type":"image\/jpeg"}],"author":"Jornalismo","twitter_card":"summary_large_image","twitter_misc":{"Escrito por":"Jornalismo","Est. tempo de leitura":"2 minutos"},"schema":{"@context":"https:\/\/schema.org","@graph":[{"@type":"Article","@id":"https:\/\/www.ovigilanteonline.com.br\/site\/2023\/10\/02\/pm-recupera-cerca-de-700-calcados-saqueados-de-carreta-que-tombou-e-prende-uma-pessoa-em-leopoldina\/#article","isPartOf":{"@id":"https:\/\/www.ovigilanteonline.com.br\/site\/2023\/10\/02\/pm-recupera-cerca-de-700-calcados-saqueados-de-carreta-que-tombou-e-prende-uma-pessoa-em-leopoldina\/"},"author":{"name":"Jornalismo","@id":"https:\/\/www.ovigilanteonline.com.br\/site\/#\/schema\/person\/538fdfb33c0c411cd14a732e7cf14aa6"},"headline":"PM recupera cerca de 700 cal\u00e7ados saqueados de carreta que tombou e prende uma pessoa em Leopoldina","datePublished":"2023-10-02T10:54:28+00:00","dateModified":"2023-10-02T11:44:27+00:00","mainEntityOfPage":{"@id":"https:\/\/www.ovigilanteonline.com.br\/site\/2023\/10\/02\/pm-recupera-cerca-de-700-calcados-saqueados-de-carreta-que-tombou-e-prende-uma-pessoa-em-leopoldina\/"},"wordCount":280,"commentCount":0,"image":{"@id":"https:\/\/www.ovigilanteonline.com.br\/site\/2023\/10\/02\/pm-recupera-cerca-de-700-calcados-saqueados-de-carreta-que-tombou-e-prende-uma-pessoa-em-leopoldina\/#primaryimage"},"thumbnailUrl":"https:\/\/www.ovigilanteonline.com.br\/site\/wp-content\/uploads\/2023\/10\/WhatsApp-Image-2023-10-02-at-06.09.17-jpeg.webp","articleSection":["Destaque","\u00daltimas Not\u00edcias"],"inLanguage":"pt-BR","potentialAction":[{"@type":"CommentAction","name":"Comment","target":["https:\/\/www.ovigilanteonline.com.br\/site\/2023\/10\/02\/pm-recupera-cerca-de-700-calcados-saqueados-de-carreta-que-tombou-e-prende-uma-pessoa-em-leopoldina\/#respond"]}]},{"@type":"WebPage","@id":"https:\/\/www.ovigilanteonline.com.br\/site\/2023\/10\/02\/pm-recupera-cerca-de-700-calcados-saqueados-de-carreta-que-tombou-e-prende-uma-pessoa-em-leopoldina\/","url":"https:\/\/www.ovigilanteonline.com.br\/site\/2023\/10\/02\/pm-recupera-cerca-de-700-calcados-saqueados-de-carreta-que-tombou-e-prende-uma-pessoa-em-leopoldina\/","name":"PM recupera cerca de 700 cal\u00e7ados saqueados de carreta que tombou e prende uma pessoa em Leopoldina","isPartOf":{"@id":"https:\/\/www.ovigilanteonline.com.br\/site\/#website"},"primaryImageOfPage":{"@id":"https:\/\/www.ovigilanteonline.com.br\/site\/2023\/10\/02\/pm-recupera-cerca-de-700-calcados-saqueados-de-carreta-que-tombou-e-prende-uma-pessoa-em-leopoldina\/#primaryimage"},"image":{"@id":"https:\/\/www.ovigilanteonline.com.br\/site\/2023\/10\/02\/pm-recupera-cerca-de-700-calcados-saqueados-de-carreta-que-tombou-e-prende-uma-pessoa-em-leopoldina\/#primaryimage"},"thumbnailUrl":"https:\/\/www.ovigilanteonline.com.br\/site\/wp-content\/uploads\/2023\/10\/WhatsApp-Image-2023-10-02-at-06.09.17-jpeg.webp","datePublished":"2023-10-02T10:54:28+00:00","dateModified":"2023-10-02T11:44:27+00:00","author":{"@id":"https:\/\/www.ovigilanteonline.com.br\/site\/#\/schema\/person\/538fdfb33c0c411cd14a732e7cf14aa6"},"breadcrumb":{"@id":"https:\/\/www.ovigilanteonline.com.br\/site\/2023\/10\/02\/pm-recupera-cerca-de-700-calcados-saqueados-de-carreta-que-tombou-e-prende-uma-pessoa-em-leopoldina\/#breadcrumb"},"inLanguage":"pt-BR","potentialAction":[{"@type":"ReadAction","target":["https:\/\/www.ovigilanteonline.com.br\/site\/2023\/10\/02\/pm-recupera-cerca-de-700-calcados-saqueados-de-carreta-que-tombou-e-prende-uma-pessoa-em-leopoldina\/"]}]},{"@type":"ImageObject","inLanguage":"pt-BR","@id":"https:\/\/www.ovigilanteonline.com.br\/site\/2023\/10\/02\/pm-recupera-cerca-de-700-calcados-saqueados-de-carreta-que-tombou-e-prende-uma-pessoa-em-leopoldina\/#primaryimage","url":"https:\/\/www.ovigilanteonline.com.br\/site\/wp-content\/uploads\/2023\/10\/WhatsApp-Image-2023-10-02-at-06.09.17-jpeg.webp","contentUrl":"https:\/\/www.ovigilanteonline.com.br\/site\/wp-content\/uploads\/2023\/10\/WhatsApp-Image-2023-10-02-at-06.09.17-jpeg.webp","width":900,"height":582},{"@type":"BreadcrumbList","@id":"https:\/\/www.ovigilanteonline.com.br\/site\/2023\/10\/02\/pm-recupera-cerca-de-700-calcados-saqueados-de-carreta-que-tombou-e-prende-uma-pessoa-em-leopoldina\/#breadcrumb","itemListElement":[{"@type":"ListItem","position":1,"name":"In\u00edcio","item":"https:\/\/www.ovigilanteonline.com.br\/site\/"},{"@type":"ListItem","position":2,"name":"PM recupera cerca de 700 cal\u00e7ados saqueados de carreta que tombou e prende uma pessoa em Leopoldina"}]},{"@type":"WebSite","@id":"https:\/\/www.ovigilanteonline.com.br\/site\/#website","url":"https:\/\/www.ovigilanteonline.com.br\/site\/","name":"O VIGILANTE ONLINE - Not\u00edcias de Leopoldina e regi\u00e3o","description":"","potentialAction":[{"@type":"SearchAction","target":{"@type":"EntryPoint","urlTemplate":"https:\/\/www.ovigilanteonline.com.br\/site\/?s={search_term_string}"},"query-input":{"@type":"PropertyValueSpecification","valueRequired":true,"valueName":"search_term_string"}}],"inLanguage":"pt-BR"},{"@type":"Person","@id":"https:\/\/www.ovigilanteonline.com.br\/site\/#\/schema\/person\/538fdfb33c0c411cd14a732e7cf14aa6","name":"Jornalismo"}]}},"cc_featured_image_caption":{"caption_text":"PM\/Divulga\u00e7\u00e3o","source_text":"","source_url":""},"_links":{"self":[{"href":"https:\/\/www.ovigilanteonline.com.br\/site\/wp-json\/wp\/v2\/posts\/426577","targetHints":{"allow":["GET"]}}],"collection":[{"href":"https:\/\/www.ovigilanteonline.com.br\/site\/wp-json\/wp\/v2\/posts"}],"about":[{"href":"https:\/\/www.ovigilanteonline.com.br\/site\/wp-json\/wp\/v2\/types\/post"}],"author":[{"embeddable":true,"href":"https:\/\/www.ovigilanteonline.com.br\/site\/wp-json\/wp\/v2\/users\/2"}],"replies":[{"embeddable":true,"href":"https:\/\/www.ovigilanteonline.com.br\/site\/wp-json\/wp\/v2\/comments?post=426577"}],"version-history":[{"count":0,"href":"https:\/\/www.ovigilanteonline.com.br\/site\/wp-json\/wp\/v2\/posts\/426577\/revisions"}],"wp:featuredmedia":[{"embeddable":true,"href":"https:\/\/www.ovigilanteonline.com.br\/site\/wp-json\/wp\/v2\/media\/426580"}],"wp:attachment":[{"href":"https:\/\/www.ovigilanteonline.com.br\/site\/wp-json\/wp\/v2\/media?parent=426577"}],"wp:term":[{"taxonomy":"category","embeddable":true,"href":"https:\/\/www.ovigilanteonline.com.br\/site\/wp-json\/wp\/v2\/categories?post=426577"},{"taxonomy":"post_tag","embeddable":true,"href":"https:\/\/www.ovigilanteonline.com.br\/site\/wp-json\/wp\/v2\/tags?post=426577"}],"curies":[{"name":"wp","href":"https:\/\/api.w.org\/{rel}","templated":true}]}}