{"id":424942,"date":"2023-08-19T19:29:25","date_gmt":"2023-08-19T22:29:25","guid":{"rendered":"https:\/\/www.ovigilanteonline.com.br\/site\/?p=424942"},"modified":"2023-08-19T19:31:56","modified_gmt":"2023-08-19T22:31:56","slug":"prefeitura-promove-palestra-sobre-violencia-contra-a-mulher-na-apae","status":"publish","type":"post","link":"https:\/\/www.ovigilanteonline.com.br\/site\/2023\/08\/19\/prefeitura-promove-palestra-sobre-violencia-contra-a-mulher-na-apae\/","title":{"rendered":"Prefeitura promove palestra sobre viol\u00eancia contra a mulher na Apae de Leopoldina"},"content":{"rendered":"\n<p><\/p>\n\n\n\n<figure class=\"wp-block-image size-full\"><img loading=\"lazy\" decoding=\"async\" width=\"900\" height=\"564\" src=\"https:\/\/www.ovigilanteonline.com.br\/site\/wp-content\/uploads\/2023\/08\/WhatsApp-Image-2023-08-17-at-17.05.08-jpeg.webp\" alt=\"\" class=\"wp-image-424944\" srcset=\"https:\/\/www.ovigilanteonline.com.br\/site\/wp-content\/uploads\/2023\/08\/WhatsApp-Image-2023-08-17-at-17.05.08-jpeg.webp 900w, https:\/\/www.ovigilanteonline.com.br\/site\/wp-content\/uploads\/2023\/08\/WhatsApp-Image-2023-08-17-at-17.05.08-300x188.webp 300w, https:\/\/www.ovigilanteonline.com.br\/site\/wp-content\/uploads\/2023\/08\/WhatsApp-Image-2023-08-17-at-17.05.08-768x481.webp 768w, https:\/\/www.ovigilanteonline.com.br\/site\/wp-content\/uploads\/2023\/08\/WhatsApp-Image-2023-08-17-at-17.05.08-600x376.webp 600w\" sizes=\"auto, (max-width: 900px) 100vw, 900px\" \/><\/figure>\n\n\n\n<figure class=\"wp-block-image size-full\"><img loading=\"lazy\" decoding=\"async\" width=\"900\" height=\"582\" src=\"https:\/\/www.ovigilanteonline.com.br\/site\/wp-content\/uploads\/2023\/08\/WhatsApp-Image-2023-08-17-at-17.05.08-1-jpeg.webp\" alt=\"\" class=\"wp-image-424943\" srcset=\"https:\/\/www.ovigilanteonline.com.br\/site\/wp-content\/uploads\/2023\/08\/WhatsApp-Image-2023-08-17-at-17.05.08-1-jpeg.webp 900w, https:\/\/www.ovigilanteonline.com.br\/site\/wp-content\/uploads\/2023\/08\/WhatsApp-Image-2023-08-17-at-17.05.08-1-300x194.webp 300w, https:\/\/www.ovigilanteonline.com.br\/site\/wp-content\/uploads\/2023\/08\/WhatsApp-Image-2023-08-17-at-17.05.08-1-768x497.webp 768w, https:\/\/www.ovigilanteonline.com.br\/site\/wp-content\/uploads\/2023\/08\/WhatsApp-Image-2023-08-17-at-17.05.08-1-600x388.webp 600w\" sizes=\"auto, (max-width: 900px) 100vw, 900px\" \/><\/figure>\n\n\n\n<figure class=\"wp-block-image size-full\"><img loading=\"lazy\" decoding=\"async\" width=\"900\" height=\"488\" src=\"https:\/\/www.ovigilanteonline.com.br\/site\/wp-content\/uploads\/2023\/08\/WhatsApp-Image-2023-08-17-at-17.05.09-jpeg.webp\" alt=\"\" class=\"wp-image-424946\" srcset=\"https:\/\/www.ovigilanteonline.com.br\/site\/wp-content\/uploads\/2023\/08\/WhatsApp-Image-2023-08-17-at-17.05.09-jpeg.webp 900w, https:\/\/www.ovigilanteonline.com.br\/site\/wp-content\/uploads\/2023\/08\/WhatsApp-Image-2023-08-17-at-17.05.09-300x163.webp 300w, https:\/\/www.ovigilanteonline.com.br\/site\/wp-content\/uploads\/2023\/08\/WhatsApp-Image-2023-08-17-at-17.05.09-768x416.webp 768w, https:\/\/www.ovigilanteonline.com.br\/site\/wp-content\/uploads\/2023\/08\/WhatsApp-Image-2023-08-17-at-17.05.09-600x325.webp 600w\" sizes=\"auto, (max-width: 900px) 100vw, 900px\" \/><\/figure>\n\n\n\n<p>Agosto \u00e9 o m\u00eas do combate e enfrentamento \u00e0 viol\u00eancia dom\u00e9stica contra a mulher e para refor\u00e7ar essa luta, a Prefeitura de Leopoldina, por meio da Secretaria de Assist\u00eancia Social, vem promovendo uma s\u00e9rie de palestras sobre o Agosto Lil\u00e1s. Nesta quinta-feira, dia 17, o encontro aconteceu na APAE Leopoldina.<\/p>\n\n\n\n<p>O objetivo \u00e9 levar alunos e professores reflex\u00f5es sobre a Campanha de preven\u00e7\u00e3o contra a viol\u00eancia contra as mulheres, que n\u00e3o \u00e9 s\u00f3 a f\u00edsica, podendo ela ser moral, patrimonial, sexual e psicol\u00f3gica.<\/p>\n\n\n\n\n\n<p>Al\u00e9m de orientar, equipes da Secretaria de Assist\u00eancia Social informam sobre os canais de den\u00fancia, bem como as medidas de prote\u00e7\u00e3o garantidas pela Lei Maria da Penha.<\/p>\n\n\n\n<p><strong>Leia tamb\u00e9m: <a href=\"https:\/\/www.ovigilanteonline.com.br\/site\/2023\/08\/07\/agosto-lilas-campanha-promove-combate-a-violencia-domestica-em-leopoldina\/\">Agosto Lil\u00e1s: campanha promove combate \u00e0 viol\u00eancia dom\u00e9stica em Leopoldina<\/a><\/strong><\/p>\n\n\n\n<p>Atrav\u00e9s da Secretaria de Assist\u00eancia Social, a Prefeitura conta com o servi\u00e7o prestado pelo CREAS, que atende, al\u00e9m de outras demandas, mulheres v\u00edtimas de viol\u00eancia, com acompanhamento psicossocial e orienta\u00e7\u00e3o jur\u00eddica.<\/p>\n\n\n<div id=\"ovigi-271658912\">\r\n<p class=\"has-text-align-center has-small-font-size\">continua depois da publicidade<\/p>\r\n\r\n\r\n\r\n<hr class=\"wp-block-separator has-alpha-channel-opacity is-style-wide\"\/>\r\n\r\n\r\n<center> \r\n<figure class=\"wp-block-image size-large\"><a href=\"https:\/\/www.instagram.com\/unimedleopoldina241\/\" target=\"_blank\" rel=\"noreferrer noopener\"><img decoding=\"async\" src=\"https:\/\/www.ovigilanteonline.com.br\/site\/wp-content\/uploads\/2026\/03\/UNIMED-FINAL.jpg\" alt=\"\" class=\"wp-image-395070\"\/><\/a><\/figure>\r\n<\/figure>\r\n<!-- \/wp:gallery --> <\/center>\r\n\r\n<!-- wp:separator {\"className\":\"is-style-wide\"} -->\r\n<hr class=\"wp-block-separator has-alpha-channel-opacity is-style-wide\"\/>\r\n<!-- \/wp:separator -->\r\n<\/div>\n\n\n<p>Se voc\u00ea foi ou \u00e9 v\u00edtima de viol\u00eancia dom\u00e9stica, ou conhece algu\u00e9m que esteja nessa situa\u00e7\u00e3o, denuncie discando 180. Ou ligue para CRAS Alto do Cemit\u00e9rio 3694-4286, CRAS Bela Vista 3449-6829, CRAS Quinta Resid\u00eancia 3694-4223, CREAS 3441-5563.<\/p>\n\n\n\n<p>Prefeitura de Leopoldina<\/p>\n\n\n\n<h4 class=\"wp-block-heading\">\ud83d\udcf1 Acompanhe o jornal <strong>O Vigilante Online<\/strong> no <a href=\"https:\/\/www.facebook.com\/ovigilanteonline\/\" target=\"_blank\" rel=\"noreferrer noopener\">Facebook<\/a> e <a href=\"https:\/\/www.instagram.com\/ovigilanteonline\/\" target=\"_blank\" rel=\"noreferrer noopener\">Instagram<\/a><\/h4>\n\n\n\n<hr class=\"wp-block-separator has-alpha-channel-opacity is-style-wide\"\/>\n\n\n<div class=\"ultp-not-found-message\" role=\"alert\">No Post Found<\/div>\n\n\n<hr class=\"wp-block-separator has-alpha-channel-opacity is-style-wide\"\/>\n\n\n<div id=\"ovigi-137642781\"><a href=\"https:\/\/www.instagram.com\/cartosolarmg\/\" target=\"_blank\" aria-label=\"carto solar\"><img loading=\"lazy\" decoding=\"async\" src=\"https:\/\/www.ovigilanteonline.com.br\/site\/wp-content\/uploads\/2023\/05\/carto-solar-2-jpg.webp\" alt=\"\"  srcset=\"https:\/\/www.ovigilanteonline.com.br\/site\/wp-content\/uploads\/2023\/05\/carto-solar-2-jpg.webp 900w, https:\/\/www.ovigilanteonline.com.br\/site\/wp-content\/uploads\/2023\/05\/carto-solar-2-300x121.webp 300w, https:\/\/www.ovigilanteonline.com.br\/site\/wp-content\/uploads\/2023\/05\/carto-solar-2-768x311.webp 768w, https:\/\/www.ovigilanteonline.com.br\/site\/wp-content\/uploads\/2023\/05\/carto-solar-2-600x243.webp 600w\" sizes=\"auto, (max-width: 900px) 100vw, 900px\" width=\"900\" height=\"364\"   \/><\/a><\/div>\n\n\n<hr class=\"wp-block-separator has-alpha-channel-opacity is-style-wide\"\/>\n\n\n<div  class=\"ultp-post-grid-block wp-block-ultimate-post-post-grid-2 ultp-block-a69ec8\"><div class=\"ultp-block-wrapper\"><div class=\"ultp-loading\"><div class=\"ultp-loading-blocks\" style=\"width:100%;height:100%;\"><div style=\"left: 0;top: 0;animation-delay:0s;\"><\/div><div style=\"left: 21px;top: 0;animation-delay:0.125s;\"><\/div><div style=\"left: 42px;top: 0;animation-delay:0.25s;\"><\/div><div style=\"left: 0;top: 21px;animation-delay:0.875s;\"><\/div><div style=\"left: 42px;top: 21px;animation-delay:0.375s;\"><\/div><div style=\"left: 0;top: 42px;animation-delay:0.75s;\"><\/div><div style=\"left: 42px;top: 42px;animation-delay:0.625s;\"><\/div><div style=\"left: 21px;top: 42px;animation-delay:0.5s;\"><\/div><\/div><\/div><div class=\"ultp-heading-filter\"><div class=\"ultp-heading-filter-in\"><div class=\"ultp-heading-wrap ultp-heading-style1 ultp-heading-left\"><h2 class=\"ultp-heading-inner\"><span>Leia tamb\u00e9m<\/span><\/h2><\/div><\/div><\/div><div class=\"ultp-block-items-wrap ultp-block-row\"><div class=\"ultp-block-item post-id-452210\"><div class=\"ultp-block-content-wrap ultp-block-content-overlay\"><div class=\"ultp-block-image ultp-block-image-none ultp-block-image-overlay ultp-block-image-simgleGradient\"><a href=\"https:\/\/www.ovigilanteonline.com.br\/site\/2026\/04\/26\/homem-e-preso-pela-pm-apos-furto-de-fios-e-resistencia-a-abordagem-policial-em-leopoldina\/\" ><img decoding=\"async\"  alt=\"Homem \u00e9 preso pela PM ap\u00f3s furto de fios e resist\u00eancia \u00e0 abordagem policial em Leopoldina\"  src=\"https:\/\/www.ovigilanteonline.com.br\/site\/wp-content\/uploads\/2026\/02\/pm-viatura-3.jpg\" \/><\/a><\/div><div class=\"ultp-block-content ultp-block-content-bottomPosition\"><div class=\"ultp-block-content-inner\"><h3 class=\"ultp-block-title \"><a href=\"https:\/\/www.ovigilanteonline.com.br\/site\/2026\/04\/26\/homem-e-preso-pela-pm-apos-furto-de-fios-e-resistencia-a-abordagem-policial-em-leopoldina\/\" >Homem \u00e9 preso pela PM ap\u00f3s furto de fios e resist\u00eancia \u00e0 abordagem policial em Leopoldina<\/a><\/h3><\/div><\/div><\/div><\/div><div class=\"ultp-block-item post-id-452186\"><div class=\"ultp-block-content-wrap ultp-block-content-overlay\"><div class=\"ultp-block-image ultp-block-image-none ultp-block-image-overlay ultp-block-image-simgleGradient\"><a href=\"https:\/\/www.ovigilanteonline.com.br\/site\/2026\/04\/25\/consagracao-a-sao-miguel-arcanjo-reune-cerca-de-15-mil-fieis-em-leopoldina\/\" ><img decoding=\"async\"  alt=\"Consagra\u00e7\u00e3o a S\u00e3o Miguel Arcanjo re\u00fane cerca de 15 mil fi\u00e9is em Leopoldina\"  src=\"https:\/\/www.ovigilanteonline.com.br\/site\/wp-content\/uploads\/2026\/04\/IMG_2291-804x570.jpg\" \/><\/a><\/div><div class=\"ultp-block-content ultp-block-content-bottomPosition\"><div class=\"ultp-block-content-inner\"><h3 class=\"ultp-block-title \"><a href=\"https:\/\/www.ovigilanteonline.com.br\/site\/2026\/04\/25\/consagracao-a-sao-miguel-arcanjo-reune-cerca-de-15-mil-fieis-em-leopoldina\/\" >Consagra\u00e7\u00e3o a S\u00e3o Miguel Arcanjo re\u00fane cerca de 15 mil fi\u00e9is em Leopoldina<\/a><\/h3><\/div><\/div><\/div><\/div><\/div><\/div><div class=\"pagination-block-html\" aria-hidden=\"true\" style=\"display: none;\"><\/div><\/div>","protected":false},"excerpt":{"rendered":"<p>Al\u00e9m de orientar, equipes da Secretaria de Assist\u00eancia Social informam sobre os canais de den\u00fancia, bem como as medidas de prote\u00e7\u00e3o garantidas pela Lei Maria da Penha.<\/p>\n","protected":false},"author":2,"featured_media":424945,"comment_status":"open","ping_status":"open","sticky":false,"template":"","format":"standard","meta":{"footnotes":""},"categories":[1,26],"tags":[],"class_list":["post-424942","post","type-post","status-publish","format-standard","has-post-thumbnail","hentry","category-destaque","category-ultimas-noticias"],"yoast_head":"<!-- This site is optimized with the Yoast SEO plugin v27.4 - https:\/\/yoast.com\/product\/yoast-seo-wordpress\/ -->\n<title>Prefeitura promove palestra sobre viol\u00eancia contra a mulher na Apae de Leopoldina<\/title>\n<meta name=\"description\" content=\"Al\u00e9m de orientar, equipes da Secretaria de Assist\u00eancia Social informam sobre os canais de den\u00fancia, bem como as medidas de prote\u00e7\u00e3o...\" \/>\n<meta name=\"robots\" content=\"index, follow, max-snippet:-1, max-image-preview:large, max-video-preview:-1\" \/>\n<link rel=\"canonical\" href=\"https:\/\/www.ovigilanteonline.com.br\/site\/2023\/08\/19\/prefeitura-promove-palestra-sobre-violencia-contra-a-mulher-na-apae\/\" \/>\n<meta property=\"og:locale\" content=\"pt_BR\" \/>\n<meta property=\"og:type\" content=\"article\" \/>\n<meta property=\"og:title\" content=\"Prefeitura promove palestra sobre viol\u00eancia contra a mulher na Apae de Leopoldina\" \/>\n<meta property=\"og:description\" content=\"Al\u00e9m de orientar, equipes da Secretaria de Assist\u00eancia Social informam sobre os canais de den\u00fancia, bem como as medidas de prote\u00e7\u00e3o...\" \/>\n<meta property=\"og:url\" content=\"https:\/\/www.ovigilanteonline.com.br\/site\/2023\/08\/19\/prefeitura-promove-palestra-sobre-violencia-contra-a-mulher-na-apae\/\" \/>\n<meta property=\"og:site_name\" content=\"O VIGILANTE ONLINE\" \/>\n<meta property=\"article:publisher\" content=\"https:\/\/www.facebook.com\/ovigilanteonline\" \/>\n<meta property=\"article:published_time\" content=\"2023-08-19T22:29:25+00:00\" \/>\n<meta property=\"article:modified_time\" content=\"2023-08-19T22:31:56+00:00\" \/>\n<meta property=\"og:image\" content=\"https:\/\/www.ovigilanteonline.com.br\/site\/wp-content\/uploads\/2023\/08\/WhatsApp-Image-2023-08-17-at-17.05.09-1-jpeg.webp\" \/>\n\t<meta property=\"og:image:width\" content=\"900\" \/>\n\t<meta property=\"og:image:height\" content=\"574\" \/>\n\t<meta property=\"og:image:type\" content=\"image\/jpeg\" \/>\n<meta name=\"author\" content=\"Jornalismo\" \/>\n<meta name=\"twitter:card\" content=\"summary_large_image\" \/>\n<meta name=\"twitter:label1\" content=\"Escrito por\" \/>\n\t<meta name=\"twitter:data1\" content=\"Jornalismo\" \/>\n\t<meta name=\"twitter:label2\" content=\"Est. tempo de leitura\" \/>\n\t<meta name=\"twitter:data2\" content=\"2 minutos\" \/>\n<script type=\"application\/ld+json\" class=\"yoast-schema-graph\">{\"@context\":\"https:\\\/\\\/schema.org\",\"@graph\":[{\"@type\":\"Article\",\"@id\":\"https:\\\/\\\/www.ovigilanteonline.com.br\\\/site\\\/2023\\\/08\\\/19\\\/prefeitura-promove-palestra-sobre-violencia-contra-a-mulher-na-apae\\\/#article\",\"isPartOf\":{\"@id\":\"https:\\\/\\\/www.ovigilanteonline.com.br\\\/site\\\/2023\\\/08\\\/19\\\/prefeitura-promove-palestra-sobre-violencia-contra-a-mulher-na-apae\\\/\"},\"author\":{\"name\":\"Jornalismo\",\"@id\":\"https:\\\/\\\/www.ovigilanteonline.com.br\\\/site\\\/#\\\/schema\\\/person\\\/538fdfb33c0c411cd14a732e7cf14aa6\"},\"headline\":\"Prefeitura promove palestra sobre viol\u00eancia contra a mulher na Apae de Leopoldina\",\"datePublished\":\"2023-08-19T22:29:25+00:00\",\"dateModified\":\"2023-08-19T22:31:56+00:00\",\"mainEntityOfPage\":{\"@id\":\"https:\\\/\\\/www.ovigilanteonline.com.br\\\/site\\\/2023\\\/08\\\/19\\\/prefeitura-promove-palestra-sobre-violencia-contra-a-mulher-na-apae\\\/\"},\"wordCount\":244,\"commentCount\":0,\"image\":{\"@id\":\"https:\\\/\\\/www.ovigilanteonline.com.br\\\/site\\\/2023\\\/08\\\/19\\\/prefeitura-promove-palestra-sobre-violencia-contra-a-mulher-na-apae\\\/#primaryimage\"},\"thumbnailUrl\":\"https:\\\/\\\/www.ovigilanteonline.com.br\\\/site\\\/wp-content\\\/uploads\\\/2023\\\/08\\\/WhatsApp-Image-2023-08-17-at-17.05.09-1-jpeg.webp\",\"articleSection\":[\"Destaque\",\"\u00daltimas Not\u00edcias\"],\"inLanguage\":\"pt-BR\",\"potentialAction\":[{\"@type\":\"CommentAction\",\"name\":\"Comment\",\"target\":[\"https:\\\/\\\/www.ovigilanteonline.com.br\\\/site\\\/2023\\\/08\\\/19\\\/prefeitura-promove-palestra-sobre-violencia-contra-a-mulher-na-apae\\\/#respond\"]}]},{\"@type\":\"WebPage\",\"@id\":\"https:\\\/\\\/www.ovigilanteonline.com.br\\\/site\\\/2023\\\/08\\\/19\\\/prefeitura-promove-palestra-sobre-violencia-contra-a-mulher-na-apae\\\/\",\"url\":\"https:\\\/\\\/www.ovigilanteonline.com.br\\\/site\\\/2023\\\/08\\\/19\\\/prefeitura-promove-palestra-sobre-violencia-contra-a-mulher-na-apae\\\/\",\"name\":\"Prefeitura promove palestra sobre viol\u00eancia contra a mulher na Apae de Leopoldina\",\"isPartOf\":{\"@id\":\"https:\\\/\\\/www.ovigilanteonline.com.br\\\/site\\\/#website\"},\"primaryImageOfPage\":{\"@id\":\"https:\\\/\\\/www.ovigilanteonline.com.br\\\/site\\\/2023\\\/08\\\/19\\\/prefeitura-promove-palestra-sobre-violencia-contra-a-mulher-na-apae\\\/#primaryimage\"},\"image\":{\"@id\":\"https:\\\/\\\/www.ovigilanteonline.com.br\\\/site\\\/2023\\\/08\\\/19\\\/prefeitura-promove-palestra-sobre-violencia-contra-a-mulher-na-apae\\\/#primaryimage\"},\"thumbnailUrl\":\"https:\\\/\\\/www.ovigilanteonline.com.br\\\/site\\\/wp-content\\\/uploads\\\/2023\\\/08\\\/WhatsApp-Image-2023-08-17-at-17.05.09-1-jpeg.webp\",\"datePublished\":\"2023-08-19T22:29:25+00:00\",\"dateModified\":\"2023-08-19T22:31:56+00:00\",\"author\":{\"@id\":\"https:\\\/\\\/www.ovigilanteonline.com.br\\\/site\\\/#\\\/schema\\\/person\\\/538fdfb33c0c411cd14a732e7cf14aa6\"},\"description\":\"Al\u00e9m de orientar, equipes da Secretaria de Assist\u00eancia Social informam sobre os canais de den\u00fancia, bem como as medidas de prote\u00e7\u00e3o...\",\"breadcrumb\":{\"@id\":\"https:\\\/\\\/www.ovigilanteonline.com.br\\\/site\\\/2023\\\/08\\\/19\\\/prefeitura-promove-palestra-sobre-violencia-contra-a-mulher-na-apae\\\/#breadcrumb\"},\"inLanguage\":\"pt-BR\",\"potentialAction\":[{\"@type\":\"ReadAction\",\"target\":[\"https:\\\/\\\/www.ovigilanteonline.com.br\\\/site\\\/2023\\\/08\\\/19\\\/prefeitura-promove-palestra-sobre-violencia-contra-a-mulher-na-apae\\\/\"]}]},{\"@type\":\"ImageObject\",\"inLanguage\":\"pt-BR\",\"@id\":\"https:\\\/\\\/www.ovigilanteonline.com.br\\\/site\\\/2023\\\/08\\\/19\\\/prefeitura-promove-palestra-sobre-violencia-contra-a-mulher-na-apae\\\/#primaryimage\",\"url\":\"https:\\\/\\\/www.ovigilanteonline.com.br\\\/site\\\/wp-content\\\/uploads\\\/2023\\\/08\\\/WhatsApp-Image-2023-08-17-at-17.05.09-1-jpeg.webp\",\"contentUrl\":\"https:\\\/\\\/www.ovigilanteonline.com.br\\\/site\\\/wp-content\\\/uploads\\\/2023\\\/08\\\/WhatsApp-Image-2023-08-17-at-17.05.09-1-jpeg.webp\",\"width\":900,\"height\":574},{\"@type\":\"BreadcrumbList\",\"@id\":\"https:\\\/\\\/www.ovigilanteonline.com.br\\\/site\\\/2023\\\/08\\\/19\\\/prefeitura-promove-palestra-sobre-violencia-contra-a-mulher-na-apae\\\/#breadcrumb\",\"itemListElement\":[{\"@type\":\"ListItem\",\"position\":1,\"name\":\"In\u00edcio\",\"item\":\"https:\\\/\\\/www.ovigilanteonline.com.br\\\/site\\\/\"},{\"@type\":\"ListItem\",\"position\":2,\"name\":\"Prefeitura promove palestra sobre viol\u00eancia contra a mulher na Apae de Leopoldina\"}]},{\"@type\":\"WebSite\",\"@id\":\"https:\\\/\\\/www.ovigilanteonline.com.br\\\/site\\\/#website\",\"url\":\"https:\\\/\\\/www.ovigilanteonline.com.br\\\/site\\\/\",\"name\":\"O VIGILANTE ONLINE - Not\u00edcias de Leopoldina e regi\u00e3o\",\"description\":\"\",\"potentialAction\":[{\"@type\":\"SearchAction\",\"target\":{\"@type\":\"EntryPoint\",\"urlTemplate\":\"https:\\\/\\\/www.ovigilanteonline.com.br\\\/site\\\/?s={search_term_string}\"},\"query-input\":{\"@type\":\"PropertyValueSpecification\",\"valueRequired\":true,\"valueName\":\"search_term_string\"}}],\"inLanguage\":\"pt-BR\"},{\"@type\":\"Person\",\"@id\":\"https:\\\/\\\/www.ovigilanteonline.com.br\\\/site\\\/#\\\/schema\\\/person\\\/538fdfb33c0c411cd14a732e7cf14aa6\",\"name\":\"Jornalismo\"}]}<\/script>\n<!-- \/ Yoast SEO plugin. -->","yoast_head_json":{"title":"Prefeitura promove palestra sobre viol\u00eancia contra a mulher na Apae de Leopoldina","description":"Al\u00e9m de orientar, equipes da Secretaria de Assist\u00eancia Social informam sobre os canais de den\u00fancia, bem como as medidas de prote\u00e7\u00e3o...","robots":{"index":"index","follow":"follow","max-snippet":"max-snippet:-1","max-image-preview":"max-image-preview:large","max-video-preview":"max-video-preview:-1"},"canonical":"https:\/\/www.ovigilanteonline.com.br\/site\/2023\/08\/19\/prefeitura-promove-palestra-sobre-violencia-contra-a-mulher-na-apae\/","og_locale":"pt_BR","og_type":"article","og_title":"Prefeitura promove palestra sobre viol\u00eancia contra a mulher na Apae de Leopoldina","og_description":"Al\u00e9m de orientar, equipes da Secretaria de Assist\u00eancia Social informam sobre os canais de den\u00fancia, bem como as medidas de prote\u00e7\u00e3o...","og_url":"https:\/\/www.ovigilanteonline.com.br\/site\/2023\/08\/19\/prefeitura-promove-palestra-sobre-violencia-contra-a-mulher-na-apae\/","og_site_name":"O VIGILANTE ONLINE","article_publisher":"https:\/\/www.facebook.com\/ovigilanteonline","article_published_time":"2023-08-19T22:29:25+00:00","article_modified_time":"2023-08-19T22:31:56+00:00","og_image":[{"width":900,"height":574,"url":"https:\/\/www.ovigilanteonline.com.br\/site\/wp-content\/uploads\/2023\/08\/WhatsApp-Image-2023-08-17-at-17.05.09-1-jpeg.webp","type":"image\/jpeg"}],"author":"Jornalismo","twitter_card":"summary_large_image","twitter_misc":{"Escrito por":"Jornalismo","Est. tempo de leitura":"2 minutos"},"schema":{"@context":"https:\/\/schema.org","@graph":[{"@type":"Article","@id":"https:\/\/www.ovigilanteonline.com.br\/site\/2023\/08\/19\/prefeitura-promove-palestra-sobre-violencia-contra-a-mulher-na-apae\/#article","isPartOf":{"@id":"https:\/\/www.ovigilanteonline.com.br\/site\/2023\/08\/19\/prefeitura-promove-palestra-sobre-violencia-contra-a-mulher-na-apae\/"},"author":{"name":"Jornalismo","@id":"https:\/\/www.ovigilanteonline.com.br\/site\/#\/schema\/person\/538fdfb33c0c411cd14a732e7cf14aa6"},"headline":"Prefeitura promove palestra sobre viol\u00eancia contra a mulher na Apae de Leopoldina","datePublished":"2023-08-19T22:29:25+00:00","dateModified":"2023-08-19T22:31:56+00:00","mainEntityOfPage":{"@id":"https:\/\/www.ovigilanteonline.com.br\/site\/2023\/08\/19\/prefeitura-promove-palestra-sobre-violencia-contra-a-mulher-na-apae\/"},"wordCount":244,"commentCount":0,"image":{"@id":"https:\/\/www.ovigilanteonline.com.br\/site\/2023\/08\/19\/prefeitura-promove-palestra-sobre-violencia-contra-a-mulher-na-apae\/#primaryimage"},"thumbnailUrl":"https:\/\/www.ovigilanteonline.com.br\/site\/wp-content\/uploads\/2023\/08\/WhatsApp-Image-2023-08-17-at-17.05.09-1-jpeg.webp","articleSection":["Destaque","\u00daltimas Not\u00edcias"],"inLanguage":"pt-BR","potentialAction":[{"@type":"CommentAction","name":"Comment","target":["https:\/\/www.ovigilanteonline.com.br\/site\/2023\/08\/19\/prefeitura-promove-palestra-sobre-violencia-contra-a-mulher-na-apae\/#respond"]}]},{"@type":"WebPage","@id":"https:\/\/www.ovigilanteonline.com.br\/site\/2023\/08\/19\/prefeitura-promove-palestra-sobre-violencia-contra-a-mulher-na-apae\/","url":"https:\/\/www.ovigilanteonline.com.br\/site\/2023\/08\/19\/prefeitura-promove-palestra-sobre-violencia-contra-a-mulher-na-apae\/","name":"Prefeitura promove palestra sobre viol\u00eancia contra a mulher na Apae de Leopoldina","isPartOf":{"@id":"https:\/\/www.ovigilanteonline.com.br\/site\/#website"},"primaryImageOfPage":{"@id":"https:\/\/www.ovigilanteonline.com.br\/site\/2023\/08\/19\/prefeitura-promove-palestra-sobre-violencia-contra-a-mulher-na-apae\/#primaryimage"},"image":{"@id":"https:\/\/www.ovigilanteonline.com.br\/site\/2023\/08\/19\/prefeitura-promove-palestra-sobre-violencia-contra-a-mulher-na-apae\/#primaryimage"},"thumbnailUrl":"https:\/\/www.ovigilanteonline.com.br\/site\/wp-content\/uploads\/2023\/08\/WhatsApp-Image-2023-08-17-at-17.05.09-1-jpeg.webp","datePublished":"2023-08-19T22:29:25+00:00","dateModified":"2023-08-19T22:31:56+00:00","author":{"@id":"https:\/\/www.ovigilanteonline.com.br\/site\/#\/schema\/person\/538fdfb33c0c411cd14a732e7cf14aa6"},"description":"Al\u00e9m de orientar, equipes da Secretaria de Assist\u00eancia Social informam sobre os canais de den\u00fancia, bem como as medidas de prote\u00e7\u00e3o...","breadcrumb":{"@id":"https:\/\/www.ovigilanteonline.com.br\/site\/2023\/08\/19\/prefeitura-promove-palestra-sobre-violencia-contra-a-mulher-na-apae\/#breadcrumb"},"inLanguage":"pt-BR","potentialAction":[{"@type":"ReadAction","target":["https:\/\/www.ovigilanteonline.com.br\/site\/2023\/08\/19\/prefeitura-promove-palestra-sobre-violencia-contra-a-mulher-na-apae\/"]}]},{"@type":"ImageObject","inLanguage":"pt-BR","@id":"https:\/\/www.ovigilanteonline.com.br\/site\/2023\/08\/19\/prefeitura-promove-palestra-sobre-violencia-contra-a-mulher-na-apae\/#primaryimage","url":"https:\/\/www.ovigilanteonline.com.br\/site\/wp-content\/uploads\/2023\/08\/WhatsApp-Image-2023-08-17-at-17.05.09-1-jpeg.webp","contentUrl":"https:\/\/www.ovigilanteonline.com.br\/site\/wp-content\/uploads\/2023\/08\/WhatsApp-Image-2023-08-17-at-17.05.09-1-jpeg.webp","width":900,"height":574},{"@type":"BreadcrumbList","@id":"https:\/\/www.ovigilanteonline.com.br\/site\/2023\/08\/19\/prefeitura-promove-palestra-sobre-violencia-contra-a-mulher-na-apae\/#breadcrumb","itemListElement":[{"@type":"ListItem","position":1,"name":"In\u00edcio","item":"https:\/\/www.ovigilanteonline.com.br\/site\/"},{"@type":"ListItem","position":2,"name":"Prefeitura promove palestra sobre viol\u00eancia contra a mulher na Apae de Leopoldina"}]},{"@type":"WebSite","@id":"https:\/\/www.ovigilanteonline.com.br\/site\/#website","url":"https:\/\/www.ovigilanteonline.com.br\/site\/","name":"O VIGILANTE ONLINE - Not\u00edcias de Leopoldina e regi\u00e3o","description":"","potentialAction":[{"@type":"SearchAction","target":{"@type":"EntryPoint","urlTemplate":"https:\/\/www.ovigilanteonline.com.br\/site\/?s={search_term_string}"},"query-input":{"@type":"PropertyValueSpecification","valueRequired":true,"valueName":"search_term_string"}}],"inLanguage":"pt-BR"},{"@type":"Person","@id":"https:\/\/www.ovigilanteonline.com.br\/site\/#\/schema\/person\/538fdfb33c0c411cd14a732e7cf14aa6","name":"Jornalismo"}]}},"cc_featured_image_caption":{"caption_text":"PML\/Divulga\u00e7\u00e3o","source_text":"","source_url":""},"_links":{"self":[{"href":"https:\/\/www.ovigilanteonline.com.br\/site\/wp-json\/wp\/v2\/posts\/424942","targetHints":{"allow":["GET"]}}],"collection":[{"href":"https:\/\/www.ovigilanteonline.com.br\/site\/wp-json\/wp\/v2\/posts"}],"about":[{"href":"https:\/\/www.ovigilanteonline.com.br\/site\/wp-json\/wp\/v2\/types\/post"}],"author":[{"embeddable":true,"href":"https:\/\/www.ovigilanteonline.com.br\/site\/wp-json\/wp\/v2\/users\/2"}],"replies":[{"embeddable":true,"href":"https:\/\/www.ovigilanteonline.com.br\/site\/wp-json\/wp\/v2\/comments?post=424942"}],"version-history":[{"count":0,"href":"https:\/\/www.ovigilanteonline.com.br\/site\/wp-json\/wp\/v2\/posts\/424942\/revisions"}],"wp:featuredmedia":[{"embeddable":true,"href":"https:\/\/www.ovigilanteonline.com.br\/site\/wp-json\/wp\/v2\/media\/424945"}],"wp:attachment":[{"href":"https:\/\/www.ovigilanteonline.com.br\/site\/wp-json\/wp\/v2\/media?parent=424942"}],"wp:term":[{"taxonomy":"category","embeddable":true,"href":"https:\/\/www.ovigilanteonline.com.br\/site\/wp-json\/wp\/v2\/categories?post=424942"},{"taxonomy":"post_tag","embeddable":true,"href":"https:\/\/www.ovigilanteonline.com.br\/site\/wp-json\/wp\/v2\/tags?post=424942"}],"curies":[{"name":"wp","href":"https:\/\/api.w.org\/{rel}","templated":true}]}}