{"id":424458,"date":"2023-08-07T08:46:16","date_gmt":"2023-08-07T11:46:16","guid":{"rendered":"https:\/\/www.ovigilanteonline.com.br\/site\/?p=424458"},"modified":"2023-08-08T11:41:36","modified_gmt":"2023-08-08T14:41:36","slug":"agosto-lilas-campanha-promove-combate-a-violencia-domestica-em-leopoldina","status":"publish","type":"post","link":"https:\/\/www.ovigilanteonline.com.br\/site\/2023\/08\/07\/agosto-lilas-campanha-promove-combate-a-violencia-domestica-em-leopoldina\/","title":{"rendered":"Agosto Lil\u00e1s: campanha promove combate \u00e0 viol\u00eancia dom\u00e9stica em Leopoldina"},"content":{"rendered":"\n<figure class=\"wp-block-gallery has-nested-images columns-default is-cropped wp-block-gallery-1 is-layout-flex wp-block-gallery-is-layout-flex\">\n<figure class=\"wp-block-image size-large\"><img loading=\"lazy\" decoding=\"async\" width=\"585\" height=\"507\" data-id=\"424461\" src=\"https:\/\/www.ovigilanteonline.com.br\/site\/wp-content\/uploads\/2023\/08\/WhatsApp-Image-2023-08-05-at-12.49.53-jpeg.webp\" alt=\"\" class=\"wp-image-424461\" srcset=\"https:\/\/www.ovigilanteonline.com.br\/site\/wp-content\/uploads\/2023\/08\/WhatsApp-Image-2023-08-05-at-12.49.53-jpeg.webp 585w, https:\/\/www.ovigilanteonline.com.br\/site\/wp-content\/uploads\/2023\/08\/WhatsApp-Image-2023-08-05-at-12.49.53-300x260.webp 300w\" sizes=\"auto, (max-width: 585px) 100vw, 585px\" \/><\/figure>\n\n\n\n<figure class=\"wp-block-image size-large\"><img loading=\"lazy\" decoding=\"async\" width=\"844\" height=\"846\" data-id=\"424459\" src=\"https:\/\/www.ovigilanteonline.com.br\/site\/wp-content\/uploads\/2023\/08\/WhatsApp-Image-2023-08-05-at-12.49.49-1.jpeg\" alt=\"\" class=\"wp-image-424459\" srcset=\"https:\/\/www.ovigilanteonline.com.br\/site\/wp-content\/uploads\/2023\/08\/WhatsApp-Image-2023-08-05-at-12.49.49-1.jpeg 844w, https:\/\/www.ovigilanteonline.com.br\/site\/wp-content\/uploads\/2023\/08\/WhatsApp-Image-2023-08-05-at-12.49.49-1-300x300.webp 300w, https:\/\/www.ovigilanteonline.com.br\/site\/wp-content\/uploads\/2023\/08\/WhatsApp-Image-2023-08-05-at-12.49.49-1-150x150.webp 150w, https:\/\/www.ovigilanteonline.com.br\/site\/wp-content\/uploads\/2023\/08\/WhatsApp-Image-2023-08-05-at-12.49.49-1-768x770.webp 768w, https:\/\/www.ovigilanteonline.com.br\/site\/wp-content\/uploads\/2023\/08\/WhatsApp-Image-2023-08-05-at-12.49.49-1-600x601.webp 600w, https:\/\/www.ovigilanteonline.com.br\/site\/wp-content\/uploads\/2023\/08\/WhatsApp-Image-2023-08-05-at-12.49.49-1-100x100.webp 100w\" sizes=\"auto, (max-width: 844px) 100vw, 844px\" \/><\/figure>\n<\/figure>\n\n\n\n<figure class=\"wp-block-image size-large\"><img loading=\"lazy\" decoding=\"async\" width=\"1024\" height=\"662\" src=\"https:\/\/www.ovigilanteonline.com.br\/site\/wp-content\/uploads\/2023\/08\/WhatsApp-Image-2023-08-05-at-12.49.52-1024x662.webp\" alt=\"\" class=\"wp-image-424462\" srcset=\"https:\/\/www.ovigilanteonline.com.br\/site\/wp-content\/uploads\/2023\/08\/WhatsApp-Image-2023-08-05-at-12.49.52-1024x662.webp 1024w, https:\/\/www.ovigilanteonline.com.br\/site\/wp-content\/uploads\/2023\/08\/WhatsApp-Image-2023-08-05-at-12.49.52-300x194.webp 300w, https:\/\/www.ovigilanteonline.com.br\/site\/wp-content\/uploads\/2023\/08\/WhatsApp-Image-2023-08-05-at-12.49.52-768x496.webp 768w, https:\/\/www.ovigilanteonline.com.br\/site\/wp-content\/uploads\/2023\/08\/WhatsApp-Image-2023-08-05-at-12.49.52-600x388.webp 600w, https:\/\/www.ovigilanteonline.com.br\/site\/wp-content\/uploads\/2023\/08\/WhatsApp-Image-2023-08-05-at-12.49.52-jpeg.webp 1080w\" sizes=\"auto, (max-width: 1024px) 100vw, 1024px\" \/><\/figure>\n\n\n\n<p>Dando in\u00edcio \u00e0s a\u00e7\u00f5es do \u201cAgosto Lil\u00e1s\u201d, em alus\u00e3o aos 17 anos da Lei 11.340, conhecida como Lei Maria da Penha, a Prefeitura de Leopoldina, por meio da Secretaria de Assist\u00eancia Social, realizou, neste s\u00e1bado, dia 5, uma campanha de divulga\u00e7\u00e3o dos servi\u00e7os da rede de acolhimento \u00e0 mulher, na Pra\u00e7a F\u00e9lix Martins. Ao longo do m\u00eas, a popula\u00e7\u00e3o contar\u00e1 com diversas a\u00e7\u00f5es e palestras, em v\u00e1rios pontos da cidade.<\/p>\n\n\n\n<p>Por meio de panfletagem, coloca\u00e7\u00e3o de cartazes e conversas com a popula\u00e7\u00e3o, a a\u00e7\u00e3o levou informa\u00e7\u00f5es sobre os dispositivos existentes no munic\u00edpio. O objetivo \u00e9 sensibilizar a popula\u00e7\u00e3o, facilitar o acesso \u00e0s informa\u00e7\u00f5es e fortalecer a rede de enfrentamento \u00e0 viol\u00eancia dom\u00e9stica e de g\u00eanero.<\/p>\n\n\n\n\n\n<p>A aposentada Maria L\u00facia Cabral, de 60 anos, aprovou a iniciativa. H\u00e1 15 anos, ela foi v\u00edtima de viol\u00eancia dom\u00e9stica e entende a import\u00e2ncia de falar sobre o tema. Ela sofreu agress\u00f5es f\u00edsicas que causaram traumas profundos e, hoje em dia, agradece por ter conseguido sair da situa\u00e7\u00e3o com vida e seguir em frente.<\/p>\n\n\n\n<p>\u201cHoje eu sou casada com outra pessoa e sou muito feliz, mas na \u00e9poca foi muito dif\u00edcil. As mulheres t\u00eam que saber que n\u00e3o est\u00e3o sozinhas e que tem que procurar ajuda sim, antes que seja tarde. Agora sou livre, o meu atual marido me respeita\u201d, contou Maria L\u00facia.<\/p>\n\n\n\n<p>Para denunciar qualquer ato de viol\u00eancia contra a mulher, voc\u00ea pode ligar para o Disque Den\u00fancia-180, que possui atendimento 24 horas, ou para delegacias.<\/p>\n\n\n<div id=\"ovigi-30048388\">\r\n<p class=\"has-text-align-center has-small-font-size\">continua depois da publicidade<\/p>\r\n\r\n\r\n\r\n<hr class=\"wp-block-separator has-alpha-channel-opacity is-style-wide\"\/>\r\n\r\n\r\n<center> \r\n<figure class=\"wp-block-image size-large\"><a href=\"https:\/\/www.instagram.com\/unimedleopoldina241\/\" target=\"_blank\" rel=\"noreferrer noopener\"><img decoding=\"async\" src=\"https:\/\/www.ovigilanteonline.com.br\/site\/wp-content\/uploads\/2026\/03\/UNIMED-FINAL.jpg\" alt=\"\" class=\"wp-image-395070\"\/><\/a><\/figure>\r\n<\/figure>\r\n<!-- \/wp:gallery --> <\/center>\r\n\r\n<!-- wp:separator {\"className\":\"is-style-wide\"} -->\r\n<hr class=\"wp-block-separator has-alpha-channel-opacity is-style-wide\"\/>\r\n<!-- \/wp:separator -->\r\n<\/div>\n\n\n<p>Em Leopoldina, ligue para CRAS Alto do Cemit\u00e9rio 3694-4286, CRAS Bela Vista 3449-6829, CRAS Quinta Resid\u00eancia 3694-4223 ou para o CREAS 3441-5563.<\/p>\n\n\n\n<p>A viol\u00eancia contra a mulher precisa acabar e essa luta \u00e9 de todos n\u00f3s!<\/p>\n\n\n\n<p><strong>Prefeitura de Leopoldina<\/strong><\/p>\n\n\n\n<h4 class=\"wp-block-heading\">\ud83d\udcf1 Acompanhe o jornal <strong>O Vigilante Online<\/strong> no <a href=\"https:\/\/www.facebook.com\/ovigilanteonline\/\" target=\"_blank\" rel=\"noreferrer noopener\">Facebook<\/a> e <a href=\"https:\/\/www.instagram.com\/ovigilanteonline\/\" target=\"_blank\" rel=\"noreferrer noopener\">Instagram<\/a><\/h4>\n\n\n\n<hr class=\"wp-block-separator has-alpha-channel-opacity is-style-wide\"\/>\n\n\n<div class=\"ultp-not-found-message\" role=\"alert\">No Post Found<\/div>\n\n\n<hr class=\"wp-block-separator has-alpha-channel-opacity is-style-wide\"\/>\n\n\n<div id=\"ovigi-585297269\"><a href=\"https:\/\/www.instagram.com\/cartosolarmg\/\" target=\"_blank\" aria-label=\"carto solar\"><img loading=\"lazy\" decoding=\"async\" src=\"https:\/\/www.ovigilanteonline.com.br\/site\/wp-content\/uploads\/2023\/05\/carto-solar-2-jpg.webp\" alt=\"\"  srcset=\"https:\/\/www.ovigilanteonline.com.br\/site\/wp-content\/uploads\/2023\/05\/carto-solar-2-jpg.webp 900w, https:\/\/www.ovigilanteonline.com.br\/site\/wp-content\/uploads\/2023\/05\/carto-solar-2-300x121.webp 300w, https:\/\/www.ovigilanteonline.com.br\/site\/wp-content\/uploads\/2023\/05\/carto-solar-2-768x311.webp 768w, https:\/\/www.ovigilanteonline.com.br\/site\/wp-content\/uploads\/2023\/05\/carto-solar-2-600x243.webp 600w\" sizes=\"auto, (max-width: 900px) 100vw, 900px\" width=\"900\" height=\"364\"   \/><\/a><\/div>\n\n\n<hr class=\"wp-block-separator has-alpha-channel-opacity is-style-wide\"\/>\n\n\n<div  class=\"ultp-post-grid-block wp-block-ultimate-post-post-grid-2 ultp-block-aef5fc\"><div class=\"ultp-block-wrapper\"><div class=\"ultp-loading\"><div class=\"ultp-loading-blocks\" style=\"width:100%;height:100%;\"><div style=\"left: 0;top: 0;animation-delay:0s;\"><\/div><div style=\"left: 21px;top: 0;animation-delay:0.125s;\"><\/div><div style=\"left: 42px;top: 0;animation-delay:0.25s;\"><\/div><div style=\"left: 0;top: 21px;animation-delay:0.875s;\"><\/div><div style=\"left: 42px;top: 21px;animation-delay:0.375s;\"><\/div><div style=\"left: 0;top: 42px;animation-delay:0.75s;\"><\/div><div style=\"left: 42px;top: 42px;animation-delay:0.625s;\"><\/div><div style=\"left: 21px;top: 42px;animation-delay:0.5s;\"><\/div><\/div><\/div><div class=\"ultp-heading-filter\"><div class=\"ultp-heading-filter-in\"><div class=\"ultp-heading-wrap ultp-heading-style1 ultp-heading-left\"><h2 class=\"ultp-heading-inner\"><span>Leia tamb\u00e9m<\/span><\/h2><\/div><\/div><\/div><div class=\"ultp-block-items-wrap ultp-block-row\"><div class=\"ultp-block-item post-id-452210\"><div class=\"ultp-block-content-wrap ultp-block-content-overlay\"><div class=\"ultp-block-image ultp-block-image-none ultp-block-image-overlay ultp-block-image-simgleGradient\"><a href=\"https:\/\/www.ovigilanteonline.com.br\/site\/2026\/04\/26\/homem-e-preso-pela-pm-apos-furto-de-fios-e-resistencia-a-abordagem-policial-em-leopoldina\/\" ><img decoding=\"async\"  alt=\"Homem \u00e9 preso pela PM ap\u00f3s furto de fios e resist\u00eancia \u00e0 abordagem policial em Leopoldina\"  src=\"https:\/\/www.ovigilanteonline.com.br\/site\/wp-content\/uploads\/2026\/02\/pm-viatura-3.jpg\" \/><\/a><\/div><div class=\"ultp-block-content ultp-block-content-bottomPosition\"><div class=\"ultp-block-content-inner\"><h3 class=\"ultp-block-title \"><a href=\"https:\/\/www.ovigilanteonline.com.br\/site\/2026\/04\/26\/homem-e-preso-pela-pm-apos-furto-de-fios-e-resistencia-a-abordagem-policial-em-leopoldina\/\" >Homem \u00e9 preso pela PM ap\u00f3s furto de fios e resist\u00eancia \u00e0 abordagem policial em Leopoldina<\/a><\/h3><\/div><\/div><\/div><\/div><div class=\"ultp-block-item post-id-452186\"><div class=\"ultp-block-content-wrap ultp-block-content-overlay\"><div class=\"ultp-block-image ultp-block-image-none ultp-block-image-overlay ultp-block-image-simgleGradient\"><a href=\"https:\/\/www.ovigilanteonline.com.br\/site\/2026\/04\/25\/consagracao-a-sao-miguel-arcanjo-reune-cerca-de-15-mil-fieis-em-leopoldina\/\" ><img decoding=\"async\"  alt=\"Consagra\u00e7\u00e3o a S\u00e3o Miguel Arcanjo re\u00fane cerca de 15 mil fi\u00e9is em Leopoldina\"  src=\"https:\/\/www.ovigilanteonline.com.br\/site\/wp-content\/uploads\/2026\/04\/IMG_2291-804x570.jpg\" \/><\/a><\/div><div class=\"ultp-block-content ultp-block-content-bottomPosition\"><div class=\"ultp-block-content-inner\"><h3 class=\"ultp-block-title \"><a href=\"https:\/\/www.ovigilanteonline.com.br\/site\/2026\/04\/25\/consagracao-a-sao-miguel-arcanjo-reune-cerca-de-15-mil-fieis-em-leopoldina\/\" >Consagra\u00e7\u00e3o a S\u00e3o Miguel Arcanjo re\u00fane cerca de 15 mil fi\u00e9is em Leopoldina<\/a><\/h3><\/div><\/div><\/div><\/div><\/div><\/div><div class=\"pagination-block-html\" aria-hidden=\"true\" style=\"display: none;\"><\/div><\/div>","protected":false},"excerpt":{"rendered":"<p>Por meio de panfletagem, coloca\u00e7\u00e3o de cartazes e conversas com a popula\u00e7\u00e3o, a a\u00e7\u00e3o levou informa\u00e7\u00f5es sobre os dispositivos existentes no munic\u00edpio.<\/p>\n","protected":false},"author":2,"featured_media":424460,"comment_status":"open","ping_status":"open","sticky":false,"template":"","format":"standard","meta":{"footnotes":""},"categories":[13,11,26],"tags":[],"class_list":["post-424458","post","type-post","status-publish","format-standard","has-post-thumbnail","hentry","category-cidade","category-leopoldina","category-ultimas-noticias"],"yoast_head":"<!-- This site is optimized with the Yoast SEO plugin v27.4 - https:\/\/yoast.com\/product\/yoast-seo-wordpress\/ -->\n<title>Agosto Lil\u00e1s: campanha promove combate \u00e0 viol\u00eancia dom\u00e9stica em Leopoldina<\/title>\n<meta name=\"description\" content=\"Por meio de panfletagem, coloca\u00e7\u00e3o de cartazes e conversas com a popula\u00e7\u00e3o, a a\u00e7\u00e3o levou informa\u00e7\u00f5es sobre os dispositivos...\" \/>\n<meta name=\"robots\" content=\"index, follow, max-snippet:-1, max-image-preview:large, max-video-preview:-1\" \/>\n<link rel=\"canonical\" href=\"https:\/\/www.ovigilanteonline.com.br\/site\/2023\/08\/07\/agosto-lilas-campanha-promove-combate-a-violencia-domestica-em-leopoldina\/\" \/>\n<meta property=\"og:locale\" content=\"pt_BR\" \/>\n<meta property=\"og:type\" content=\"article\" \/>\n<meta property=\"og:title\" content=\"Agosto Lil\u00e1s: campanha promove combate \u00e0 viol\u00eancia dom\u00e9stica em Leopoldina\" \/>\n<meta property=\"og:description\" content=\"Por meio de panfletagem, coloca\u00e7\u00e3o de cartazes e conversas com a popula\u00e7\u00e3o, a a\u00e7\u00e3o levou informa\u00e7\u00f5es sobre os dispositivos...\" \/>\n<meta property=\"og:url\" content=\"https:\/\/www.ovigilanteonline.com.br\/site\/2023\/08\/07\/agosto-lilas-campanha-promove-combate-a-violencia-domestica-em-leopoldina\/\" \/>\n<meta property=\"og:site_name\" content=\"O VIGILANTE ONLINE\" \/>\n<meta property=\"article:publisher\" content=\"https:\/\/www.facebook.com\/ovigilanteonline\" \/>\n<meta property=\"article:published_time\" content=\"2023-08-07T11:46:16+00:00\" \/>\n<meta property=\"article:modified_time\" content=\"2023-08-08T14:41:36+00:00\" \/>\n<meta property=\"og:image\" content=\"https:\/\/www.ovigilanteonline.com.br\/site\/wp-content\/uploads\/2023\/08\/WhatsApp-Image-2023-08-05-at-12.49.49.jpeg\" \/>\n\t<meta property=\"og:image:width\" content=\"900\" \/>\n\t<meta property=\"og:image:height\" content=\"615\" \/>\n\t<meta property=\"og:image:type\" content=\"image\/jpeg\" \/>\n<meta name=\"author\" content=\"Jornalismo\" \/>\n<meta name=\"twitter:card\" content=\"summary_large_image\" \/>\n<meta name=\"twitter:label1\" content=\"Escrito por\" \/>\n\t<meta name=\"twitter:data1\" content=\"Jornalismo\" \/>\n\t<meta name=\"twitter:label2\" content=\"Est. tempo de leitura\" \/>\n\t<meta name=\"twitter:data2\" content=\"3 minutos\" \/>\n<script type=\"application\/ld+json\" class=\"yoast-schema-graph\">{\"@context\":\"https:\\\/\\\/schema.org\",\"@graph\":[{\"@type\":\"Article\",\"@id\":\"https:\\\/\\\/www.ovigilanteonline.com.br\\\/site\\\/2023\\\/08\\\/07\\\/agosto-lilas-campanha-promove-combate-a-violencia-domestica-em-leopoldina\\\/#article\",\"isPartOf\":{\"@id\":\"https:\\\/\\\/www.ovigilanteonline.com.br\\\/site\\\/2023\\\/08\\\/07\\\/agosto-lilas-campanha-promove-combate-a-violencia-domestica-em-leopoldina\\\/\"},\"author\":{\"name\":\"Jornalismo\",\"@id\":\"https:\\\/\\\/www.ovigilanteonline.com.br\\\/site\\\/#\\\/schema\\\/person\\\/538fdfb33c0c411cd14a732e7cf14aa6\"},\"headline\":\"Agosto Lil\u00e1s: campanha promove combate \u00e0 viol\u00eancia dom\u00e9stica em Leopoldina\",\"datePublished\":\"2023-08-07T11:46:16+00:00\",\"dateModified\":\"2023-08-08T14:41:36+00:00\",\"mainEntityOfPage\":{\"@id\":\"https:\\\/\\\/www.ovigilanteonline.com.br\\\/site\\\/2023\\\/08\\\/07\\\/agosto-lilas-campanha-promove-combate-a-violencia-domestica-em-leopoldina\\\/\"},\"wordCount\":336,\"commentCount\":0,\"image\":{\"@id\":\"https:\\\/\\\/www.ovigilanteonline.com.br\\\/site\\\/2023\\\/08\\\/07\\\/agosto-lilas-campanha-promove-combate-a-violencia-domestica-em-leopoldina\\\/#primaryimage\"},\"thumbnailUrl\":\"https:\\\/\\\/www.ovigilanteonline.com.br\\\/site\\\/wp-content\\\/uploads\\\/2023\\\/08\\\/WhatsApp-Image-2023-08-05-at-12.49.49.jpeg\",\"articleSection\":[\"Cidade\",\"Leopoldina\",\"\u00daltimas Not\u00edcias\"],\"inLanguage\":\"pt-BR\",\"potentialAction\":[{\"@type\":\"CommentAction\",\"name\":\"Comment\",\"target\":[\"https:\\\/\\\/www.ovigilanteonline.com.br\\\/site\\\/2023\\\/08\\\/07\\\/agosto-lilas-campanha-promove-combate-a-violencia-domestica-em-leopoldina\\\/#respond\"]}]},{\"@type\":\"WebPage\",\"@id\":\"https:\\\/\\\/www.ovigilanteonline.com.br\\\/site\\\/2023\\\/08\\\/07\\\/agosto-lilas-campanha-promove-combate-a-violencia-domestica-em-leopoldina\\\/\",\"url\":\"https:\\\/\\\/www.ovigilanteonline.com.br\\\/site\\\/2023\\\/08\\\/07\\\/agosto-lilas-campanha-promove-combate-a-violencia-domestica-em-leopoldina\\\/\",\"name\":\"Agosto Lil\u00e1s: campanha promove combate \u00e0 viol\u00eancia dom\u00e9stica em Leopoldina\",\"isPartOf\":{\"@id\":\"https:\\\/\\\/www.ovigilanteonline.com.br\\\/site\\\/#website\"},\"primaryImageOfPage\":{\"@id\":\"https:\\\/\\\/www.ovigilanteonline.com.br\\\/site\\\/2023\\\/08\\\/07\\\/agosto-lilas-campanha-promove-combate-a-violencia-domestica-em-leopoldina\\\/#primaryimage\"},\"image\":{\"@id\":\"https:\\\/\\\/www.ovigilanteonline.com.br\\\/site\\\/2023\\\/08\\\/07\\\/agosto-lilas-campanha-promove-combate-a-violencia-domestica-em-leopoldina\\\/#primaryimage\"},\"thumbnailUrl\":\"https:\\\/\\\/www.ovigilanteonline.com.br\\\/site\\\/wp-content\\\/uploads\\\/2023\\\/08\\\/WhatsApp-Image-2023-08-05-at-12.49.49.jpeg\",\"datePublished\":\"2023-08-07T11:46:16+00:00\",\"dateModified\":\"2023-08-08T14:41:36+00:00\",\"author\":{\"@id\":\"https:\\\/\\\/www.ovigilanteonline.com.br\\\/site\\\/#\\\/schema\\\/person\\\/538fdfb33c0c411cd14a732e7cf14aa6\"},\"description\":\"Por meio de panfletagem, coloca\u00e7\u00e3o de cartazes e conversas com a popula\u00e7\u00e3o, a a\u00e7\u00e3o levou informa\u00e7\u00f5es sobre os dispositivos...\",\"breadcrumb\":{\"@id\":\"https:\\\/\\\/www.ovigilanteonline.com.br\\\/site\\\/2023\\\/08\\\/07\\\/agosto-lilas-campanha-promove-combate-a-violencia-domestica-em-leopoldina\\\/#breadcrumb\"},\"inLanguage\":\"pt-BR\",\"potentialAction\":[{\"@type\":\"ReadAction\",\"target\":[\"https:\\\/\\\/www.ovigilanteonline.com.br\\\/site\\\/2023\\\/08\\\/07\\\/agosto-lilas-campanha-promove-combate-a-violencia-domestica-em-leopoldina\\\/\"]}]},{\"@type\":\"ImageObject\",\"inLanguage\":\"pt-BR\",\"@id\":\"https:\\\/\\\/www.ovigilanteonline.com.br\\\/site\\\/2023\\\/08\\\/07\\\/agosto-lilas-campanha-promove-combate-a-violencia-domestica-em-leopoldina\\\/#primaryimage\",\"url\":\"https:\\\/\\\/www.ovigilanteonline.com.br\\\/site\\\/wp-content\\\/uploads\\\/2023\\\/08\\\/WhatsApp-Image-2023-08-05-at-12.49.49.jpeg\",\"contentUrl\":\"https:\\\/\\\/www.ovigilanteonline.com.br\\\/site\\\/wp-content\\\/uploads\\\/2023\\\/08\\\/WhatsApp-Image-2023-08-05-at-12.49.49.jpeg\",\"width\":900,\"height\":615},{\"@type\":\"BreadcrumbList\",\"@id\":\"https:\\\/\\\/www.ovigilanteonline.com.br\\\/site\\\/2023\\\/08\\\/07\\\/agosto-lilas-campanha-promove-combate-a-violencia-domestica-em-leopoldina\\\/#breadcrumb\",\"itemListElement\":[{\"@type\":\"ListItem\",\"position\":1,\"name\":\"In\u00edcio\",\"item\":\"https:\\\/\\\/www.ovigilanteonline.com.br\\\/site\\\/\"},{\"@type\":\"ListItem\",\"position\":2,\"name\":\"Agosto Lil\u00e1s: campanha promove combate \u00e0 viol\u00eancia dom\u00e9stica em Leopoldina\"}]},{\"@type\":\"WebSite\",\"@id\":\"https:\\\/\\\/www.ovigilanteonline.com.br\\\/site\\\/#website\",\"url\":\"https:\\\/\\\/www.ovigilanteonline.com.br\\\/site\\\/\",\"name\":\"O VIGILANTE ONLINE - Not\u00edcias de Leopoldina e regi\u00e3o\",\"description\":\"\",\"potentialAction\":[{\"@type\":\"SearchAction\",\"target\":{\"@type\":\"EntryPoint\",\"urlTemplate\":\"https:\\\/\\\/www.ovigilanteonline.com.br\\\/site\\\/?s={search_term_string}\"},\"query-input\":{\"@type\":\"PropertyValueSpecification\",\"valueRequired\":true,\"valueName\":\"search_term_string\"}}],\"inLanguage\":\"pt-BR\"},{\"@type\":\"Person\",\"@id\":\"https:\\\/\\\/www.ovigilanteonline.com.br\\\/site\\\/#\\\/schema\\\/person\\\/538fdfb33c0c411cd14a732e7cf14aa6\",\"name\":\"Jornalismo\"}]}<\/script>\n<!-- \/ Yoast SEO plugin. -->","yoast_head_json":{"title":"Agosto Lil\u00e1s: campanha promove combate \u00e0 viol\u00eancia dom\u00e9stica em Leopoldina","description":"Por meio de panfletagem, coloca\u00e7\u00e3o de cartazes e conversas com a popula\u00e7\u00e3o, a a\u00e7\u00e3o levou informa\u00e7\u00f5es sobre os dispositivos...","robots":{"index":"index","follow":"follow","max-snippet":"max-snippet:-1","max-image-preview":"max-image-preview:large","max-video-preview":"max-video-preview:-1"},"canonical":"https:\/\/www.ovigilanteonline.com.br\/site\/2023\/08\/07\/agosto-lilas-campanha-promove-combate-a-violencia-domestica-em-leopoldina\/","og_locale":"pt_BR","og_type":"article","og_title":"Agosto Lil\u00e1s: campanha promove combate \u00e0 viol\u00eancia dom\u00e9stica em Leopoldina","og_description":"Por meio de panfletagem, coloca\u00e7\u00e3o de cartazes e conversas com a popula\u00e7\u00e3o, a a\u00e7\u00e3o levou informa\u00e7\u00f5es sobre os dispositivos...","og_url":"https:\/\/www.ovigilanteonline.com.br\/site\/2023\/08\/07\/agosto-lilas-campanha-promove-combate-a-violencia-domestica-em-leopoldina\/","og_site_name":"O VIGILANTE ONLINE","article_publisher":"https:\/\/www.facebook.com\/ovigilanteonline","article_published_time":"2023-08-07T11:46:16+00:00","article_modified_time":"2023-08-08T14:41:36+00:00","og_image":[{"width":900,"height":615,"url":"https:\/\/www.ovigilanteonline.com.br\/site\/wp-content\/uploads\/2023\/08\/WhatsApp-Image-2023-08-05-at-12.49.49.jpeg","type":"image\/jpeg"}],"author":"Jornalismo","twitter_card":"summary_large_image","twitter_misc":{"Escrito por":"Jornalismo","Est. tempo de leitura":"3 minutos"},"schema":{"@context":"https:\/\/schema.org","@graph":[{"@type":"Article","@id":"https:\/\/www.ovigilanteonline.com.br\/site\/2023\/08\/07\/agosto-lilas-campanha-promove-combate-a-violencia-domestica-em-leopoldina\/#article","isPartOf":{"@id":"https:\/\/www.ovigilanteonline.com.br\/site\/2023\/08\/07\/agosto-lilas-campanha-promove-combate-a-violencia-domestica-em-leopoldina\/"},"author":{"name":"Jornalismo","@id":"https:\/\/www.ovigilanteonline.com.br\/site\/#\/schema\/person\/538fdfb33c0c411cd14a732e7cf14aa6"},"headline":"Agosto Lil\u00e1s: campanha promove combate \u00e0 viol\u00eancia dom\u00e9stica em Leopoldina","datePublished":"2023-08-07T11:46:16+00:00","dateModified":"2023-08-08T14:41:36+00:00","mainEntityOfPage":{"@id":"https:\/\/www.ovigilanteonline.com.br\/site\/2023\/08\/07\/agosto-lilas-campanha-promove-combate-a-violencia-domestica-em-leopoldina\/"},"wordCount":336,"commentCount":0,"image":{"@id":"https:\/\/www.ovigilanteonline.com.br\/site\/2023\/08\/07\/agosto-lilas-campanha-promove-combate-a-violencia-domestica-em-leopoldina\/#primaryimage"},"thumbnailUrl":"https:\/\/www.ovigilanteonline.com.br\/site\/wp-content\/uploads\/2023\/08\/WhatsApp-Image-2023-08-05-at-12.49.49.jpeg","articleSection":["Cidade","Leopoldina","\u00daltimas Not\u00edcias"],"inLanguage":"pt-BR","potentialAction":[{"@type":"CommentAction","name":"Comment","target":["https:\/\/www.ovigilanteonline.com.br\/site\/2023\/08\/07\/agosto-lilas-campanha-promove-combate-a-violencia-domestica-em-leopoldina\/#respond"]}]},{"@type":"WebPage","@id":"https:\/\/www.ovigilanteonline.com.br\/site\/2023\/08\/07\/agosto-lilas-campanha-promove-combate-a-violencia-domestica-em-leopoldina\/","url":"https:\/\/www.ovigilanteonline.com.br\/site\/2023\/08\/07\/agosto-lilas-campanha-promove-combate-a-violencia-domestica-em-leopoldina\/","name":"Agosto Lil\u00e1s: campanha promove combate \u00e0 viol\u00eancia dom\u00e9stica em Leopoldina","isPartOf":{"@id":"https:\/\/www.ovigilanteonline.com.br\/site\/#website"},"primaryImageOfPage":{"@id":"https:\/\/www.ovigilanteonline.com.br\/site\/2023\/08\/07\/agosto-lilas-campanha-promove-combate-a-violencia-domestica-em-leopoldina\/#primaryimage"},"image":{"@id":"https:\/\/www.ovigilanteonline.com.br\/site\/2023\/08\/07\/agosto-lilas-campanha-promove-combate-a-violencia-domestica-em-leopoldina\/#primaryimage"},"thumbnailUrl":"https:\/\/www.ovigilanteonline.com.br\/site\/wp-content\/uploads\/2023\/08\/WhatsApp-Image-2023-08-05-at-12.49.49.jpeg","datePublished":"2023-08-07T11:46:16+00:00","dateModified":"2023-08-08T14:41:36+00:00","author":{"@id":"https:\/\/www.ovigilanteonline.com.br\/site\/#\/schema\/person\/538fdfb33c0c411cd14a732e7cf14aa6"},"description":"Por meio de panfletagem, coloca\u00e7\u00e3o de cartazes e conversas com a popula\u00e7\u00e3o, a a\u00e7\u00e3o levou informa\u00e7\u00f5es sobre os dispositivos...","breadcrumb":{"@id":"https:\/\/www.ovigilanteonline.com.br\/site\/2023\/08\/07\/agosto-lilas-campanha-promove-combate-a-violencia-domestica-em-leopoldina\/#breadcrumb"},"inLanguage":"pt-BR","potentialAction":[{"@type":"ReadAction","target":["https:\/\/www.ovigilanteonline.com.br\/site\/2023\/08\/07\/agosto-lilas-campanha-promove-combate-a-violencia-domestica-em-leopoldina\/"]}]},{"@type":"ImageObject","inLanguage":"pt-BR","@id":"https:\/\/www.ovigilanteonline.com.br\/site\/2023\/08\/07\/agosto-lilas-campanha-promove-combate-a-violencia-domestica-em-leopoldina\/#primaryimage","url":"https:\/\/www.ovigilanteonline.com.br\/site\/wp-content\/uploads\/2023\/08\/WhatsApp-Image-2023-08-05-at-12.49.49.jpeg","contentUrl":"https:\/\/www.ovigilanteonline.com.br\/site\/wp-content\/uploads\/2023\/08\/WhatsApp-Image-2023-08-05-at-12.49.49.jpeg","width":900,"height":615},{"@type":"BreadcrumbList","@id":"https:\/\/www.ovigilanteonline.com.br\/site\/2023\/08\/07\/agosto-lilas-campanha-promove-combate-a-violencia-domestica-em-leopoldina\/#breadcrumb","itemListElement":[{"@type":"ListItem","position":1,"name":"In\u00edcio","item":"https:\/\/www.ovigilanteonline.com.br\/site\/"},{"@type":"ListItem","position":2,"name":"Agosto Lil\u00e1s: campanha promove combate \u00e0 viol\u00eancia dom\u00e9stica em Leopoldina"}]},{"@type":"WebSite","@id":"https:\/\/www.ovigilanteonline.com.br\/site\/#website","url":"https:\/\/www.ovigilanteonline.com.br\/site\/","name":"O VIGILANTE ONLINE - Not\u00edcias de Leopoldina e regi\u00e3o","description":"","potentialAction":[{"@type":"SearchAction","target":{"@type":"EntryPoint","urlTemplate":"https:\/\/www.ovigilanteonline.com.br\/site\/?s={search_term_string}"},"query-input":{"@type":"PropertyValueSpecification","valueRequired":true,"valueName":"search_term_string"}}],"inLanguage":"pt-BR"},{"@type":"Person","@id":"https:\/\/www.ovigilanteonline.com.br\/site\/#\/schema\/person\/538fdfb33c0c411cd14a732e7cf14aa6","name":"Jornalismo"}]}},"cc_featured_image_caption":{"caption_text":"Prefeitura de Leopoldina\/Divulga\u00e7\u00e3o","source_text":"","source_url":""},"_links":{"self":[{"href":"https:\/\/www.ovigilanteonline.com.br\/site\/wp-json\/wp\/v2\/posts\/424458","targetHints":{"allow":["GET"]}}],"collection":[{"href":"https:\/\/www.ovigilanteonline.com.br\/site\/wp-json\/wp\/v2\/posts"}],"about":[{"href":"https:\/\/www.ovigilanteonline.com.br\/site\/wp-json\/wp\/v2\/types\/post"}],"author":[{"embeddable":true,"href":"https:\/\/www.ovigilanteonline.com.br\/site\/wp-json\/wp\/v2\/users\/2"}],"replies":[{"embeddable":true,"href":"https:\/\/www.ovigilanteonline.com.br\/site\/wp-json\/wp\/v2\/comments?post=424458"}],"version-history":[{"count":0,"href":"https:\/\/www.ovigilanteonline.com.br\/site\/wp-json\/wp\/v2\/posts\/424458\/revisions"}],"wp:featuredmedia":[{"embeddable":true,"href":"https:\/\/www.ovigilanteonline.com.br\/site\/wp-json\/wp\/v2\/media\/424460"}],"wp:attachment":[{"href":"https:\/\/www.ovigilanteonline.com.br\/site\/wp-json\/wp\/v2\/media?parent=424458"}],"wp:term":[{"taxonomy":"category","embeddable":true,"href":"https:\/\/www.ovigilanteonline.com.br\/site\/wp-json\/wp\/v2\/categories?post=424458"},{"taxonomy":"post_tag","embeddable":true,"href":"https:\/\/www.ovigilanteonline.com.br\/site\/wp-json\/wp\/v2\/tags?post=424458"}],"curies":[{"name":"wp","href":"https:\/\/api.w.org\/{rel}","templated":true}]}}