{"id":424130,"date":"2023-07-28T08:08:44","date_gmt":"2023-07-28T11:08:44","guid":{"rendered":"https:\/\/www.ovigilanteonline.com.br\/site\/?p=424130"},"modified":"2023-07-28T08:08:49","modified_gmt":"2023-07-28T11:08:49","slug":"65-mil-processos-podem-ser-revistos-no-mutirao-carcerario-em-minas","status":"publish","type":"post","link":"https:\/\/www.ovigilanteonline.com.br\/site\/2023\/07\/28\/65-mil-processos-podem-ser-revistos-no-mutirao-carcerario-em-minas\/","title":{"rendered":"65 mil processos podem ser revistos no mutir\u00e3o carcer\u00e1rio em Minas"},"content":{"rendered":"\n<h3 class=\"wp-block-heading\"><em>A\u00e7\u00e3o contar\u00e1 com o apoio de mais de 500 ju\u00edzes e mais de 2 mil servidores.<\/em><\/h3>\n\n\n\n<p>A presidente do Supremo Tribunal Federal (STF) e do Conselho Nacional de Justi\u00e7a (CNJ), ministra Rosa Weber, cumpriu agenda em Belo Horizonte nesta quinta-feira (27) para lan\u00e7ar, oficialmente, no Estado, o novo Modelo Nacional de Mutir\u00e3o Carcer\u00e1rio do CNJ \u2013 chamado de Mutir\u00e3o Processual Penal. A iniciativa beneficiar\u00e1 o Sistema Prisional mineiro, porque deve resultar na diminui\u00e7\u00e3o da lota\u00e7\u00e3o de algumas unidades prisionais.&nbsp;&nbsp;<\/p>\n\n\n\n<p>Os trabalhos de revis\u00e3o processual v\u00e3o at\u00e9 11 de setembro, em todos os estados do pa\u00eds. Em Minas, ser\u00e3o analisados 65 mil processos em um esfor\u00e7o em conjunto que contar\u00e1 com o apoio de mais de 500 ju\u00edzes e mais de 2 mil servidores, sem preju\u00edzo das atividades rotineiras. Participam do mutir\u00e3o o Tribunal de Justi\u00e7a de Minas Gerais (TJMG), a Defensoria P\u00fablica de Minas Gerais (DPMG), o Minist\u00e9rio P\u00fablico de Minas Gerais (MPMG) e a Ordem dos Advogados do Brasil &#8211; Se\u00e7\u00e3o Minas Gerais (OAB\/MG).<\/p>\n\n\n\n\n\n<p>No discurso do lan\u00e7amento do mutir\u00e3o, em evento no TJMG, Rosa Weber destacou a import\u00e2ncia da a\u00e7\u00e3o. &#8220;Seguramente, os mutir\u00f5es foram e s\u00e3o essenciais para desvendar rostos, garantir a voz e perceber que existem pessoas que est\u00e3o confinadas sobre a prote\u00e7\u00e3o do Estado e muitas delas esquecidas dentro do sistema prisional. Um sentimento de esquecimento que resulta na quebra do pertencimento social desses seres humanos. Os mutir\u00f5es jogam luz sobre a situa\u00e7\u00e3o&#8221;, afirmou.\u00a0<\/p>\n\n\n\n<p>J\u00e1 o desembargador da Primeira C\u00e2mara Criminal do Tribunal de Justi\u00e7a e supervisor do Grupo de Monitoramento e Fiscaliza\u00e7\u00e3o do Sistema Carcer\u00e1rio e das Medidas Socioeducativas (GMF), Jos\u00e9 Luiz de Moura Faleiros, disse que Minas est\u00e1 entre os cinco estados selecionados por ter a segunda popula\u00e7\u00e3o carcer\u00e1ria do pa\u00eds, atr\u00e1s apenas de S\u00e3o Paulo. &#8220;Por conta desse volume, h\u00e1 uma quantidade significativa de processos a serem averiguados. O trabalho tem foco principalmente nas mulheres em situa\u00e7\u00e3o de risco, popula\u00e7\u00e3o LGBTQIA+, pessoas vulner\u00e1veis, em situa\u00e7\u00e3o de risco e migrantes das diferentes regi\u00f5es&#8221;.\u00a0<\/p>\n\n\n\n<p>No discurso do lan\u00e7amento do mutir\u00e3o, em evento no TJMG, Rosa Weber destacou a import\u00e2ncia da a\u00e7\u00e3o. &#8220;Seguramente, os mutir\u00f5es foram e s\u00e3o essenciais para desvendar rostos, garantir a voz e perceber que existem pessoas que est\u00e3o confinadas sobre a prote\u00e7\u00e3o do Estado e muitas delas esquecidas dentro do sistema prisional. Um sentimento de esquecimento que resulta na quebra do pertencimento social desses seres humanos. Os mutir\u00f5es jogam luz sobre a situa\u00e7\u00e3o&#8221;, afirmou.\u00a0<\/p>\n\n\n<div id=\"ovigi-373270815\">\r\n<p class=\"has-text-align-center has-small-font-size\">continua depois da publicidade<\/p>\r\n\r\n\r\n\r\n<hr class=\"wp-block-separator has-alpha-channel-opacity is-style-wide\"\/>\r\n\r\n\r\n<center> \r\n<figure class=\"wp-block-image size-large\"><a href=\"https:\/\/www.instagram.com\/unimedleopoldina241\/\" target=\"_blank\" rel=\"noreferrer noopener\"><img decoding=\"async\" src=\"https:\/\/www.ovigilanteonline.com.br\/site\/wp-content\/uploads\/2026\/03\/UNIMED-FINAL.jpg\" alt=\"\" class=\"wp-image-395070\"\/><\/a><\/figure>\r\n<\/figure>\r\n<!-- \/wp:gallery --> <\/center>\r\n\r\n<!-- wp:separator {\"className\":\"is-style-wide\"} -->\r\n<hr class=\"wp-block-separator has-alpha-channel-opacity is-style-wide\"\/>\r\n<!-- \/wp:separator -->\r\n<\/div>\n\n\n<p>J\u00e1 o desembargador da Primeira C\u00e2mara Criminal do Tribunal de Justi\u00e7a e supervisor do Grupo de Monitoramento e Fiscaliza\u00e7\u00e3o do Sistema Carcer\u00e1rio e das Medidas Socioeducativas (GMF), Jos\u00e9 Luiz de Moura Faleiros, disse que Minas est\u00e1 entre os cinco estados selecionados por ter a segunda popula\u00e7\u00e3o carcer\u00e1ria do pa\u00eds, atr\u00e1s apenas de S\u00e3o Paulo. &#8220;Por conta desse volume, h\u00e1 uma quantidade significativa de processos a serem averiguados. O trabalho tem foco principalmente nas mulheres em situa\u00e7\u00e3o de risco, popula\u00e7\u00e3o LGBTQIA+, pessoas vulner\u00e1veis, em situa\u00e7\u00e3o de risco e migrantes das diferentes regi\u00f5es&#8221;.\u00a0<\/p>\n\n\n\n<p><strong>Visita \u00e0 unidade prisional\u00a0<\/strong><\/p>\n\n\n\n<p>A ministra Rosa Weber tamb\u00e9m visitou a Penitenci\u00e1ria Professor Jason Soares Albergaria, que fica em S\u00e3o Joaquim de Bicas, na Regi\u00e3o Metropolitana de Belo Horizonte, durante passagem pela capital. A unidade \u00e9 exclusiva para detentos LGBQIAP+ no Estado e \u00e9 uma das duas \u00fanicas existentes em todo o Brasil. O direcionamento de presos com esse perfil, no Estado, \u00e9 feito mediante solicita\u00e7\u00e3o, por meio de documento auto declarat\u00f3rio.\u00a0<\/p>\n\n\n\n<p class=\"has-text-align-center has-small-font-size\">continua depois da publicidade<\/p>\n\n\n\n<hr class=\"wp-block-separator has-alpha-channel-opacity is-style-wide\"\/>\n\n\n\n\n\n<hr class=\"wp-block-separator has-alpha-channel-opacity is-style-wide\"\/>\n\n\n\n<p>&#8220;A situa\u00e7\u00e3o de aprisionamento n\u00e3o \u00e9 uma viv\u00eancia padr\u00e3o ou uniforme para todos. H\u00e1 singularidades que tamb\u00e9m se reproduzem no ambiente prisional. \u00c9 necess\u00e1rio compreendermos que mesmo nas pris\u00f5es temos que individualizar o tratamento das pessoas sobretudo de grupos espec\u00edficos que demandam aten\u00e7\u00e3o especial, como o p\u00fablico LGBTQIA+&#8221;, destacou a ministra Rosa Weber.&nbsp;<\/p>\n\n\n\n<p><strong>Ceapa no F\u00f3rum\u00a0<\/strong><\/p>\n\n\n\n<p>Outra agenda com impactos no trabalho da Sejusp e relacionada ao dia de an\u00fancios oriundo da visita da ministra Rosa Weber \u00e9 o in\u00edcio do atendimento da pessoa custodiada, ap\u00f3s passagem por audi\u00eancia de cust\u00f3dia, pelas equipes do programa Central de Alternativas Penais (Ceapa), da Pol\u00edtica de Preven\u00e7\u00e3o \u00e0 Criminalidade. Esse atendimento acontecer\u00e1 no pr\u00f3prio F\u00f3rum Lafayette, em Belo Horizonte, onde foi montada da primeira Unidade de Preven\u00e7\u00e3o \u00e0 Criminalidade (UPC) nesses moldes.&nbsp;<\/p>\n\n\n\n<p>A novidade acontece para cumprimento da metodologia nacional APEC \u2013 Atendimento \u00e0 Pessoa Custodiada \u2013 do Conselho Nacional de Justi\u00e7a. A inten\u00e7\u00e3o \u00e9 institucionalizar atendimentos sociais no contexto de audi\u00eancias de cust\u00f3dia \u2013 o que ser\u00e1 feito com o trabalho da Ceapa.&nbsp;<\/p>\n\n\n\n<p>* Com informa\u00e7\u00f5es da Secretaria de Estado de Justi\u00e7a e Seguran\u00e7a P\u00fablica<\/p>\n\n\n\n<h4 class=\"wp-block-heading\">\ud83d\udcf1 Acompanhe o jornal <strong>O Vigilante Online<\/strong> no <a href=\"https:\/\/www.facebook.com\/ovigilanteonline\/\" target=\"_blank\" rel=\"noreferrer noopener\">Facebook<\/a> e <a href=\"https:\/\/www.instagram.com\/ovigilanteonline\/\" target=\"_blank\" rel=\"noreferrer noopener\">Instagram<\/a><\/h4>\n\n\n\n<hr class=\"wp-block-separator has-alpha-channel-opacity is-style-wide\"\/>\n\n\n<div class=\"ultp-not-found-message\" role=\"alert\">No Post Found<\/div>\n\n\n<hr class=\"wp-block-separator has-alpha-channel-opacity\"\/>\n\n\n<div id=\"ovigi-2105105321\"><a href=\"https:\/\/www.instagram.com\/cartosolarmg\/\" target=\"_blank\" aria-label=\"carto solar\"><img loading=\"lazy\" decoding=\"async\" src=\"https:\/\/www.ovigilanteonline.com.br\/site\/wp-content\/uploads\/2023\/05\/carto-solar-2-jpg.webp\" alt=\"\"  srcset=\"https:\/\/www.ovigilanteonline.com.br\/site\/wp-content\/uploads\/2023\/05\/carto-solar-2-jpg.webp 900w, https:\/\/www.ovigilanteonline.com.br\/site\/wp-content\/uploads\/2023\/05\/carto-solar-2-300x121.webp 300w, https:\/\/www.ovigilanteonline.com.br\/site\/wp-content\/uploads\/2023\/05\/carto-solar-2-768x311.webp 768w, https:\/\/www.ovigilanteonline.com.br\/site\/wp-content\/uploads\/2023\/05\/carto-solar-2-600x243.webp 600w\" sizes=\"auto, (max-width: 900px) 100vw, 900px\" width=\"900\" height=\"364\"   \/><\/a><\/div>\n\n<div  class=\"ultp-post-grid-block wp-block-ultimate-post-post-grid-1 ultp-block-b5fb80\"><div class=\"ultp-block-wrapper\"><div class=\"ultp-loading\"><div class=\"ultp-loading-blocks\" style=\"width:100%;height:100%;\"><div style=\"left: 0;top: 0;animation-delay:0s;\"><\/div><div style=\"left: 21px;top: 0;animation-delay:0.125s;\"><\/div><div style=\"left: 42px;top: 0;animation-delay:0.25s;\"><\/div><div style=\"left: 0;top: 21px;animation-delay:0.875s;\"><\/div><div style=\"left: 42px;top: 21px;animation-delay:0.375s;\"><\/div><div style=\"left: 0;top: 42px;animation-delay:0.75s;\"><\/div><div style=\"left: 42px;top: 42px;animation-delay:0.625s;\"><\/div><div style=\"left: 21px;top: 42px;animation-delay:0.5s;\"><\/div><\/div><\/div><div class=\"ultp-heading-filter\"><div class=\"ultp-heading-filter-in\"><div class=\"ultp-heading-wrap ultp-heading-style1 ultp-heading-left\"><h2 class=\"ultp-heading-inner\"><a href=\"https:\/\/www.ovigilanteonline.com.br\/site\/\" ><span>Mais not\u00edcias &gt;&gt;<\/span><\/a><\/h2><\/div><\/div><\/div><div class=\"ultp-block-items-wrap ultp-block-row ultp-pg1a-style1 ultp-grid1-responsive ultp-block-column-2 1 ultp-xs-column-1 ultp-layout1\"><div class=\"ultp-block-item post-id-452210\"><div class=\"ultp-block-content-wrap\"><div class=\"ultp-block-image ultp-block-image-opacity\"><a href=\"https:\/\/www.ovigilanteonline.com.br\/site\/2026\/04\/26\/homem-e-preso-pela-pm-apos-furto-de-fios-e-resistencia-a-abordagem-policial-em-leopoldina\/\" ><img decoding=\"async\"  class=\"ultp-block-image-content\"  alt=\"Homem \u00e9 preso pela PM ap\u00f3s furto de fios e resist\u00eancia \u00e0 abordagem policial em Leopoldina\"  src=\"https:\/\/www.ovigilanteonline.com.br\/site\/wp-content\/uploads\/2026\/02\/pm-viatura-3.jpg\" \/><\/a><\/div><div class=\"ultp-block-content\"><h3 class=\"ultp-block-title \"><a href=\"https:\/\/www.ovigilanteonline.com.br\/site\/2026\/04\/26\/homem-e-preso-pela-pm-apos-furto-de-fios-e-resistencia-a-abordagem-policial-em-leopoldina\/\" >Homem \u00e9 preso pela PM ap\u00f3s furto de fios e resist\u00eancia \u00e0 abordagem policial em Leopoldina<\/a><\/h3><div class=\"ultp-block-meta ultp-block-meta-dot ultp-block-meta-icon\"><\/div><\/div><\/div><\/div><div class=\"ultp-block-item post-id-452186\"><div class=\"ultp-block-content-wrap\"><div class=\"ultp-block-image ultp-block-image-opacity\"><a href=\"https:\/\/www.ovigilanteonline.com.br\/site\/2026\/04\/25\/consagracao-a-sao-miguel-arcanjo-reune-cerca-de-15-mil-fieis-em-leopoldina\/\" ><img decoding=\"async\"  class=\"ultp-block-image-content\"  alt=\"Consagra\u00e7\u00e3o a S\u00e3o Miguel Arcanjo re\u00fane cerca de 15 mil fi\u00e9is em Leopoldina\"  src=\"https:\/\/www.ovigilanteonline.com.br\/site\/wp-content\/uploads\/2026\/04\/IMG_2291-768x637.jpg\" \/><\/a><\/div><div class=\"ultp-block-content\"><h3 class=\"ultp-block-title \"><a href=\"https:\/\/www.ovigilanteonline.com.br\/site\/2026\/04\/25\/consagracao-a-sao-miguel-arcanjo-reune-cerca-de-15-mil-fieis-em-leopoldina\/\" >Consagra\u00e7\u00e3o a S\u00e3o Miguel Arcanjo re\u00fane cerca de 15 mil fi\u00e9is em Leopoldina<\/a><\/h3><div class=\"ultp-block-meta ultp-block-meta-dot ultp-block-meta-icon\"><\/div><\/div><\/div><\/div><\/div><\/div><div class=\"pagination-block-html\" aria-hidden=\"true\" style=\"display: none;\"><\/div><\/div>","protected":false},"excerpt":{"rendered":"<p>A iniciativa beneficiar\u00e1 o Sistema Prisional mineiro, porque deve resultar na diminui\u00e7\u00e3o da lota\u00e7\u00e3o de algumas unidades prisionais.\u00a0\u00a0<\/p>\n","protected":false},"author":2,"featured_media":424131,"comment_status":"open","ping_status":"open","sticky":false,"template":"","format":"standard","meta":{"footnotes":""},"categories":[1,26],"tags":[],"class_list":["post-424130","post","type-post","status-publish","format-standard","has-post-thumbnail","hentry","category-destaque","category-ultimas-noticias"],"yoast_head":"<!-- This site is optimized with the Yoast SEO plugin v27.4 - https:\/\/yoast.com\/product\/yoast-seo-wordpress\/ -->\n<title>65 mil processos podem ser revistos no mutir\u00e3o carcer\u00e1rio em Minas<\/title>\n<meta name=\"description\" content=\"A iniciativa beneficiar\u00e1 o Sistema Prisional mineiro, porque deve resultar na diminui\u00e7\u00e3o da lota\u00e7\u00e3o de algumas unidades prisionais.\u00a0\u00a0\" \/>\n<meta name=\"robots\" content=\"index, follow, max-snippet:-1, max-image-preview:large, max-video-preview:-1\" \/>\n<link rel=\"canonical\" href=\"https:\/\/www.ovigilanteonline.com.br\/site\/2023\/07\/28\/65-mil-processos-podem-ser-revistos-no-mutirao-carcerario-em-minas\/\" \/>\n<meta property=\"og:locale\" content=\"pt_BR\" \/>\n<meta property=\"og:type\" content=\"article\" \/>\n<meta property=\"og:title\" content=\"65 mil processos podem ser revistos no mutir\u00e3o carcer\u00e1rio em Minas\" \/>\n<meta property=\"og:description\" content=\"A iniciativa beneficiar\u00e1 o Sistema Prisional mineiro, porque deve resultar na diminui\u00e7\u00e3o da lota\u00e7\u00e3o de algumas unidades prisionais.\u00a0\u00a0\" \/>\n<meta property=\"og:url\" content=\"https:\/\/www.ovigilanteonline.com.br\/site\/2023\/07\/28\/65-mil-processos-podem-ser-revistos-no-mutirao-carcerario-em-minas\/\" \/>\n<meta property=\"og:site_name\" content=\"O VIGILANTE ONLINE\" \/>\n<meta property=\"article:publisher\" content=\"https:\/\/www.facebook.com\/ovigilanteonline\" \/>\n<meta property=\"article:published_time\" content=\"2023-07-28T11:08:44+00:00\" \/>\n<meta property=\"article:modified_time\" content=\"2023-07-28T11:08:49+00:00\" \/>\n<meta property=\"og:image\" content=\"https:\/\/www.ovigilanteonline.com.br\/site\/wp-content\/uploads\/2023\/07\/cnj-justica-jpg.webp\" \/>\n\t<meta property=\"og:image:width\" content=\"1200\" \/>\n\t<meta property=\"og:image:height\" content=\"600\" \/>\n\t<meta property=\"og:image:type\" content=\"image\/jpeg\" \/>\n<meta name=\"author\" content=\"Jornalismo\" \/>\n<meta name=\"twitter:card\" content=\"summary_large_image\" \/>\n<meta name=\"twitter:label1\" content=\"Escrito por\" \/>\n\t<meta name=\"twitter:data1\" content=\"Jornalismo\" \/>\n\t<meta name=\"twitter:label2\" content=\"Est. tempo de leitura\" \/>\n\t<meta name=\"twitter:data2\" content=\"5 minutos\" \/>\n<script type=\"application\/ld+json\" class=\"yoast-schema-graph\">{\"@context\":\"https:\\\/\\\/schema.org\",\"@graph\":[{\"@type\":\"Article\",\"@id\":\"https:\\\/\\\/www.ovigilanteonline.com.br\\\/site\\\/2023\\\/07\\\/28\\\/65-mil-processos-podem-ser-revistos-no-mutirao-carcerario-em-minas\\\/#article\",\"isPartOf\":{\"@id\":\"https:\\\/\\\/www.ovigilanteonline.com.br\\\/site\\\/2023\\\/07\\\/28\\\/65-mil-processos-podem-ser-revistos-no-mutirao-carcerario-em-minas\\\/\"},\"author\":{\"name\":\"Jornalismo\",\"@id\":\"https:\\\/\\\/www.ovigilanteonline.com.br\\\/site\\\/#\\\/schema\\\/person\\\/538fdfb33c0c411cd14a732e7cf14aa6\"},\"headline\":\"65 mil processos podem ser revistos no mutir\u00e3o carcer\u00e1rio em Minas\",\"datePublished\":\"2023-07-28T11:08:44+00:00\",\"dateModified\":\"2023-07-28T11:08:49+00:00\",\"mainEntityOfPage\":{\"@id\":\"https:\\\/\\\/www.ovigilanteonline.com.br\\\/site\\\/2023\\\/07\\\/28\\\/65-mil-processos-podem-ser-revistos-no-mutirao-carcerario-em-minas\\\/\"},\"wordCount\":862,\"commentCount\":0,\"image\":{\"@id\":\"https:\\\/\\\/www.ovigilanteonline.com.br\\\/site\\\/2023\\\/07\\\/28\\\/65-mil-processos-podem-ser-revistos-no-mutirao-carcerario-em-minas\\\/#primaryimage\"},\"thumbnailUrl\":\"https:\\\/\\\/www.ovigilanteonline.com.br\\\/site\\\/wp-content\\\/uploads\\\/2023\\\/07\\\/cnj-justica-jpg.webp\",\"articleSection\":[\"Destaque\",\"\u00daltimas Not\u00edcias\"],\"inLanguage\":\"pt-BR\",\"potentialAction\":[{\"@type\":\"CommentAction\",\"name\":\"Comment\",\"target\":[\"https:\\\/\\\/www.ovigilanteonline.com.br\\\/site\\\/2023\\\/07\\\/28\\\/65-mil-processos-podem-ser-revistos-no-mutirao-carcerario-em-minas\\\/#respond\"]}]},{\"@type\":\"WebPage\",\"@id\":\"https:\\\/\\\/www.ovigilanteonline.com.br\\\/site\\\/2023\\\/07\\\/28\\\/65-mil-processos-podem-ser-revistos-no-mutirao-carcerario-em-minas\\\/\",\"url\":\"https:\\\/\\\/www.ovigilanteonline.com.br\\\/site\\\/2023\\\/07\\\/28\\\/65-mil-processos-podem-ser-revistos-no-mutirao-carcerario-em-minas\\\/\",\"name\":\"65 mil processos podem ser revistos no mutir\u00e3o carcer\u00e1rio em Minas\",\"isPartOf\":{\"@id\":\"https:\\\/\\\/www.ovigilanteonline.com.br\\\/site\\\/#website\"},\"primaryImageOfPage\":{\"@id\":\"https:\\\/\\\/www.ovigilanteonline.com.br\\\/site\\\/2023\\\/07\\\/28\\\/65-mil-processos-podem-ser-revistos-no-mutirao-carcerario-em-minas\\\/#primaryimage\"},\"image\":{\"@id\":\"https:\\\/\\\/www.ovigilanteonline.com.br\\\/site\\\/2023\\\/07\\\/28\\\/65-mil-processos-podem-ser-revistos-no-mutirao-carcerario-em-minas\\\/#primaryimage\"},\"thumbnailUrl\":\"https:\\\/\\\/www.ovigilanteonline.com.br\\\/site\\\/wp-content\\\/uploads\\\/2023\\\/07\\\/cnj-justica-jpg.webp\",\"datePublished\":\"2023-07-28T11:08:44+00:00\",\"dateModified\":\"2023-07-28T11:08:49+00:00\",\"author\":{\"@id\":\"https:\\\/\\\/www.ovigilanteonline.com.br\\\/site\\\/#\\\/schema\\\/person\\\/538fdfb33c0c411cd14a732e7cf14aa6\"},\"description\":\"A iniciativa beneficiar\u00e1 o Sistema Prisional mineiro, porque deve resultar na diminui\u00e7\u00e3o da lota\u00e7\u00e3o de algumas unidades prisionais.\u00a0\u00a0\",\"breadcrumb\":{\"@id\":\"https:\\\/\\\/www.ovigilanteonline.com.br\\\/site\\\/2023\\\/07\\\/28\\\/65-mil-processos-podem-ser-revistos-no-mutirao-carcerario-em-minas\\\/#breadcrumb\"},\"inLanguage\":\"pt-BR\",\"potentialAction\":[{\"@type\":\"ReadAction\",\"target\":[\"https:\\\/\\\/www.ovigilanteonline.com.br\\\/site\\\/2023\\\/07\\\/28\\\/65-mil-processos-podem-ser-revistos-no-mutirao-carcerario-em-minas\\\/\"]}]},{\"@type\":\"ImageObject\",\"inLanguage\":\"pt-BR\",\"@id\":\"https:\\\/\\\/www.ovigilanteonline.com.br\\\/site\\\/2023\\\/07\\\/28\\\/65-mil-processos-podem-ser-revistos-no-mutirao-carcerario-em-minas\\\/#primaryimage\",\"url\":\"https:\\\/\\\/www.ovigilanteonline.com.br\\\/site\\\/wp-content\\\/uploads\\\/2023\\\/07\\\/cnj-justica-jpg.webp\",\"contentUrl\":\"https:\\\/\\\/www.ovigilanteonline.com.br\\\/site\\\/wp-content\\\/uploads\\\/2023\\\/07\\\/cnj-justica-jpg.webp\",\"width\":1200,\"height\":600,\"caption\":\"Presidente do STF e do CNJ, Rosa Weber cumpriu agendas em BH nesta quinta-feira (Bernardo Carneiro\\\/Sejusp)\"},{\"@type\":\"BreadcrumbList\",\"@id\":\"https:\\\/\\\/www.ovigilanteonline.com.br\\\/site\\\/2023\\\/07\\\/28\\\/65-mil-processos-podem-ser-revistos-no-mutirao-carcerario-em-minas\\\/#breadcrumb\",\"itemListElement\":[{\"@type\":\"ListItem\",\"position\":1,\"name\":\"In\u00edcio\",\"item\":\"https:\\\/\\\/www.ovigilanteonline.com.br\\\/site\\\/\"},{\"@type\":\"ListItem\",\"position\":2,\"name\":\"65 mil processos podem ser revistos no mutir\u00e3o carcer\u00e1rio em Minas\"}]},{\"@type\":\"WebSite\",\"@id\":\"https:\\\/\\\/www.ovigilanteonline.com.br\\\/site\\\/#website\",\"url\":\"https:\\\/\\\/www.ovigilanteonline.com.br\\\/site\\\/\",\"name\":\"O VIGILANTE ONLINE - Not\u00edcias de Leopoldina e regi\u00e3o\",\"description\":\"\",\"potentialAction\":[{\"@type\":\"SearchAction\",\"target\":{\"@type\":\"EntryPoint\",\"urlTemplate\":\"https:\\\/\\\/www.ovigilanteonline.com.br\\\/site\\\/?s={search_term_string}\"},\"query-input\":{\"@type\":\"PropertyValueSpecification\",\"valueRequired\":true,\"valueName\":\"search_term_string\"}}],\"inLanguage\":\"pt-BR\"},{\"@type\":\"Person\",\"@id\":\"https:\\\/\\\/www.ovigilanteonline.com.br\\\/site\\\/#\\\/schema\\\/person\\\/538fdfb33c0c411cd14a732e7cf14aa6\",\"name\":\"Jornalismo\"}]}<\/script>\n<!-- \/ Yoast SEO plugin. -->","yoast_head_json":{"title":"65 mil processos podem ser revistos no mutir\u00e3o carcer\u00e1rio em Minas","description":"A iniciativa beneficiar\u00e1 o Sistema Prisional mineiro, porque deve resultar na diminui\u00e7\u00e3o da lota\u00e7\u00e3o de algumas unidades prisionais.\u00a0\u00a0","robots":{"index":"index","follow":"follow","max-snippet":"max-snippet:-1","max-image-preview":"max-image-preview:large","max-video-preview":"max-video-preview:-1"},"canonical":"https:\/\/www.ovigilanteonline.com.br\/site\/2023\/07\/28\/65-mil-processos-podem-ser-revistos-no-mutirao-carcerario-em-minas\/","og_locale":"pt_BR","og_type":"article","og_title":"65 mil processos podem ser revistos no mutir\u00e3o carcer\u00e1rio em Minas","og_description":"A iniciativa beneficiar\u00e1 o Sistema Prisional mineiro, porque deve resultar na diminui\u00e7\u00e3o da lota\u00e7\u00e3o de algumas unidades prisionais.\u00a0\u00a0","og_url":"https:\/\/www.ovigilanteonline.com.br\/site\/2023\/07\/28\/65-mil-processos-podem-ser-revistos-no-mutirao-carcerario-em-minas\/","og_site_name":"O VIGILANTE ONLINE","article_publisher":"https:\/\/www.facebook.com\/ovigilanteonline","article_published_time":"2023-07-28T11:08:44+00:00","article_modified_time":"2023-07-28T11:08:49+00:00","og_image":[{"width":1200,"height":600,"url":"https:\/\/www.ovigilanteonline.com.br\/site\/wp-content\/uploads\/2023\/07\/cnj-justica-jpg.webp","type":"image\/jpeg"}],"author":"Jornalismo","twitter_card":"summary_large_image","twitter_misc":{"Escrito por":"Jornalismo","Est. tempo de leitura":"5 minutos"},"schema":{"@context":"https:\/\/schema.org","@graph":[{"@type":"Article","@id":"https:\/\/www.ovigilanteonline.com.br\/site\/2023\/07\/28\/65-mil-processos-podem-ser-revistos-no-mutirao-carcerario-em-minas\/#article","isPartOf":{"@id":"https:\/\/www.ovigilanteonline.com.br\/site\/2023\/07\/28\/65-mil-processos-podem-ser-revistos-no-mutirao-carcerario-em-minas\/"},"author":{"name":"Jornalismo","@id":"https:\/\/www.ovigilanteonline.com.br\/site\/#\/schema\/person\/538fdfb33c0c411cd14a732e7cf14aa6"},"headline":"65 mil processos podem ser revistos no mutir\u00e3o carcer\u00e1rio em Minas","datePublished":"2023-07-28T11:08:44+00:00","dateModified":"2023-07-28T11:08:49+00:00","mainEntityOfPage":{"@id":"https:\/\/www.ovigilanteonline.com.br\/site\/2023\/07\/28\/65-mil-processos-podem-ser-revistos-no-mutirao-carcerario-em-minas\/"},"wordCount":862,"commentCount":0,"image":{"@id":"https:\/\/www.ovigilanteonline.com.br\/site\/2023\/07\/28\/65-mil-processos-podem-ser-revistos-no-mutirao-carcerario-em-minas\/#primaryimage"},"thumbnailUrl":"https:\/\/www.ovigilanteonline.com.br\/site\/wp-content\/uploads\/2023\/07\/cnj-justica-jpg.webp","articleSection":["Destaque","\u00daltimas Not\u00edcias"],"inLanguage":"pt-BR","potentialAction":[{"@type":"CommentAction","name":"Comment","target":["https:\/\/www.ovigilanteonline.com.br\/site\/2023\/07\/28\/65-mil-processos-podem-ser-revistos-no-mutirao-carcerario-em-minas\/#respond"]}]},{"@type":"WebPage","@id":"https:\/\/www.ovigilanteonline.com.br\/site\/2023\/07\/28\/65-mil-processos-podem-ser-revistos-no-mutirao-carcerario-em-minas\/","url":"https:\/\/www.ovigilanteonline.com.br\/site\/2023\/07\/28\/65-mil-processos-podem-ser-revistos-no-mutirao-carcerario-em-minas\/","name":"65 mil processos podem ser revistos no mutir\u00e3o carcer\u00e1rio em Minas","isPartOf":{"@id":"https:\/\/www.ovigilanteonline.com.br\/site\/#website"},"primaryImageOfPage":{"@id":"https:\/\/www.ovigilanteonline.com.br\/site\/2023\/07\/28\/65-mil-processos-podem-ser-revistos-no-mutirao-carcerario-em-minas\/#primaryimage"},"image":{"@id":"https:\/\/www.ovigilanteonline.com.br\/site\/2023\/07\/28\/65-mil-processos-podem-ser-revistos-no-mutirao-carcerario-em-minas\/#primaryimage"},"thumbnailUrl":"https:\/\/www.ovigilanteonline.com.br\/site\/wp-content\/uploads\/2023\/07\/cnj-justica-jpg.webp","datePublished":"2023-07-28T11:08:44+00:00","dateModified":"2023-07-28T11:08:49+00:00","author":{"@id":"https:\/\/www.ovigilanteonline.com.br\/site\/#\/schema\/person\/538fdfb33c0c411cd14a732e7cf14aa6"},"description":"A iniciativa beneficiar\u00e1 o Sistema Prisional mineiro, porque deve resultar na diminui\u00e7\u00e3o da lota\u00e7\u00e3o de algumas unidades prisionais.\u00a0\u00a0","breadcrumb":{"@id":"https:\/\/www.ovigilanteonline.com.br\/site\/2023\/07\/28\/65-mil-processos-podem-ser-revistos-no-mutirao-carcerario-em-minas\/#breadcrumb"},"inLanguage":"pt-BR","potentialAction":[{"@type":"ReadAction","target":["https:\/\/www.ovigilanteonline.com.br\/site\/2023\/07\/28\/65-mil-processos-podem-ser-revistos-no-mutirao-carcerario-em-minas\/"]}]},{"@type":"ImageObject","inLanguage":"pt-BR","@id":"https:\/\/www.ovigilanteonline.com.br\/site\/2023\/07\/28\/65-mil-processos-podem-ser-revistos-no-mutirao-carcerario-em-minas\/#primaryimage","url":"https:\/\/www.ovigilanteonline.com.br\/site\/wp-content\/uploads\/2023\/07\/cnj-justica-jpg.webp","contentUrl":"https:\/\/www.ovigilanteonline.com.br\/site\/wp-content\/uploads\/2023\/07\/cnj-justica-jpg.webp","width":1200,"height":600,"caption":"Presidente do STF e do CNJ, Rosa Weber cumpriu agendas em BH nesta quinta-feira (Bernardo Carneiro\/Sejusp)"},{"@type":"BreadcrumbList","@id":"https:\/\/www.ovigilanteonline.com.br\/site\/2023\/07\/28\/65-mil-processos-podem-ser-revistos-no-mutirao-carcerario-em-minas\/#breadcrumb","itemListElement":[{"@type":"ListItem","position":1,"name":"In\u00edcio","item":"https:\/\/www.ovigilanteonline.com.br\/site\/"},{"@type":"ListItem","position":2,"name":"65 mil processos podem ser revistos no mutir\u00e3o carcer\u00e1rio em Minas"}]},{"@type":"WebSite","@id":"https:\/\/www.ovigilanteonline.com.br\/site\/#website","url":"https:\/\/www.ovigilanteonline.com.br\/site\/","name":"O VIGILANTE ONLINE - Not\u00edcias de Leopoldina e regi\u00e3o","description":"","potentialAction":[{"@type":"SearchAction","target":{"@type":"EntryPoint","urlTemplate":"https:\/\/www.ovigilanteonline.com.br\/site\/?s={search_term_string}"},"query-input":{"@type":"PropertyValueSpecification","valueRequired":true,"valueName":"search_term_string"}}],"inLanguage":"pt-BR"},{"@type":"Person","@id":"https:\/\/www.ovigilanteonline.com.br\/site\/#\/schema\/person\/538fdfb33c0c411cd14a732e7cf14aa6","name":"Jornalismo"}]}},"cc_featured_image_caption":{"caption_text":"Presidente do STF e do CNJ, Rosa Weber cumpriu agendas em BH nesta quinta-feira - Foto: Bernardo Carneiro\/Sejusp\r\n\r\n","source_text":"","source_url":""},"_links":{"self":[{"href":"https:\/\/www.ovigilanteonline.com.br\/site\/wp-json\/wp\/v2\/posts\/424130","targetHints":{"allow":["GET"]}}],"collection":[{"href":"https:\/\/www.ovigilanteonline.com.br\/site\/wp-json\/wp\/v2\/posts"}],"about":[{"href":"https:\/\/www.ovigilanteonline.com.br\/site\/wp-json\/wp\/v2\/types\/post"}],"author":[{"embeddable":true,"href":"https:\/\/www.ovigilanteonline.com.br\/site\/wp-json\/wp\/v2\/users\/2"}],"replies":[{"embeddable":true,"href":"https:\/\/www.ovigilanteonline.com.br\/site\/wp-json\/wp\/v2\/comments?post=424130"}],"version-history":[{"count":0,"href":"https:\/\/www.ovigilanteonline.com.br\/site\/wp-json\/wp\/v2\/posts\/424130\/revisions"}],"wp:featuredmedia":[{"embeddable":true,"href":"https:\/\/www.ovigilanteonline.com.br\/site\/wp-json\/wp\/v2\/media\/424131"}],"wp:attachment":[{"href":"https:\/\/www.ovigilanteonline.com.br\/site\/wp-json\/wp\/v2\/media?parent=424130"}],"wp:term":[{"taxonomy":"category","embeddable":true,"href":"https:\/\/www.ovigilanteonline.com.br\/site\/wp-json\/wp\/v2\/categories?post=424130"},{"taxonomy":"post_tag","embeddable":true,"href":"https:\/\/www.ovigilanteonline.com.br\/site\/wp-json\/wp\/v2\/tags?post=424130"}],"curies":[{"name":"wp","href":"https:\/\/api.w.org\/{rel}","templated":true}]}}