{"id":424054,"date":"2023-07-25T10:43:11","date_gmt":"2023-07-25T13:43:11","guid":{"rendered":"https:\/\/www.ovigilanteonline.com.br\/site\/?p=424054"},"modified":"2023-07-27T10:18:35","modified_gmt":"2023-07-27T13:18:35","slug":"inscricoes-abertas-para-o-32o-concurso-nacional-de-poesias-augusto-dos-anjos-em-leopoldina","status":"publish","type":"post","link":"https:\/\/www.ovigilanteonline.com.br\/site\/2023\/07\/25\/inscricoes-abertas-para-o-32o-concurso-nacional-de-poesias-augusto-dos-anjos-em-leopoldina\/","title":{"rendered":"Inscri\u00e7\u00f5es abertas para o 32\u00ba Concurso Nacional de Poesias Augusto dos Anjos em Leopoldina"},"content":{"rendered":"\n<h3 class=\"wp-block-heading\"><em>Evento \u00e9 promovido pela prefeitura de Leopoldina atrav\u00e9s de sua Secretaria Municipal de Cultura. Comiss\u00e3o Julgadora ser\u00e1 formada por membros da Academia Leopoldinense de Letras e Artes (ALLA)<\/em>.<\/h3>\n\n\n\n<p>A Prefeitura de Leopoldina, por meio da Secretaria de Cultura, abriu as inscri\u00e7\u00f5es para o XXXII Concurso Nacional de Poesias Augusto dos Anjos \u2013 Edi\u00e7\u00e3o 2023. A iniciativa tem o objetivo de homenagear e valorizar a mem\u00f3ria do poeta Augusto dos Anjos, descobrir e incentivar novos poetas, estimular a produ\u00e7\u00e3o liter\u00e1ria, bem como oportunizar aos poetas a divulga\u00e7\u00e3o de seus trabalhos.<\/p>\n\n\n\n<p>As inscri\u00e7\u00f5es estar\u00e3o abertas at\u00e9 o dia 31 de agosto e dever\u00e3o ser feitas exclusivamente on line, no blog do Museu Espa\u00e7o dos Anjos: www.museuespacodosanjos.blogspot.com.O candidato deve preencher a ficha de inscri\u00e7\u00e3o, no link: <a href=\"https:\/\/forms.gle\/HNzwGqG7CNz3oRCr7\" target=\"_blank\" rel=\"noreferrer noopener\">https:\/\/forms.gle\/HNzwGqG7CNz3oRCr7<\/a><\/p>\n\n\n\n\n\n<p>O concurso vai contemplar as categorias Poesia (exceto soneto) e Soneto. A tem\u00e1tica \u00e9 livre, ficando restrita a inscri\u00e7\u00e3o de, no m\u00e1ximo, duas obras in\u00e9ditas por candidato e por categoria, com a utiliza\u00e7\u00e3o de pseud\u00f4nimos in\u00e9ditos e diferentes para cada uma das obras.<\/p>\n\n\n\n<p>A Comiss\u00e3o Julgadora ser\u00e1 formada por membros da Academia Leopoldinense de Letras e Artes (ALLA), que selecionar\u00e3o at\u00e9 15 trabalhos finalistas. O concurso premiar\u00e1 tr\u00eas poesias, tr\u00eas sonetos e dois int\u00e9rpretes e distribuir\u00e1 R$ 5.300,00 em premia\u00e7\u00f5es a autores e declamadores.<\/p>\n\n\n<div id=\"ovigi-556289803\">\r\n<p class=\"has-text-align-center has-small-font-size\">continua depois da publicidade<\/p>\r\n\r\n\r\n\r\n<hr class=\"wp-block-separator has-alpha-channel-opacity is-style-wide\"\/>\r\n\r\n\r\n<center> \r\n<figure class=\"wp-block-image size-large\"><a href=\"https:\/\/www.instagram.com\/unimedleopoldina241\/\" target=\"_blank\" rel=\"noreferrer noopener\"><img decoding=\"async\" src=\"https:\/\/www.ovigilanteonline.com.br\/site\/wp-content\/uploads\/2026\/03\/UNIMED-FINAL.jpg\" alt=\"\" class=\"wp-image-395070\"\/><\/a><\/figure>\r\n<\/figure>\r\n<!-- \/wp:gallery --> <\/center>\r\n\r\n<!-- wp:separator {\"className\":\"is-style-wide\"} -->\r\n<hr class=\"wp-block-separator has-alpha-channel-opacity is-style-wide\"\/>\r\n<!-- \/wp:separator -->\r\n<\/div>\n\n\n<p>O edital completo pode ser acessado no site da Prefeitura de Leopoldina. Mais informa\u00e7\u00f5es atrav\u00e9s do e-mail sec.cultura.leopoldina@gmail.com<\/p>\n\n\n\n<p><strong>Prefeitura de Leopoldina<\/strong><\/p>\n\n\n\n<hr class=\"wp-block-separator has-alpha-channel-opacity is-style-wide\"\/>\n\n\n<div class=\"ultp-not-found-message\" role=\"alert\">No Post Found<\/div>\n\n\n<hr class=\"wp-block-separator has-alpha-channel-opacity\"\/>\n\n\n<div id=\"ovigi-1739066124\"><a href=\"https:\/\/www.instagram.com\/cartosolarmg\/\" target=\"_blank\" aria-label=\"carto solar\"><img loading=\"lazy\" decoding=\"async\" src=\"https:\/\/www.ovigilanteonline.com.br\/site\/wp-content\/uploads\/2023\/05\/carto-solar-2-jpg.webp\" alt=\"\"  srcset=\"https:\/\/www.ovigilanteonline.com.br\/site\/wp-content\/uploads\/2023\/05\/carto-solar-2-jpg.webp 900w, https:\/\/www.ovigilanteonline.com.br\/site\/wp-content\/uploads\/2023\/05\/carto-solar-2-300x121.webp 300w, https:\/\/www.ovigilanteonline.com.br\/site\/wp-content\/uploads\/2023\/05\/carto-solar-2-768x311.webp 768w, https:\/\/www.ovigilanteonline.com.br\/site\/wp-content\/uploads\/2023\/05\/carto-solar-2-600x243.webp 600w\" sizes=\"auto, (max-width: 900px) 100vw, 900px\" width=\"900\" height=\"364\"   \/><\/a><\/div>\n\n<div  class=\"ultp-post-grid-block wp-block-ultimate-post-post-grid-1 ultp-block-ea2a02\"><div class=\"ultp-block-wrapper\"><div class=\"ultp-loading\"><div class=\"ultp-loading-blocks\" style=\"width:100%;height:100%;\"><div style=\"left: 0;top: 0;animation-delay:0s;\"><\/div><div style=\"left: 21px;top: 0;animation-delay:0.125s;\"><\/div><div style=\"left: 42px;top: 0;animation-delay:0.25s;\"><\/div><div style=\"left: 0;top: 21px;animation-delay:0.875s;\"><\/div><div style=\"left: 42px;top: 21px;animation-delay:0.375s;\"><\/div><div style=\"left: 0;top: 42px;animation-delay:0.75s;\"><\/div><div style=\"left: 42px;top: 42px;animation-delay:0.625s;\"><\/div><div style=\"left: 21px;top: 42px;animation-delay:0.5s;\"><\/div><\/div><\/div><div class=\"ultp-heading-filter\"><div class=\"ultp-heading-filter-in\"><div class=\"ultp-heading-wrap ultp-heading-style1 ultp-heading-left\"><h2 class=\"ultp-heading-inner\"><a href=\"https:\/\/www.ovigilanteonline.com.br\/site\/\" ><span>Mais not\u00edcias &gt;&gt;<\/span><\/a><\/h2><\/div><\/div><\/div><div class=\"ultp-block-items-wrap ultp-block-row ultp-pg1a-style1 ultp-grid1-responsive ultp-block-column-2 1 ultp-xs-column-1 ultp-layout1\"><div class=\"ultp-block-item post-id-452140\"><div class=\"ultp-block-content-wrap\"><div class=\"ultp-block-image ultp-block-image-opacity\"><a href=\"https:\/\/www.ovigilanteonline.com.br\/site\/2026\/04\/23\/solneve-run-fest-tem-inscricoes-esgotadas-e-promete-movimentar-leopoldina-no-dia-26\/\" ><img decoding=\"async\"  class=\"ultp-block-image-content\"  alt=\"Sol &amp; Neve Run Fest tem inscri\u00e7\u00f5es esgotadas e promete movimentar Leopoldina no dia 26\"  src=\"https:\/\/www.ovigilanteonline.com.br\/site\/wp-content\/uploads\/2026\/04\/626565-768x539.jpg\" \/><\/a><\/div><div class=\"ultp-block-content\"><h3 class=\"ultp-block-title \"><a href=\"https:\/\/www.ovigilanteonline.com.br\/site\/2026\/04\/23\/solneve-run-fest-tem-inscricoes-esgotadas-e-promete-movimentar-leopoldina-no-dia-26\/\" >Sol &amp; Neve Run Fest tem inscri\u00e7\u00f5es esgotadas e promete movimentar Leopoldina no dia 26<\/a><\/h3><div class=\"ultp-block-meta ultp-block-meta-dot ultp-block-meta-icon\"><\/div><\/div><\/div><\/div><div class=\"ultp-block-item post-id-452128\"><div class=\"ultp-block-content-wrap\"><div class=\"ultp-block-image ultp-block-image-opacity\"><a href=\"https:\/\/www.ovigilanteonline.com.br\/site\/2026\/04\/22\/usina-mauricio-e-revitalizada-e-se-transforma-em-museu-parque-em-leopoldina\/\" ><img decoding=\"async\"  class=\"ultp-block-image-content\"  alt=\"Usina Maur\u00edcio \u00e9 revitalizada e se transforma em museu-parque em Leopoldina\"  src=\"https:\/\/www.ovigilanteonline.com.br\/site\/wp-content\/uploads\/2026\/04\/museu-energisa-2-1-768x576.jpg\" \/><\/a><\/div><div class=\"ultp-block-content\"><h3 class=\"ultp-block-title \"><a href=\"https:\/\/www.ovigilanteonline.com.br\/site\/2026\/04\/22\/usina-mauricio-e-revitalizada-e-se-transforma-em-museu-parque-em-leopoldina\/\" >Usina Maur\u00edcio \u00e9 revitalizada e se transforma em museu-parque em Leopoldina<\/a><\/h3><div class=\"ultp-block-meta ultp-block-meta-dot ultp-block-meta-icon\"><\/div><\/div><\/div><\/div><\/div><\/div><div class=\"pagination-block-html\" aria-hidden=\"true\" style=\"display: none;\"><\/div><\/div>","protected":false},"excerpt":{"rendered":"<p>Evento \u00e9 promovido pela prefeitura de Leopoldina atrav\u00e9s de sua Secretaria Municipal de Cultura. Comiss\u00e3o Julgadora ser\u00e1 formada por membros da Academia Leopoldinense de Letras e Artes (ALLA).<\/p>\n","protected":false},"author":2,"featured_media":394669,"comment_status":"open","ping_status":"open","sticky":false,"template":"","format":"standard","meta":{"footnotes":""},"categories":[13,17,11,26],"tags":[],"class_list":["post-424054","post","type-post","status-publish","format-standard","has-post-thumbnail","hentry","category-cidade","category-geral","category-leopoldina","category-ultimas-noticias"],"yoast_head":"<!-- This site is optimized with the Yoast SEO plugin v27.4 - https:\/\/yoast.com\/product\/yoast-seo-wordpress\/ -->\n<title>Inscri\u00e7\u00f5es abertas para o 32\u00ba Concurso Nacional de Poesias Augusto dos Anjos em Leopoldina<\/title>\n<meta name=\"description\" content=\"Evento \u00e9 promovido pela prefeitura de Leopoldina atrav\u00e9s de sua Secretaria Municipal de Cultura. Comiss\u00e3o Julgadora ser\u00e1 formada por...\" \/>\n<meta name=\"robots\" content=\"index, follow, max-snippet:-1, max-image-preview:large, max-video-preview:-1\" \/>\n<link rel=\"canonical\" href=\"https:\/\/www.ovigilanteonline.com.br\/site\/2023\/07\/25\/inscricoes-abertas-para-o-32o-concurso-nacional-de-poesias-augusto-dos-anjos-em-leopoldina\/\" \/>\n<meta property=\"og:locale\" content=\"pt_BR\" \/>\n<meta property=\"og:type\" content=\"article\" \/>\n<meta property=\"og:title\" content=\"Inscri\u00e7\u00f5es abertas para o 32\u00ba Concurso Nacional de Poesias Augusto dos Anjos em Leopoldina\" \/>\n<meta property=\"og:description\" content=\"Evento \u00e9 promovido pela prefeitura de Leopoldina atrav\u00e9s de sua Secretaria Municipal de Cultura. Comiss\u00e3o Julgadora ser\u00e1 formada por...\" \/>\n<meta property=\"og:url\" content=\"https:\/\/www.ovigilanteonline.com.br\/site\/2023\/07\/25\/inscricoes-abertas-para-o-32o-concurso-nacional-de-poesias-augusto-dos-anjos-em-leopoldina\/\" \/>\n<meta property=\"og:site_name\" content=\"O VIGILANTE ONLINE\" \/>\n<meta property=\"article:publisher\" content=\"https:\/\/www.facebook.com\/ovigilanteonline\" \/>\n<meta property=\"article:published_time\" content=\"2023-07-25T13:43:11+00:00\" \/>\n<meta property=\"article:modified_time\" content=\"2023-07-27T13:18:35+00:00\" \/>\n<meta property=\"og:image\" content=\"https:\/\/www.ovigilanteonline.com.br\/site\/wp-content\/uploads\/2021\/11\/augusto-dos-anjos-jpg.webp\" \/>\n\t<meta property=\"og:image:width\" content=\"900\" \/>\n\t<meta property=\"og:image:height\" content=\"578\" \/>\n\t<meta property=\"og:image:type\" content=\"image\/jpeg\" \/>\n<meta name=\"author\" content=\"Jornalismo\" \/>\n<meta name=\"twitter:card\" content=\"summary_large_image\" \/>\n<meta name=\"twitter:label1\" content=\"Escrito por\" \/>\n\t<meta name=\"twitter:data1\" content=\"Jornalismo\" \/>\n\t<meta name=\"twitter:label2\" content=\"Est. tempo de leitura\" \/>\n\t<meta name=\"twitter:data2\" content=\"2 minutos\" \/>\n<script type=\"application\/ld+json\" class=\"yoast-schema-graph\">{\"@context\":\"https:\\\/\\\/schema.org\",\"@graph\":[{\"@type\":\"Article\",\"@id\":\"https:\\\/\\\/www.ovigilanteonline.com.br\\\/site\\\/2023\\\/07\\\/25\\\/inscricoes-abertas-para-o-32o-concurso-nacional-de-poesias-augusto-dos-anjos-em-leopoldina\\\/#article\",\"isPartOf\":{\"@id\":\"https:\\\/\\\/www.ovigilanteonline.com.br\\\/site\\\/2023\\\/07\\\/25\\\/inscricoes-abertas-para-o-32o-concurso-nacional-de-poesias-augusto-dos-anjos-em-leopoldina\\\/\"},\"author\":{\"name\":\"Jornalismo\",\"@id\":\"https:\\\/\\\/www.ovigilanteonline.com.br\\\/site\\\/#\\\/schema\\\/person\\\/538fdfb33c0c411cd14a732e7cf14aa6\"},\"headline\":\"Inscri\u00e7\u00f5es abertas para o 32\u00ba Concurso Nacional de Poesias Augusto dos Anjos em Leopoldina\",\"datePublished\":\"2023-07-25T13:43:11+00:00\",\"dateModified\":\"2023-07-27T13:18:35+00:00\",\"mainEntityOfPage\":{\"@id\":\"https:\\\/\\\/www.ovigilanteonline.com.br\\\/site\\\/2023\\\/07\\\/25\\\/inscricoes-abertas-para-o-32o-concurso-nacional-de-poesias-augusto-dos-anjos-em-leopoldina\\\/\"},\"wordCount\":277,\"commentCount\":0,\"image\":{\"@id\":\"https:\\\/\\\/www.ovigilanteonline.com.br\\\/site\\\/2023\\\/07\\\/25\\\/inscricoes-abertas-para-o-32o-concurso-nacional-de-poesias-augusto-dos-anjos-em-leopoldina\\\/#primaryimage\"},\"thumbnailUrl\":\"https:\\\/\\\/www.ovigilanteonline.com.br\\\/site\\\/wp-content\\\/uploads\\\/2021\\\/11\\\/augusto-dos-anjos-jpg.webp\",\"articleSection\":[\"Cidade\",\"Geral\",\"Leopoldina\",\"\u00daltimas Not\u00edcias\"],\"inLanguage\":\"pt-BR\",\"potentialAction\":[{\"@type\":\"CommentAction\",\"name\":\"Comment\",\"target\":[\"https:\\\/\\\/www.ovigilanteonline.com.br\\\/site\\\/2023\\\/07\\\/25\\\/inscricoes-abertas-para-o-32o-concurso-nacional-de-poesias-augusto-dos-anjos-em-leopoldina\\\/#respond\"]}]},{\"@type\":\"WebPage\",\"@id\":\"https:\\\/\\\/www.ovigilanteonline.com.br\\\/site\\\/2023\\\/07\\\/25\\\/inscricoes-abertas-para-o-32o-concurso-nacional-de-poesias-augusto-dos-anjos-em-leopoldina\\\/\",\"url\":\"https:\\\/\\\/www.ovigilanteonline.com.br\\\/site\\\/2023\\\/07\\\/25\\\/inscricoes-abertas-para-o-32o-concurso-nacional-de-poesias-augusto-dos-anjos-em-leopoldina\\\/\",\"name\":\"Inscri\u00e7\u00f5es abertas para o 32\u00ba Concurso Nacional de Poesias Augusto dos Anjos em Leopoldina\",\"isPartOf\":{\"@id\":\"https:\\\/\\\/www.ovigilanteonline.com.br\\\/site\\\/#website\"},\"primaryImageOfPage\":{\"@id\":\"https:\\\/\\\/www.ovigilanteonline.com.br\\\/site\\\/2023\\\/07\\\/25\\\/inscricoes-abertas-para-o-32o-concurso-nacional-de-poesias-augusto-dos-anjos-em-leopoldina\\\/#primaryimage\"},\"image\":{\"@id\":\"https:\\\/\\\/www.ovigilanteonline.com.br\\\/site\\\/2023\\\/07\\\/25\\\/inscricoes-abertas-para-o-32o-concurso-nacional-de-poesias-augusto-dos-anjos-em-leopoldina\\\/#primaryimage\"},\"thumbnailUrl\":\"https:\\\/\\\/www.ovigilanteonline.com.br\\\/site\\\/wp-content\\\/uploads\\\/2021\\\/11\\\/augusto-dos-anjos-jpg.webp\",\"datePublished\":\"2023-07-25T13:43:11+00:00\",\"dateModified\":\"2023-07-27T13:18:35+00:00\",\"author\":{\"@id\":\"https:\\\/\\\/www.ovigilanteonline.com.br\\\/site\\\/#\\\/schema\\\/person\\\/538fdfb33c0c411cd14a732e7cf14aa6\"},\"description\":\"Evento \u00e9 promovido pela prefeitura de Leopoldina atrav\u00e9s de sua Secretaria Municipal de Cultura. Comiss\u00e3o Julgadora ser\u00e1 formada por...\",\"breadcrumb\":{\"@id\":\"https:\\\/\\\/www.ovigilanteonline.com.br\\\/site\\\/2023\\\/07\\\/25\\\/inscricoes-abertas-para-o-32o-concurso-nacional-de-poesias-augusto-dos-anjos-em-leopoldina\\\/#breadcrumb\"},\"inLanguage\":\"pt-BR\",\"potentialAction\":[{\"@type\":\"ReadAction\",\"target\":[\"https:\\\/\\\/www.ovigilanteonline.com.br\\\/site\\\/2023\\\/07\\\/25\\\/inscricoes-abertas-para-o-32o-concurso-nacional-de-poesias-augusto-dos-anjos-em-leopoldina\\\/\"]}]},{\"@type\":\"ImageObject\",\"inLanguage\":\"pt-BR\",\"@id\":\"https:\\\/\\\/www.ovigilanteonline.com.br\\\/site\\\/2023\\\/07\\\/25\\\/inscricoes-abertas-para-o-32o-concurso-nacional-de-poesias-augusto-dos-anjos-em-leopoldina\\\/#primaryimage\",\"url\":\"https:\\\/\\\/www.ovigilanteonline.com.br\\\/site\\\/wp-content\\\/uploads\\\/2021\\\/11\\\/augusto-dos-anjos-jpg.webp\",\"contentUrl\":\"https:\\\/\\\/www.ovigilanteonline.com.br\\\/site\\\/wp-content\\\/uploads\\\/2021\\\/11\\\/augusto-dos-anjos-jpg.webp\",\"width\":900,\"height\":578},{\"@type\":\"BreadcrumbList\",\"@id\":\"https:\\\/\\\/www.ovigilanteonline.com.br\\\/site\\\/2023\\\/07\\\/25\\\/inscricoes-abertas-para-o-32o-concurso-nacional-de-poesias-augusto-dos-anjos-em-leopoldina\\\/#breadcrumb\",\"itemListElement\":[{\"@type\":\"ListItem\",\"position\":1,\"name\":\"In\u00edcio\",\"item\":\"https:\\\/\\\/www.ovigilanteonline.com.br\\\/site\\\/\"},{\"@type\":\"ListItem\",\"position\":2,\"name\":\"Inscri\u00e7\u00f5es abertas para o 32\u00ba Concurso Nacional de Poesias Augusto dos Anjos em Leopoldina\"}]},{\"@type\":\"WebSite\",\"@id\":\"https:\\\/\\\/www.ovigilanteonline.com.br\\\/site\\\/#website\",\"url\":\"https:\\\/\\\/www.ovigilanteonline.com.br\\\/site\\\/\",\"name\":\"O VIGILANTE ONLINE - Not\u00edcias de Leopoldina e regi\u00e3o\",\"description\":\"\",\"potentialAction\":[{\"@type\":\"SearchAction\",\"target\":{\"@type\":\"EntryPoint\",\"urlTemplate\":\"https:\\\/\\\/www.ovigilanteonline.com.br\\\/site\\\/?s={search_term_string}\"},\"query-input\":{\"@type\":\"PropertyValueSpecification\",\"valueRequired\":true,\"valueName\":\"search_term_string\"}}],\"inLanguage\":\"pt-BR\"},{\"@type\":\"Person\",\"@id\":\"https:\\\/\\\/www.ovigilanteonline.com.br\\\/site\\\/#\\\/schema\\\/person\\\/538fdfb33c0c411cd14a732e7cf14aa6\",\"name\":\"Jornalismo\"}]}<\/script>\n<!-- \/ Yoast SEO plugin. -->","yoast_head_json":{"title":"Inscri\u00e7\u00f5es abertas para o 32\u00ba Concurso Nacional de Poesias Augusto dos Anjos em Leopoldina","description":"Evento \u00e9 promovido pela prefeitura de Leopoldina atrav\u00e9s de sua Secretaria Municipal de Cultura. Comiss\u00e3o Julgadora ser\u00e1 formada por...","robots":{"index":"index","follow":"follow","max-snippet":"max-snippet:-1","max-image-preview":"max-image-preview:large","max-video-preview":"max-video-preview:-1"},"canonical":"https:\/\/www.ovigilanteonline.com.br\/site\/2023\/07\/25\/inscricoes-abertas-para-o-32o-concurso-nacional-de-poesias-augusto-dos-anjos-em-leopoldina\/","og_locale":"pt_BR","og_type":"article","og_title":"Inscri\u00e7\u00f5es abertas para o 32\u00ba Concurso Nacional de Poesias Augusto dos Anjos em Leopoldina","og_description":"Evento \u00e9 promovido pela prefeitura de Leopoldina atrav\u00e9s de sua Secretaria Municipal de Cultura. Comiss\u00e3o Julgadora ser\u00e1 formada por...","og_url":"https:\/\/www.ovigilanteonline.com.br\/site\/2023\/07\/25\/inscricoes-abertas-para-o-32o-concurso-nacional-de-poesias-augusto-dos-anjos-em-leopoldina\/","og_site_name":"O VIGILANTE ONLINE","article_publisher":"https:\/\/www.facebook.com\/ovigilanteonline","article_published_time":"2023-07-25T13:43:11+00:00","article_modified_time":"2023-07-27T13:18:35+00:00","og_image":[{"width":900,"height":578,"url":"https:\/\/www.ovigilanteonline.com.br\/site\/wp-content\/uploads\/2021\/11\/augusto-dos-anjos-jpg.webp","type":"image\/jpeg"}],"author":"Jornalismo","twitter_card":"summary_large_image","twitter_misc":{"Escrito por":"Jornalismo","Est. tempo de leitura":"2 minutos"},"schema":{"@context":"https:\/\/schema.org","@graph":[{"@type":"Article","@id":"https:\/\/www.ovigilanteonline.com.br\/site\/2023\/07\/25\/inscricoes-abertas-para-o-32o-concurso-nacional-de-poesias-augusto-dos-anjos-em-leopoldina\/#article","isPartOf":{"@id":"https:\/\/www.ovigilanteonline.com.br\/site\/2023\/07\/25\/inscricoes-abertas-para-o-32o-concurso-nacional-de-poesias-augusto-dos-anjos-em-leopoldina\/"},"author":{"name":"Jornalismo","@id":"https:\/\/www.ovigilanteonline.com.br\/site\/#\/schema\/person\/538fdfb33c0c411cd14a732e7cf14aa6"},"headline":"Inscri\u00e7\u00f5es abertas para o 32\u00ba Concurso Nacional de Poesias Augusto dos Anjos em Leopoldina","datePublished":"2023-07-25T13:43:11+00:00","dateModified":"2023-07-27T13:18:35+00:00","mainEntityOfPage":{"@id":"https:\/\/www.ovigilanteonline.com.br\/site\/2023\/07\/25\/inscricoes-abertas-para-o-32o-concurso-nacional-de-poesias-augusto-dos-anjos-em-leopoldina\/"},"wordCount":277,"commentCount":0,"image":{"@id":"https:\/\/www.ovigilanteonline.com.br\/site\/2023\/07\/25\/inscricoes-abertas-para-o-32o-concurso-nacional-de-poesias-augusto-dos-anjos-em-leopoldina\/#primaryimage"},"thumbnailUrl":"https:\/\/www.ovigilanteonline.com.br\/site\/wp-content\/uploads\/2021\/11\/augusto-dos-anjos-jpg.webp","articleSection":["Cidade","Geral","Leopoldina","\u00daltimas Not\u00edcias"],"inLanguage":"pt-BR","potentialAction":[{"@type":"CommentAction","name":"Comment","target":["https:\/\/www.ovigilanteonline.com.br\/site\/2023\/07\/25\/inscricoes-abertas-para-o-32o-concurso-nacional-de-poesias-augusto-dos-anjos-em-leopoldina\/#respond"]}]},{"@type":"WebPage","@id":"https:\/\/www.ovigilanteonline.com.br\/site\/2023\/07\/25\/inscricoes-abertas-para-o-32o-concurso-nacional-de-poesias-augusto-dos-anjos-em-leopoldina\/","url":"https:\/\/www.ovigilanteonline.com.br\/site\/2023\/07\/25\/inscricoes-abertas-para-o-32o-concurso-nacional-de-poesias-augusto-dos-anjos-em-leopoldina\/","name":"Inscri\u00e7\u00f5es abertas para o 32\u00ba Concurso Nacional de Poesias Augusto dos Anjos em Leopoldina","isPartOf":{"@id":"https:\/\/www.ovigilanteonline.com.br\/site\/#website"},"primaryImageOfPage":{"@id":"https:\/\/www.ovigilanteonline.com.br\/site\/2023\/07\/25\/inscricoes-abertas-para-o-32o-concurso-nacional-de-poesias-augusto-dos-anjos-em-leopoldina\/#primaryimage"},"image":{"@id":"https:\/\/www.ovigilanteonline.com.br\/site\/2023\/07\/25\/inscricoes-abertas-para-o-32o-concurso-nacional-de-poesias-augusto-dos-anjos-em-leopoldina\/#primaryimage"},"thumbnailUrl":"https:\/\/www.ovigilanteonline.com.br\/site\/wp-content\/uploads\/2021\/11\/augusto-dos-anjos-jpg.webp","datePublished":"2023-07-25T13:43:11+00:00","dateModified":"2023-07-27T13:18:35+00:00","author":{"@id":"https:\/\/www.ovigilanteonline.com.br\/site\/#\/schema\/person\/538fdfb33c0c411cd14a732e7cf14aa6"},"description":"Evento \u00e9 promovido pela prefeitura de Leopoldina atrav\u00e9s de sua Secretaria Municipal de Cultura. Comiss\u00e3o Julgadora ser\u00e1 formada por...","breadcrumb":{"@id":"https:\/\/www.ovigilanteonline.com.br\/site\/2023\/07\/25\/inscricoes-abertas-para-o-32o-concurso-nacional-de-poesias-augusto-dos-anjos-em-leopoldina\/#breadcrumb"},"inLanguage":"pt-BR","potentialAction":[{"@type":"ReadAction","target":["https:\/\/www.ovigilanteonline.com.br\/site\/2023\/07\/25\/inscricoes-abertas-para-o-32o-concurso-nacional-de-poesias-augusto-dos-anjos-em-leopoldina\/"]}]},{"@type":"ImageObject","inLanguage":"pt-BR","@id":"https:\/\/www.ovigilanteonline.com.br\/site\/2023\/07\/25\/inscricoes-abertas-para-o-32o-concurso-nacional-de-poesias-augusto-dos-anjos-em-leopoldina\/#primaryimage","url":"https:\/\/www.ovigilanteonline.com.br\/site\/wp-content\/uploads\/2021\/11\/augusto-dos-anjos-jpg.webp","contentUrl":"https:\/\/www.ovigilanteonline.com.br\/site\/wp-content\/uploads\/2021\/11\/augusto-dos-anjos-jpg.webp","width":900,"height":578},{"@type":"BreadcrumbList","@id":"https:\/\/www.ovigilanteonline.com.br\/site\/2023\/07\/25\/inscricoes-abertas-para-o-32o-concurso-nacional-de-poesias-augusto-dos-anjos-em-leopoldina\/#breadcrumb","itemListElement":[{"@type":"ListItem","position":1,"name":"In\u00edcio","item":"https:\/\/www.ovigilanteonline.com.br\/site\/"},{"@type":"ListItem","position":2,"name":"Inscri\u00e7\u00f5es abertas para o 32\u00ba Concurso Nacional de Poesias Augusto dos Anjos em Leopoldina"}]},{"@type":"WebSite","@id":"https:\/\/www.ovigilanteonline.com.br\/site\/#website","url":"https:\/\/www.ovigilanteonline.com.br\/site\/","name":"O VIGILANTE ONLINE - Not\u00edcias de Leopoldina e regi\u00e3o","description":"","potentialAction":[{"@type":"SearchAction","target":{"@type":"EntryPoint","urlTemplate":"https:\/\/www.ovigilanteonline.com.br\/site\/?s={search_term_string}"},"query-input":{"@type":"PropertyValueSpecification","valueRequired":true,"valueName":"search_term_string"}}],"inLanguage":"pt-BR"},{"@type":"Person","@id":"https:\/\/www.ovigilanteonline.com.br\/site\/#\/schema\/person\/538fdfb33c0c411cd14a732e7cf14aa6","name":"Jornalismo"}]}},"cc_featured_image_caption":{"caption_text":"O Vigilante Online\/Arquivo","source_text":"","source_url":""},"_links":{"self":[{"href":"https:\/\/www.ovigilanteonline.com.br\/site\/wp-json\/wp\/v2\/posts\/424054","targetHints":{"allow":["GET"]}}],"collection":[{"href":"https:\/\/www.ovigilanteonline.com.br\/site\/wp-json\/wp\/v2\/posts"}],"about":[{"href":"https:\/\/www.ovigilanteonline.com.br\/site\/wp-json\/wp\/v2\/types\/post"}],"author":[{"embeddable":true,"href":"https:\/\/www.ovigilanteonline.com.br\/site\/wp-json\/wp\/v2\/users\/2"}],"replies":[{"embeddable":true,"href":"https:\/\/www.ovigilanteonline.com.br\/site\/wp-json\/wp\/v2\/comments?post=424054"}],"version-history":[{"count":0,"href":"https:\/\/www.ovigilanteonline.com.br\/site\/wp-json\/wp\/v2\/posts\/424054\/revisions"}],"wp:featuredmedia":[{"embeddable":true,"href":"https:\/\/www.ovigilanteonline.com.br\/site\/wp-json\/wp\/v2\/media\/394669"}],"wp:attachment":[{"href":"https:\/\/www.ovigilanteonline.com.br\/site\/wp-json\/wp\/v2\/media?parent=424054"}],"wp:term":[{"taxonomy":"category","embeddable":true,"href":"https:\/\/www.ovigilanteonline.com.br\/site\/wp-json\/wp\/v2\/categories?post=424054"},{"taxonomy":"post_tag","embeddable":true,"href":"https:\/\/www.ovigilanteonline.com.br\/site\/wp-json\/wp\/v2\/tags?post=424054"}],"curies":[{"name":"wp","href":"https:\/\/api.w.org\/{rel}","templated":true}]}}