{"id":422730,"date":"2023-06-16T08:05:42","date_gmt":"2023-06-16T11:05:42","guid":{"rendered":"https:\/\/www.ovigilanteonline.com.br\/site\/?p=422730"},"modified":"2023-06-16T17:28:14","modified_gmt":"2023-06-16T20:28:14","slug":"preco-da-gasolina-fica-466-mais-barato-para-distribuidoras","status":"publish","type":"post","link":"https:\/\/www.ovigilanteonline.com.br\/site\/2023\/06\/16\/preco-da-gasolina-fica-466-mais-barato-para-distribuidoras\/","title":{"rendered":"Pre\u00e7o da gasolina fica 4,66% mais barato para distribuidoras"},"content":{"rendered":"\n<p>A Petrobras anunciou nesta quinta-feira (15) a redu\u00e7\u00e3o de R$ 0,13 no litro da gasolina vendida a distribuidoras de combust\u00edveis. Com a queda do pre\u00e7o, de 4,66%, o litro que estava de R$ 2,78 passar\u00e1 a custar R$ 2,66 a partir desta sexta-feira (16).<\/p>\n\n\n\n<p>Como a gasolina vendida nas bombas tem adi\u00e7\u00e3o de 27% de etanol anidro, a parcela do pre\u00e7o da Petrobras no pre\u00e7o do combust\u00edvel vendido nos postos de gasolina ser\u00e1 de R$ 1,94 por litro.<\/p>\n\n\n\n\n\n<p>Segundo a Petrobras, caso os demais agentes da cadeia do combust\u00edvel (distribuidoras e postos) mantenham os valores de suas parcelas, o pre\u00e7o m\u00e9dio ao consumidor final poder\u00e1 atingir R$ 5,33 por litro, com base na \u00faltima pesquisa feita pela Ag\u00eancia Nacional do Petr\u00f3leo, G\u00e1s Natural e Biocombust\u00edveis (ANP).<\/p>\n\n\n\n<p>\u201cDestaca-se que o valor efetivamente cobrado ao consumidor final no posto \u00e9 afetado tamb\u00e9m por outros fatores como impostos, mistura de biocombust\u00edveis e margens de lucro da distribui\u00e7\u00e3o e da revenda\u201d, diz a empresa em nota.<\/p>\n\n\n<div id=\"ovigi-726990003\">\r\n<p class=\"has-text-align-center has-small-font-size\">continua depois da publicidade<\/p>\r\n\r\n\r\n\r\n<hr class=\"wp-block-separator has-alpha-channel-opacity is-style-wide\"\/>\r\n\r\n\r\n<center> \r\n<figure class=\"wp-block-image size-large\"><a href=\"https:\/\/www.instagram.com\/unimedleopoldina241\/\" target=\"_blank\" rel=\"noreferrer noopener\"><img decoding=\"async\" src=\"https:\/\/www.ovigilanteonline.com.br\/site\/wp-content\/uploads\/2026\/03\/UNIMED-FINAL.jpg\" alt=\"\" class=\"wp-image-395070\"\/><\/a><\/figure>\r\n<\/figure>\r\n<!-- \/wp:gallery --> <\/center>\r\n\r\n<!-- wp:separator {\"className\":\"is-style-wide\"} -->\r\n<hr class=\"wp-block-separator has-alpha-channel-opacity is-style-wide\"\/>\r\n<!-- \/wp:separator -->\r\n<\/div>\n\n\n<p>De acordo com o comunicado, \u201ca redu\u00e7\u00e3o do pre\u00e7o da Petrobras tem como objetivos principais a manuten\u00e7\u00e3o da competitividade dos pre\u00e7os da companhia frente \u00e0s principais alternativas de suprimento dos seus clientes e a participa\u00e7\u00e3o de mercado necess\u00e1ria para a otimiza\u00e7\u00e3o dos ativos de refino em equil\u00edbrio com os mercados nacional e internacional\u201d.<\/p>\n\n\n\n<p>Jornal O Vigilante Online com Jornal Hoje em Dia e Ag\u00eancia Brasil<\/p>\n\n\n<div  class=\"ultp-post-grid-block wp-block-ultimate-post-post-grid-2 ultp-block-4c5907\"><div class=\"ultp-block-wrapper\"><div class=\"ultp-loading\"><div class=\"ultp-loading-blocks\" style=\"width:100%;height:100%;\"><div style=\"left: 0;top: 0;animation-delay:0s;\"><\/div><div style=\"left: 21px;top: 0;animation-delay:0.125s;\"><\/div><div style=\"left: 42px;top: 0;animation-delay:0.25s;\"><\/div><div style=\"left: 0;top: 21px;animation-delay:0.875s;\"><\/div><div style=\"left: 42px;top: 21px;animation-delay:0.375s;\"><\/div><div style=\"left: 0;top: 42px;animation-delay:0.75s;\"><\/div><div style=\"left: 42px;top: 42px;animation-delay:0.625s;\"><\/div><div style=\"left: 21px;top: 42px;animation-delay:0.5s;\"><\/div><\/div><\/div><div class=\"ultp-heading-filter\"><div class=\"ultp-heading-filter-in\"><div class=\"ultp-heading-wrap ultp-heading-style1 ultp-heading-left\"><h2 class=\"ultp-heading-inner\"><span>Leia tamb\u00e9m<\/span><\/h2><\/div><\/div><\/div><div class=\"ultp-block-items-wrap ultp-block-row\"><div class=\"ultp-block-item post-id-452175\"><div class=\"ultp-block-content-wrap ultp-block-content-overlay\"><div class=\"ultp-block-image ultp-block-image-none ultp-block-image-overlay ultp-block-image-simgleGradient\"><a href=\"https:\/\/www.ovigilanteonline.com.br\/site\/2026\/04\/24\/trabalhador-fica-soterrado-em-obra-as-margens-da-br-116-em-muriae\/\" ><img decoding=\"async\"  alt=\"Trabalhador fica soterrado em obra \u00e0s margens da BR-116 em Muria\u00e9\"  src=\"https:\/\/www.ovigilanteonline.com.br\/site\/wp-content\/uploads\/2026\/04\/d656fd65.jpg\" \/><\/a><\/div><div class=\"ultp-block-content ultp-block-content-bottomPosition\"><div class=\"ultp-block-content-inner\"><h3 class=\"ultp-block-title \"><a href=\"https:\/\/www.ovigilanteonline.com.br\/site\/2026\/04\/24\/trabalhador-fica-soterrado-em-obra-as-margens-da-br-116-em-muriae\/\" >Trabalhador fica soterrado em obra \u00e0s margens da BR-116 em Muria\u00e9<\/a><\/h3><\/div><\/div><\/div><\/div><div class=\"ultp-block-item post-id-452156\"><div class=\"ultp-block-content-wrap ultp-block-content-overlay\"><div class=\"ultp-block-image ultp-block-image-none ultp-block-image-overlay ultp-block-image-simgleGradient\"><a href=\"https:\/\/www.ovigilanteonline.com.br\/site\/2026\/04\/23\/alerta-de-seguranca-mais-de-320-mil-raios-neste-ano-reforcam-cuidados-durante-tempestades\/\" ><img decoding=\"async\"  alt=\"Alerta de seguran\u00e7a: mais de 320 mil raios neste ano refor\u00e7am cuidados durante tempestades\"  src=\"https:\/\/www.ovigilanteonline.com.br\/site\/wp-content\/uploads\/2021\/12\/CATEDRAL-RAIOS-O-VIGILANTE-ONLINE.jpg\" \/><\/a><\/div><div class=\"ultp-block-content ultp-block-content-bottomPosition\"><div class=\"ultp-block-content-inner\"><h3 class=\"ultp-block-title \"><a href=\"https:\/\/www.ovigilanteonline.com.br\/site\/2026\/04\/23\/alerta-de-seguranca-mais-de-320-mil-raios-neste-ano-reforcam-cuidados-durante-tempestades\/\" >Alerta de seguran\u00e7a: mais de 320 mil raios neste ano refor\u00e7am cuidados durante tempestades<\/a><\/h3><\/div><\/div><\/div><\/div><div class=\"ultp-block-item post-id-452149\"><div class=\"ultp-block-content-wrap ultp-block-content-overlay\"><div class=\"ultp-block-image ultp-block-image-none ultp-block-image-overlay ultp-block-image-simgleGradient\"><a href=\"https:\/\/www.ovigilanteonline.com.br\/site\/2026\/04\/23\/detento-que-esquartejou-comparsa-de-crime-em-muriae-e-indiciado-por-homicidio-triplamente-qualificado\/\" ><img decoding=\"async\"  alt=\"Detento que esquartejou comparsa de crime em Muria\u00e9 \u00e9 indiciado por homic\u00eddio triplamente qualificado\"  src=\"https:\/\/www.ovigilanteonline.com.br\/site\/wp-content\/uploads\/2026\/04\/penitenciaria-muriae-800x570.jpg\" \/><\/a><\/div><div class=\"ultp-block-content ultp-block-content-bottomPosition\"><div class=\"ultp-block-content-inner\"><h3 class=\"ultp-block-title \"><a href=\"https:\/\/www.ovigilanteonline.com.br\/site\/2026\/04\/23\/detento-que-esquartejou-comparsa-de-crime-em-muriae-e-indiciado-por-homicidio-triplamente-qualificado\/\" >Detento que esquartejou comparsa de crime em Muria\u00e9 \u00e9 indiciado por homic\u00eddio triplamente qualificado<\/a><\/h3><\/div><\/div><\/div><\/div><\/div><\/div><div class=\"pagination-block-html\" aria-hidden=\"true\" style=\"display: none;\"><\/div><\/div>\n\n\n<hr class=\"wp-block-separator has-alpha-channel-opacity\"\/>\n\n\n<div class=\"ultp-not-found-message\" role=\"alert\">No Post Found<\/div>\n\n\n<hr class=\"wp-block-separator has-alpha-channel-opacity\"\/>\n\n\n<div id=\"ovigi-1466503094\"><a href=\"https:\/\/www.instagram.com\/cartosolarmg\/\" target=\"_blank\" aria-label=\"carto solar\"><img loading=\"lazy\" decoding=\"async\" src=\"https:\/\/www.ovigilanteonline.com.br\/site\/wp-content\/uploads\/2023\/05\/carto-solar-2-jpg.webp\" alt=\"\"  srcset=\"https:\/\/www.ovigilanteonline.com.br\/site\/wp-content\/uploads\/2023\/05\/carto-solar-2-jpg.webp 900w, https:\/\/www.ovigilanteonline.com.br\/site\/wp-content\/uploads\/2023\/05\/carto-solar-2-300x121.webp 300w, https:\/\/www.ovigilanteonline.com.br\/site\/wp-content\/uploads\/2023\/05\/carto-solar-2-768x311.webp 768w, https:\/\/www.ovigilanteonline.com.br\/site\/wp-content\/uploads\/2023\/05\/carto-solar-2-600x243.webp 600w\" sizes=\"auto, (max-width: 900px) 100vw, 900px\" width=\"900\" height=\"364\"   \/><\/a><\/div>\n\n<div  class=\"ultp-post-grid-block wp-block-ultimate-post-post-grid-1 ultp-block-26b16b\"><div class=\"ultp-block-wrapper\"><div class=\"ultp-loading\"><div class=\"ultp-loading-blocks\" style=\"width:100%;height:100%;\"><div style=\"left: 0;top: 0;animation-delay:0s;\"><\/div><div style=\"left: 21px;top: 0;animation-delay:0.125s;\"><\/div><div style=\"left: 42px;top: 0;animation-delay:0.25s;\"><\/div><div style=\"left: 0;top: 21px;animation-delay:0.875s;\"><\/div><div style=\"left: 42px;top: 21px;animation-delay:0.375s;\"><\/div><div style=\"left: 0;top: 42px;animation-delay:0.75s;\"><\/div><div style=\"left: 42px;top: 42px;animation-delay:0.625s;\"><\/div><div style=\"left: 21px;top: 42px;animation-delay:0.5s;\"><\/div><\/div><\/div><div class=\"ultp-heading-filter\"><div class=\"ultp-heading-filter-in\"><div class=\"ultp-heading-wrap ultp-heading-style1 ultp-heading-left\"><h2 class=\"ultp-heading-inner\"><a href=\"https:\/\/www.ovigilanteonline.com.br\/site\/\" ><span>Mais not\u00edcias &gt;&gt;<\/span><\/a><\/h2><\/div><\/div><\/div><div class=\"ultp-block-items-wrap ultp-block-row ultp-pg1a-style1 ultp-grid1-responsive ultp-block-column-2 1 ultp-xs-column-1 ultp-layout1\"><div class=\"ultp-block-item post-id-452186\"><div class=\"ultp-block-content-wrap\"><div class=\"ultp-block-image ultp-block-image-opacity\"><a href=\"https:\/\/www.ovigilanteonline.com.br\/site\/2026\/04\/25\/consagracao-a-sao-miguel-arcanjo-reune-cerca-de-15-mil-fieis-em-leopoldina\/\" ><img decoding=\"async\"  class=\"ultp-block-image-content\"  alt=\"Consagra\u00e7\u00e3o a S\u00e3o Miguel Arcanjo re\u00fane cerca de 15 mil fi\u00e9is em Leopoldina\"  src=\"https:\/\/www.ovigilanteonline.com.br\/site\/wp-content\/uploads\/2026\/04\/IMG_2291-768x637.jpg\" \/><\/a><\/div><div class=\"ultp-block-content\"><h3 class=\"ultp-block-title \"><a href=\"https:\/\/www.ovigilanteonline.com.br\/site\/2026\/04\/25\/consagracao-a-sao-miguel-arcanjo-reune-cerca-de-15-mil-fieis-em-leopoldina\/\" >Consagra\u00e7\u00e3o a S\u00e3o Miguel Arcanjo re\u00fane cerca de 15 mil fi\u00e9is em Leopoldina<\/a><\/h3><div class=\"ultp-block-meta ultp-block-meta-dot ultp-block-meta-icon\"><\/div><\/div><\/div><\/div><div class=\"ultp-block-item post-id-452181\"><div class=\"ultp-block-content-wrap\"><div class=\"ultp-block-image ultp-block-image-opacity\"><a href=\"https:\/\/www.ovigilanteonline.com.br\/site\/2026\/04\/25\/super-copa-leopoldina-de-futebol-amador-comeca-neste-fim-de-semana-com-seis-equipes\/\" ><img decoding=\"async\"  class=\"ultp-block-image-content\"  alt=\"Super Copa Leopoldina de Futebol Amador come\u00e7a neste fim de semana com seis equipes\"  src=\"https:\/\/www.ovigilanteonline.com.br\/site\/wp-content\/uploads\/2026\/04\/03121413_Estdio_Oct-768x516.jpg\" \/><\/a><\/div><div class=\"ultp-block-content\"><h3 class=\"ultp-block-title \"><a href=\"https:\/\/www.ovigilanteonline.com.br\/site\/2026\/04\/25\/super-copa-leopoldina-de-futebol-amador-comeca-neste-fim-de-semana-com-seis-equipes\/\" >Super Copa Leopoldina de Futebol Amador come\u00e7a neste fim de semana com seis equipes<\/a><\/h3><div class=\"ultp-block-meta ultp-block-meta-dot ultp-block-meta-icon\"><\/div><\/div><\/div><\/div><div class=\"ultp-block-item post-id-452168\"><div class=\"ultp-block-content-wrap\"><div class=\"ultp-block-image ultp-block-image-opacity\"><a href=\"https:\/\/www.ovigilanteonline.com.br\/site\/2026\/04\/24\/festa-do-imigrante-italiano-transforma-leopoldina-em-rota-gastronomica\/\" ><img decoding=\"async\"  class=\"ultp-block-image-content\"  alt=\"Festa do Imigrante Italiano transforma Leopoldina em rota gastron\u00f4mica\"  src=\"https:\/\/www.ovigilanteonline.com.br\/site\/wp-content\/uploads\/2024\/05\/italiano-768x509.jpg\" \/><\/a><\/div><div class=\"ultp-block-content\"><h3 class=\"ultp-block-title \"><a href=\"https:\/\/www.ovigilanteonline.com.br\/site\/2026\/04\/24\/festa-do-imigrante-italiano-transforma-leopoldina-em-rota-gastronomica\/\" >Festa do Imigrante Italiano transforma Leopoldina em rota gastron\u00f4mica<\/a><\/h3><div class=\"ultp-block-meta ultp-block-meta-dot ultp-block-meta-icon\"><\/div><\/div><\/div><\/div><div class=\"ultp-block-item post-id-452140\"><div class=\"ultp-block-content-wrap\"><div class=\"ultp-block-image ultp-block-image-opacity\"><a href=\"https:\/\/www.ovigilanteonline.com.br\/site\/2026\/04\/23\/solneve-run-fest-tem-inscricoes-esgotadas-e-promete-movimentar-leopoldina-no-dia-26\/\" ><img decoding=\"async\"  class=\"ultp-block-image-content\"  alt=\"Sol &amp; Neve Run Fest tem inscri\u00e7\u00f5es esgotadas e promete movimentar Leopoldina no dia 26\"  src=\"https:\/\/www.ovigilanteonline.com.br\/site\/wp-content\/uploads\/2026\/04\/626565-768x539.jpg\" \/><\/a><\/div><div class=\"ultp-block-content\"><h3 class=\"ultp-block-title \"><a href=\"https:\/\/www.ovigilanteonline.com.br\/site\/2026\/04\/23\/solneve-run-fest-tem-inscricoes-esgotadas-e-promete-movimentar-leopoldina-no-dia-26\/\" >Sol &amp; Neve Run Fest tem inscri\u00e7\u00f5es esgotadas e promete movimentar Leopoldina no dia 26<\/a><\/h3><div class=\"ultp-block-meta ultp-block-meta-dot ultp-block-meta-icon\"><\/div><\/div><\/div><\/div><\/div><\/div><div class=\"pagination-block-html\" aria-hidden=\"true\" style=\"display: none;\"><\/div><\/div>","protected":false},"excerpt":{"rendered":"<p>A Petrobras anunciou nesta quinta-feira (15) a redu\u00e7\u00e3o de R$ 0,13 no litro da gasolina vendida a distribuidoras de combust\u00edveis. Com a queda do pre\u00e7o, de 4,66%, o litro que estava de R$ 2,78 passar\u00e1 a custar R$ 2,66 a partir desta sexta-feira (16). Como a gasolina vendida nas bombas tem adi\u00e7\u00e3o de 27% de [&hellip;]<\/p>\n","protected":false},"author":2,"featured_media":417598,"comment_status":"open","ping_status":"open","sticky":false,"template":"","format":"standard","meta":{"footnotes":""},"categories":[1,17,26],"tags":[],"class_list":["post-422730","post","type-post","status-publish","format-standard","has-post-thumbnail","hentry","category-destaque","category-geral","category-ultimas-noticias"],"yoast_head":"<!-- This site is optimized with the Yoast SEO plugin v27.4 - https:\/\/yoast.com\/product\/yoast-seo-wordpress\/ -->\n<title>Pre\u00e7o da gasolina fica 4,66% mais barato para distribuidoras<\/title>\n<meta name=\"robots\" content=\"index, follow, max-snippet:-1, max-image-preview:large, max-video-preview:-1\" \/>\n<link rel=\"canonical\" href=\"https:\/\/www.ovigilanteonline.com.br\/site\/2023\/06\/16\/preco-da-gasolina-fica-466-mais-barato-para-distribuidoras\/\" \/>\n<meta property=\"og:locale\" content=\"pt_BR\" \/>\n<meta property=\"og:type\" content=\"article\" \/>\n<meta property=\"og:title\" content=\"Pre\u00e7o da gasolina fica 4,66% mais barato para distribuidoras\" \/>\n<meta property=\"og:description\" content=\"A Petrobras anunciou nesta quinta-feira (15) a redu\u00e7\u00e3o de R$ 0,13 no litro da gasolina vendida a distribuidoras de combust\u00edveis. Com a queda do pre\u00e7o, de 4,66%, o litro que estava de R$ 2,78 passar\u00e1 a custar R$ 2,66 a partir desta sexta-feira (16). Como a gasolina vendida nas bombas tem adi\u00e7\u00e3o de 27% de [&hellip;]\" \/>\n<meta property=\"og:url\" content=\"https:\/\/www.ovigilanteonline.com.br\/site\/2023\/06\/16\/preco-da-gasolina-fica-466-mais-barato-para-distribuidoras\/\" \/>\n<meta property=\"og:site_name\" content=\"O VIGILANTE ONLINE\" \/>\n<meta property=\"article:publisher\" content=\"https:\/\/www.facebook.com\/ovigilanteonline\" \/>\n<meta property=\"article:published_time\" content=\"2023-06-16T11:05:42+00:00\" \/>\n<meta property=\"article:modified_time\" content=\"2023-06-16T20:28:14+00:00\" \/>\n<meta property=\"og:image\" content=\"https:\/\/www.ovigilanteonline.com.br\/site\/wp-content\/uploads\/2023\/02\/diesel-3.jpg\" \/>\n\t<meta property=\"og:image:width\" content=\"900\" \/>\n\t<meta property=\"og:image:height\" content=\"540\" \/>\n\t<meta property=\"og:image:type\" content=\"image\/jpeg\" \/>\n<meta name=\"author\" content=\"Jornalismo\" \/>\n<meta name=\"twitter:card\" content=\"summary_large_image\" \/>\n<meta name=\"twitter:label1\" content=\"Escrito por\" \/>\n\t<meta name=\"twitter:data1\" content=\"Jornalismo\" \/>\n\t<meta name=\"twitter:label2\" content=\"Est. tempo de leitura\" \/>\n\t<meta name=\"twitter:data2\" content=\"2 minutos\" \/>\n<script type=\"application\/ld+json\" class=\"yoast-schema-graph\">{\"@context\":\"https:\\\/\\\/schema.org\",\"@graph\":[{\"@type\":\"Article\",\"@id\":\"https:\\\/\\\/www.ovigilanteonline.com.br\\\/site\\\/2023\\\/06\\\/16\\\/preco-da-gasolina-fica-466-mais-barato-para-distribuidoras\\\/#article\",\"isPartOf\":{\"@id\":\"https:\\\/\\\/www.ovigilanteonline.com.br\\\/site\\\/2023\\\/06\\\/16\\\/preco-da-gasolina-fica-466-mais-barato-para-distribuidoras\\\/\"},\"author\":{\"name\":\"Jornalismo\",\"@id\":\"https:\\\/\\\/www.ovigilanteonline.com.br\\\/site\\\/#\\\/schema\\\/person\\\/538fdfb33c0c411cd14a732e7cf14aa6\"},\"headline\":\"Pre\u00e7o da gasolina fica 4,66% mais barato para distribuidoras\",\"datePublished\":\"2023-06-16T11:05:42+00:00\",\"dateModified\":\"2023-06-16T20:28:14+00:00\",\"mainEntityOfPage\":{\"@id\":\"https:\\\/\\\/www.ovigilanteonline.com.br\\\/site\\\/2023\\\/06\\\/16\\\/preco-da-gasolina-fica-466-mais-barato-para-distribuidoras\\\/\"},\"wordCount\":252,\"commentCount\":0,\"image\":{\"@id\":\"https:\\\/\\\/www.ovigilanteonline.com.br\\\/site\\\/2023\\\/06\\\/16\\\/preco-da-gasolina-fica-466-mais-barato-para-distribuidoras\\\/#primaryimage\"},\"thumbnailUrl\":\"https:\\\/\\\/www.ovigilanteonline.com.br\\\/site\\\/wp-content\\\/uploads\\\/2023\\\/02\\\/diesel-3.jpg\",\"articleSection\":[\"Destaque\",\"Geral\",\"\u00daltimas Not\u00edcias\"],\"inLanguage\":\"pt-BR\",\"potentialAction\":[{\"@type\":\"CommentAction\",\"name\":\"Comment\",\"target\":[\"https:\\\/\\\/www.ovigilanteonline.com.br\\\/site\\\/2023\\\/06\\\/16\\\/preco-da-gasolina-fica-466-mais-barato-para-distribuidoras\\\/#respond\"]}]},{\"@type\":\"WebPage\",\"@id\":\"https:\\\/\\\/www.ovigilanteonline.com.br\\\/site\\\/2023\\\/06\\\/16\\\/preco-da-gasolina-fica-466-mais-barato-para-distribuidoras\\\/\",\"url\":\"https:\\\/\\\/www.ovigilanteonline.com.br\\\/site\\\/2023\\\/06\\\/16\\\/preco-da-gasolina-fica-466-mais-barato-para-distribuidoras\\\/\",\"name\":\"Pre\u00e7o da gasolina fica 4,66% mais barato para distribuidoras\",\"isPartOf\":{\"@id\":\"https:\\\/\\\/www.ovigilanteonline.com.br\\\/site\\\/#website\"},\"primaryImageOfPage\":{\"@id\":\"https:\\\/\\\/www.ovigilanteonline.com.br\\\/site\\\/2023\\\/06\\\/16\\\/preco-da-gasolina-fica-466-mais-barato-para-distribuidoras\\\/#primaryimage\"},\"image\":{\"@id\":\"https:\\\/\\\/www.ovigilanteonline.com.br\\\/site\\\/2023\\\/06\\\/16\\\/preco-da-gasolina-fica-466-mais-barato-para-distribuidoras\\\/#primaryimage\"},\"thumbnailUrl\":\"https:\\\/\\\/www.ovigilanteonline.com.br\\\/site\\\/wp-content\\\/uploads\\\/2023\\\/02\\\/diesel-3.jpg\",\"datePublished\":\"2023-06-16T11:05:42+00:00\",\"dateModified\":\"2023-06-16T20:28:14+00:00\",\"author\":{\"@id\":\"https:\\\/\\\/www.ovigilanteonline.com.br\\\/site\\\/#\\\/schema\\\/person\\\/538fdfb33c0c411cd14a732e7cf14aa6\"},\"breadcrumb\":{\"@id\":\"https:\\\/\\\/www.ovigilanteonline.com.br\\\/site\\\/2023\\\/06\\\/16\\\/preco-da-gasolina-fica-466-mais-barato-para-distribuidoras\\\/#breadcrumb\"},\"inLanguage\":\"pt-BR\",\"potentialAction\":[{\"@type\":\"ReadAction\",\"target\":[\"https:\\\/\\\/www.ovigilanteonline.com.br\\\/site\\\/2023\\\/06\\\/16\\\/preco-da-gasolina-fica-466-mais-barato-para-distribuidoras\\\/\"]}]},{\"@type\":\"ImageObject\",\"inLanguage\":\"pt-BR\",\"@id\":\"https:\\\/\\\/www.ovigilanteonline.com.br\\\/site\\\/2023\\\/06\\\/16\\\/preco-da-gasolina-fica-466-mais-barato-para-distribuidoras\\\/#primaryimage\",\"url\":\"https:\\\/\\\/www.ovigilanteonline.com.br\\\/site\\\/wp-content\\\/uploads\\\/2023\\\/02\\\/diesel-3.jpg\",\"contentUrl\":\"https:\\\/\\\/www.ovigilanteonline.com.br\\\/site\\\/wp-content\\\/uploads\\\/2023\\\/02\\\/diesel-3.jpg\",\"width\":900,\"height\":540},{\"@type\":\"BreadcrumbList\",\"@id\":\"https:\\\/\\\/www.ovigilanteonline.com.br\\\/site\\\/2023\\\/06\\\/16\\\/preco-da-gasolina-fica-466-mais-barato-para-distribuidoras\\\/#breadcrumb\",\"itemListElement\":[{\"@type\":\"ListItem\",\"position\":1,\"name\":\"In\u00edcio\",\"item\":\"https:\\\/\\\/www.ovigilanteonline.com.br\\\/site\\\/\"},{\"@type\":\"ListItem\",\"position\":2,\"name\":\"Pre\u00e7o da gasolina fica 4,66% mais barato para distribuidoras\"}]},{\"@type\":\"WebSite\",\"@id\":\"https:\\\/\\\/www.ovigilanteonline.com.br\\\/site\\\/#website\",\"url\":\"https:\\\/\\\/www.ovigilanteonline.com.br\\\/site\\\/\",\"name\":\"O VIGILANTE ONLINE - Not\u00edcias de Leopoldina e regi\u00e3o\",\"description\":\"\",\"potentialAction\":[{\"@type\":\"SearchAction\",\"target\":{\"@type\":\"EntryPoint\",\"urlTemplate\":\"https:\\\/\\\/www.ovigilanteonline.com.br\\\/site\\\/?s={search_term_string}\"},\"query-input\":{\"@type\":\"PropertyValueSpecification\",\"valueRequired\":true,\"valueName\":\"search_term_string\"}}],\"inLanguage\":\"pt-BR\"},{\"@type\":\"Person\",\"@id\":\"https:\\\/\\\/www.ovigilanteonline.com.br\\\/site\\\/#\\\/schema\\\/person\\\/538fdfb33c0c411cd14a732e7cf14aa6\",\"name\":\"Jornalismo\"}]}<\/script>\n<!-- \/ Yoast SEO plugin. -->","yoast_head_json":{"title":"Pre\u00e7o da gasolina fica 4,66% mais barato para distribuidoras","robots":{"index":"index","follow":"follow","max-snippet":"max-snippet:-1","max-image-preview":"max-image-preview:large","max-video-preview":"max-video-preview:-1"},"canonical":"https:\/\/www.ovigilanteonline.com.br\/site\/2023\/06\/16\/preco-da-gasolina-fica-466-mais-barato-para-distribuidoras\/","og_locale":"pt_BR","og_type":"article","og_title":"Pre\u00e7o da gasolina fica 4,66% mais barato para distribuidoras","og_description":"A Petrobras anunciou nesta quinta-feira (15) a redu\u00e7\u00e3o de R$ 0,13 no litro da gasolina vendida a distribuidoras de combust\u00edveis. Com a queda do pre\u00e7o, de 4,66%, o litro que estava de R$ 2,78 passar\u00e1 a custar R$ 2,66 a partir desta sexta-feira (16). Como a gasolina vendida nas bombas tem adi\u00e7\u00e3o de 27% de [&hellip;]","og_url":"https:\/\/www.ovigilanteonline.com.br\/site\/2023\/06\/16\/preco-da-gasolina-fica-466-mais-barato-para-distribuidoras\/","og_site_name":"O VIGILANTE ONLINE","article_publisher":"https:\/\/www.facebook.com\/ovigilanteonline","article_published_time":"2023-06-16T11:05:42+00:00","article_modified_time":"2023-06-16T20:28:14+00:00","og_image":[{"width":900,"height":540,"url":"https:\/\/www.ovigilanteonline.com.br\/site\/wp-content\/uploads\/2023\/02\/diesel-3.jpg","type":"image\/jpeg"}],"author":"Jornalismo","twitter_card":"summary_large_image","twitter_misc":{"Escrito por":"Jornalismo","Est. tempo de leitura":"2 minutos"},"schema":{"@context":"https:\/\/schema.org","@graph":[{"@type":"Article","@id":"https:\/\/www.ovigilanteonline.com.br\/site\/2023\/06\/16\/preco-da-gasolina-fica-466-mais-barato-para-distribuidoras\/#article","isPartOf":{"@id":"https:\/\/www.ovigilanteonline.com.br\/site\/2023\/06\/16\/preco-da-gasolina-fica-466-mais-barato-para-distribuidoras\/"},"author":{"name":"Jornalismo","@id":"https:\/\/www.ovigilanteonline.com.br\/site\/#\/schema\/person\/538fdfb33c0c411cd14a732e7cf14aa6"},"headline":"Pre\u00e7o da gasolina fica 4,66% mais barato para distribuidoras","datePublished":"2023-06-16T11:05:42+00:00","dateModified":"2023-06-16T20:28:14+00:00","mainEntityOfPage":{"@id":"https:\/\/www.ovigilanteonline.com.br\/site\/2023\/06\/16\/preco-da-gasolina-fica-466-mais-barato-para-distribuidoras\/"},"wordCount":252,"commentCount":0,"image":{"@id":"https:\/\/www.ovigilanteonline.com.br\/site\/2023\/06\/16\/preco-da-gasolina-fica-466-mais-barato-para-distribuidoras\/#primaryimage"},"thumbnailUrl":"https:\/\/www.ovigilanteonline.com.br\/site\/wp-content\/uploads\/2023\/02\/diesel-3.jpg","articleSection":["Destaque","Geral","\u00daltimas Not\u00edcias"],"inLanguage":"pt-BR","potentialAction":[{"@type":"CommentAction","name":"Comment","target":["https:\/\/www.ovigilanteonline.com.br\/site\/2023\/06\/16\/preco-da-gasolina-fica-466-mais-barato-para-distribuidoras\/#respond"]}]},{"@type":"WebPage","@id":"https:\/\/www.ovigilanteonline.com.br\/site\/2023\/06\/16\/preco-da-gasolina-fica-466-mais-barato-para-distribuidoras\/","url":"https:\/\/www.ovigilanteonline.com.br\/site\/2023\/06\/16\/preco-da-gasolina-fica-466-mais-barato-para-distribuidoras\/","name":"Pre\u00e7o da gasolina fica 4,66% mais barato para distribuidoras","isPartOf":{"@id":"https:\/\/www.ovigilanteonline.com.br\/site\/#website"},"primaryImageOfPage":{"@id":"https:\/\/www.ovigilanteonline.com.br\/site\/2023\/06\/16\/preco-da-gasolina-fica-466-mais-barato-para-distribuidoras\/#primaryimage"},"image":{"@id":"https:\/\/www.ovigilanteonline.com.br\/site\/2023\/06\/16\/preco-da-gasolina-fica-466-mais-barato-para-distribuidoras\/#primaryimage"},"thumbnailUrl":"https:\/\/www.ovigilanteonline.com.br\/site\/wp-content\/uploads\/2023\/02\/diesel-3.jpg","datePublished":"2023-06-16T11:05:42+00:00","dateModified":"2023-06-16T20:28:14+00:00","author":{"@id":"https:\/\/www.ovigilanteonline.com.br\/site\/#\/schema\/person\/538fdfb33c0c411cd14a732e7cf14aa6"},"breadcrumb":{"@id":"https:\/\/www.ovigilanteonline.com.br\/site\/2023\/06\/16\/preco-da-gasolina-fica-466-mais-barato-para-distribuidoras\/#breadcrumb"},"inLanguage":"pt-BR","potentialAction":[{"@type":"ReadAction","target":["https:\/\/www.ovigilanteonline.com.br\/site\/2023\/06\/16\/preco-da-gasolina-fica-466-mais-barato-para-distribuidoras\/"]}]},{"@type":"ImageObject","inLanguage":"pt-BR","@id":"https:\/\/www.ovigilanteonline.com.br\/site\/2023\/06\/16\/preco-da-gasolina-fica-466-mais-barato-para-distribuidoras\/#primaryimage","url":"https:\/\/www.ovigilanteonline.com.br\/site\/wp-content\/uploads\/2023\/02\/diesel-3.jpg","contentUrl":"https:\/\/www.ovigilanteonline.com.br\/site\/wp-content\/uploads\/2023\/02\/diesel-3.jpg","width":900,"height":540},{"@type":"BreadcrumbList","@id":"https:\/\/www.ovigilanteonline.com.br\/site\/2023\/06\/16\/preco-da-gasolina-fica-466-mais-barato-para-distribuidoras\/#breadcrumb","itemListElement":[{"@type":"ListItem","position":1,"name":"In\u00edcio","item":"https:\/\/www.ovigilanteonline.com.br\/site\/"},{"@type":"ListItem","position":2,"name":"Pre\u00e7o da gasolina fica 4,66% mais barato para distribuidoras"}]},{"@type":"WebSite","@id":"https:\/\/www.ovigilanteonline.com.br\/site\/#website","url":"https:\/\/www.ovigilanteonline.com.br\/site\/","name":"O VIGILANTE ONLINE - Not\u00edcias de Leopoldina e regi\u00e3o","description":"","potentialAction":[{"@type":"SearchAction","target":{"@type":"EntryPoint","urlTemplate":"https:\/\/www.ovigilanteonline.com.br\/site\/?s={search_term_string}"},"query-input":{"@type":"PropertyValueSpecification","valueRequired":true,"valueName":"search_term_string"}}],"inLanguage":"pt-BR"},{"@type":"Person","@id":"https:\/\/www.ovigilanteonline.com.br\/site\/#\/schema\/person\/538fdfb33c0c411cd14a732e7cf14aa6","name":"Jornalismo"}]}},"cc_featured_image_caption":{"caption_text":"Divulga\u00e7\u00e3o","source_text":"","source_url":""},"_links":{"self":[{"href":"https:\/\/www.ovigilanteonline.com.br\/site\/wp-json\/wp\/v2\/posts\/422730","targetHints":{"allow":["GET"]}}],"collection":[{"href":"https:\/\/www.ovigilanteonline.com.br\/site\/wp-json\/wp\/v2\/posts"}],"about":[{"href":"https:\/\/www.ovigilanteonline.com.br\/site\/wp-json\/wp\/v2\/types\/post"}],"author":[{"embeddable":true,"href":"https:\/\/www.ovigilanteonline.com.br\/site\/wp-json\/wp\/v2\/users\/2"}],"replies":[{"embeddable":true,"href":"https:\/\/www.ovigilanteonline.com.br\/site\/wp-json\/wp\/v2\/comments?post=422730"}],"version-history":[{"count":0,"href":"https:\/\/www.ovigilanteonline.com.br\/site\/wp-json\/wp\/v2\/posts\/422730\/revisions"}],"wp:featuredmedia":[{"embeddable":true,"href":"https:\/\/www.ovigilanteonline.com.br\/site\/wp-json\/wp\/v2\/media\/417598"}],"wp:attachment":[{"href":"https:\/\/www.ovigilanteonline.com.br\/site\/wp-json\/wp\/v2\/media?parent=422730"}],"wp:term":[{"taxonomy":"category","embeddable":true,"href":"https:\/\/www.ovigilanteonline.com.br\/site\/wp-json\/wp\/v2\/categories?post=422730"},{"taxonomy":"post_tag","embeddable":true,"href":"https:\/\/www.ovigilanteonline.com.br\/site\/wp-json\/wp\/v2\/tags?post=422730"}],"curies":[{"name":"wp","href":"https:\/\/api.w.org\/{rel}","templated":true}]}}