{"id":422451,"date":"2023-06-05T12:22:28","date_gmt":"2023-06-05T15:22:28","guid":{"rendered":"https:\/\/www.ovigilanteonline.com.br\/site\/?p=422451"},"modified":"2023-06-08T14:41:49","modified_gmt":"2023-06-08T17:41:49","slug":"energisa-reforca-cuidados-com-energia-eletrica-durante-festejos-juninos","status":"publish","type":"post","link":"https:\/\/www.ovigilanteonline.com.br\/site\/2023\/06\/05\/energisa-reforca-cuidados-com-energia-eletrica-durante-festejos-juninos\/","title":{"rendered":"Energisa\u00a0refor\u00e7a cuidados com energia el\u00e9trica durante festejos juninos\u00a0"},"content":{"rendered":"\n<p>Junho \u00e9 o m\u00eas das tradicionais festas juninas por todo o pa\u00eds. Mas para\u00a0poder comemorar o S\u00e3o Jo\u00e3o \u2018como manda o figurino\u2019\u00a0e aproveitar o \u2018arrai\u00e1\u2019\u00a0com toda e pompa e circunst\u00e2ncia que a data pede, \u00e9 importante manter aten\u00e7\u00e3o redobrada \u00e0 seguran\u00e7a com a rede el\u00e9trica.\u00a0\u202f\u00a0<\/p>\n\n\n\n<p>Para tornar os festejos juninos mais seguros,\u00a0Victor\u00a0Rispoli, gerente de Opera\u00e7\u00f5es da\u00a0Energisa,\u00a0refor\u00e7a que \u00e9 preciso se atentar \u00e0s instala\u00e7\u00f5es el\u00e9tricas e evitar o uso de extens\u00f5es e benjamins de forma permanente, caso a comemora\u00e7\u00e3o seja realizada em casa. \u201cAo escolher os locais que ganhar\u00e3o a decora\u00e7\u00e3o tem\u00e1tica \u00e9 necess\u00e1rio\u00a0respeitar os pontos de energia. Os bocais de l\u00e2mpadas jamais devem ser utilizados como suporte para pendurar enfeites como bal\u00f5es e bandeiras. Al\u00e9m de choques el\u00e9tricos, essa pr\u00e1tica pode provocar inc\u00eandios\u201d, alerta\u00a0Rispoli.\u00a0\u202f\u00a0<\/p>\n\n\n\n<p>E mais: nunca se deve manusear equipamentos eletroeletr\u00f4nicos como aparelhos de som, freezers ou geladeiras com o corpo molhado e sem usar cal\u00e7ados.\u00a0E se for decorar a frente da casa com bandeirinhas, a recomenda\u00e7\u00e3o \u00e9 colocar longe dos\u00a0postes\u00a0e dos cabos de energia. \u201cN\u00e3o\u00a0amarre\u00a0fios, cabos ou enfeites em postes ou fia\u00e7\u00f5es el\u00e9tricas e substitua\u00a0os enfeites de metais por adere\u00e7os de materiais isolantes, como borracha e silicone, por exemplo, para evitar que conduzam energia, em eventual contato com a rede\u201d, explica o gerente.\u00a0\u202f\u00a0<\/p>\n\n\n\n\n\n<p>Para quem&nbsp;gosta&nbsp;de soltar fogos de artif\u00edcio, a recomenda\u00e7\u00e3o \u00e9&nbsp;evit\u00e1-los.&nbsp;Para muitos&nbsp;pode ser&nbsp;sin\u00f4nimo de festa e alegria, por\u00e9m, para animais de estima\u00e7\u00e3o, pessoas enfermas, crian\u00e7as, idosos e autistas,&nbsp;pode causar desconforto. E se atingir a rede&nbsp;el\u00e9trica&nbsp;pode causar&nbsp;curtos-circuitos e faltas de energia na localidade. Vale ressaltar&nbsp;ainda&nbsp;que em algumas cidades, soltar fogos de artif\u00edcio \u00e9 proibido por lei.\u202f&nbsp;<\/p>\n\n\n\n<p>No caso da fogueira, os clientes tamb\u00e9m devem observar a dist\u00e2ncia da rede el\u00e9trica, uma vez que o fogo ou o calor em excesso podem danificar cabos e estruturas, causando curtos-circuitos e interrup\u00e7\u00e3o de energia. Quanto aos bal\u00f5es, a recomenda\u00e7\u00e3o da\u00a0Energisa\u00a0\u00e9 que sejam evitados, afinal, al\u00e9m de crime, o seu uso pode causar grandes acidentes, principalmente se ca\u00edrem dentro de subesta\u00e7\u00f5es ou sobre redes el\u00e9tricas.\u00a0\u202f\u00a0<\/p>\n\n\n\n<p><strong>Liga\u00e7\u00f5es provis\u00f3rias<\/strong>\u00a0<br>Al\u00e9m dos cuidados para quem vai aproveitar os festejos juninos, Victor\u00a0Rispoli\u00a0faz um alerta importante para aqueles que ir\u00e3o trabalhar durante os dias de festa. A primeira recomenda\u00e7\u00e3o \u00e9 n\u00e3o fazer liga\u00e7\u00f5es clandestinas junto \u00e0 rede el\u00e9trica externa, caso queira iluminar uma \u00e1rea temporariamente para o arraial. Al\u00e9m de crime, oferece alto risco\u00a0de acidente\u00a0e pode ser fatal. Somente a\u00a0Energisa\u00a0pode executar liga\u00e7\u00e3o provis\u00f3ria de energia.\u00a0\u202f\u00a0<\/p>\n\n\n\n<p>Se precisar fazer qualquer tipo de instala\u00e7\u00e3o el\u00e9trica na parte interna, a orienta\u00e7\u00e3o \u00e9 procurar um profissional qualificado para realizar o servi\u00e7o. Para os clientes que desejam o servi\u00e7o que envolvam a rede de distribui\u00e7\u00e3o da\u00a0Energisa, a solicita\u00e7\u00e3o deve ser feita junto \u00e0 concession\u00e1ria com, no m\u00ednimo, 48h de anteced\u00eancia. O mesmo vale para outros eventos p\u00fablicos como exposi\u00e7\u00f5es, shows.\u00a0\u202f\u00a0<\/p>\n\n\n\n<p><strong>Choques el\u00e9tricos<\/strong>\u00a0 <br>A\u00a0Energisa\u00a0tamb\u00e9m orienta que se algu\u00e9m for v\u00edtima de choque el\u00e9trico dentro da unidade consumidora, n\u00e3o se deve tentar tocar na pessoa que est\u00e1 recebendo a descarga. A melhor forma de ajudar \u00e9 desligar o disjuntor ou a chave geral e ligar para emerg\u00eancia no 193 ou 192. Se o acidente for em via p\u00fablica, al\u00e9m das orienta\u00e7\u00f5es j\u00e1 mencionadas, \u00e9 preciso acionar a concession\u00e1ria pelo telefone 0800 032 0196 para que seja feito o desligamento da energia.\u00a0\u202f\u00a0<\/p>\n\n\n<div id=\"ovigi-65921101\">\r\n<p class=\"has-text-align-center has-small-font-size\">continua depois da publicidade<\/p>\r\n\r\n\r\n\r\n<hr class=\"wp-block-separator has-alpha-channel-opacity is-style-wide\"\/>\r\n\r\n\r\n<center> \r\n<figure class=\"wp-block-image size-large\"><a href=\"https:\/\/www.instagram.com\/unimedleopoldina241\/\" target=\"_blank\" rel=\"noreferrer noopener\"><img decoding=\"async\" src=\"https:\/\/www.ovigilanteonline.com.br\/site\/wp-content\/uploads\/2026\/03\/UNIMED-FINAL.jpg\" alt=\"\" class=\"wp-image-395070\"\/><\/a><\/figure>\r\n<\/figure>\r\n<!-- \/wp:gallery --> <\/center>\r\n\r\n<!-- wp:separator {\"className\":\"is-style-wide\"} -->\r\n<hr class=\"wp-block-separator has-alpha-channel-opacity is-style-wide\"\/>\r\n<!-- \/wp:separator -->\r\n<\/div>\n\n\n<p><strong>Curta seu \u2018arrai\u00e1\u2019 com seguran\u00e7a:<\/strong>&nbsp;<\/p>\n\n\n\n<ul class=\"wp-block-list\">\n<li>N\u00e3o solte fogos ou acenda fogueiras pr\u00f3ximo \u00e0 rede el\u00e9trica;&nbsp;<\/li>\n\n\n\n<li>Cuidado ao pendurar as bandeirinhas na rua. Elas devem ficar distantes da fia\u00e7\u00e3o;&nbsp;<\/li>\n\n\n\n<li>Liga\u00e7\u00e3o clandestina \u00e9 crime e coloca a vida de pessoas em perigo;&nbsp;<\/li>\n\n\n\n<li>N\u00e3o monte arraiais pr\u00f3ximo \u00e0 rede de energia;&nbsp;<\/li>\n\n\n\n<li>Liga\u00e7\u00f5es provis\u00f3rias para o S\u00e3o Jo\u00e3o devem ser solicitadas \u00e0&nbsp;Energisa;&nbsp;<\/li>\n<\/ul>\n\n\n\n<ul class=\"wp-block-list\">\n<li>N\u00e3o solte bal\u00f5es. Eles podem causar graves acidentes se atingirem a rede el\u00e9trica ou subesta\u00e7\u00f5es;&nbsp;<\/li>\n\n\n\n<li>Estruturas met\u00e1licas devem estar devidamente aterradas;&nbsp;<\/li>\n\n\n\n<li>Nunca manuseie equipamentos eletroeletr\u00f4nicos com o corpo molhado.\u00a0<\/li>\n<\/ul>\n\n\n\n<p><strong>Veja mais orienta\u00e7\u00f5es no v\u00eddeo abaixo:<\/strong><\/p>\n\n\n\n<figure class=\"wp-block-embed is-type-video is-provider-youtube wp-block-embed-youtube wp-embed-aspect-16-9 wp-has-aspect-ratio\"><div class=\"wp-block-embed__wrapper\">\n<iframe loading=\"lazy\" title=\"Energisa | Dicas de Seguran\u00e7a - Festas Juninas\" width=\"640\" height=\"360\" src=\"https:\/\/www.youtube.com\/embed\/7PkuE-219jE?feature=oembed\" frameborder=\"0\" allow=\"accelerometer; autoplay; clipboard-write; encrypted-media; gyroscope; picture-in-picture; web-share\" referrerpolicy=\"strict-origin-when-cross-origin\" allowfullscreen><\/iframe>\n<\/div><\/figure>\n\n\n\n<p><strong>Energisa<\/strong><\/p>\n\n\n<div  class=\"ultp-post-grid-block wp-block-ultimate-post-post-grid-2 ultp-block-ec37fc\"><div class=\"ultp-block-wrapper\"><div class=\"ultp-loading\"><div class=\"ultp-loading-blocks\" style=\"width:100%;height:100%;\"><div style=\"left: 0;top: 0;animation-delay:0s;\"><\/div><div style=\"left: 21px;top: 0;animation-delay:0.125s;\"><\/div><div style=\"left: 42px;top: 0;animation-delay:0.25s;\"><\/div><div style=\"left: 0;top: 21px;animation-delay:0.875s;\"><\/div><div style=\"left: 42px;top: 21px;animation-delay:0.375s;\"><\/div><div style=\"left: 0;top: 42px;animation-delay:0.75s;\"><\/div><div style=\"left: 42px;top: 42px;animation-delay:0.625s;\"><\/div><div style=\"left: 21px;top: 42px;animation-delay:0.5s;\"><\/div><\/div><\/div><div class=\"ultp-heading-filter\"><div class=\"ultp-heading-filter-in\"><div class=\"ultp-heading-wrap ultp-heading-style1 ultp-heading-left\"><h2 class=\"ultp-heading-inner\"><span>Leia tamb\u00e9m<\/span><\/h2><\/div><\/div><\/div><div class=\"ultp-block-items-wrap ultp-block-row\"><div class=\"ultp-block-item post-id-452175\"><div class=\"ultp-block-content-wrap ultp-block-content-overlay\"><div class=\"ultp-block-image ultp-block-image-none ultp-block-image-overlay ultp-block-image-simgleGradient\"><a href=\"https:\/\/www.ovigilanteonline.com.br\/site\/2026\/04\/24\/trabalhador-fica-soterrado-em-obra-as-margens-da-br-116-em-muriae\/\" ><img decoding=\"async\"  alt=\"Trabalhador fica soterrado em obra \u00e0s margens da BR-116 em Muria\u00e9\"  src=\"https:\/\/www.ovigilanteonline.com.br\/site\/wp-content\/uploads\/2026\/04\/d656fd65.jpg\" \/><\/a><\/div><div class=\"ultp-block-content ultp-block-content-bottomPosition\"><div class=\"ultp-block-content-inner\"><h3 class=\"ultp-block-title \"><a href=\"https:\/\/www.ovigilanteonline.com.br\/site\/2026\/04\/24\/trabalhador-fica-soterrado-em-obra-as-margens-da-br-116-em-muriae\/\" >Trabalhador fica soterrado em obra \u00e0s margens da BR-116 em Muria\u00e9<\/a><\/h3><\/div><\/div><\/div><\/div><div class=\"ultp-block-item post-id-452156\"><div class=\"ultp-block-content-wrap ultp-block-content-overlay\"><div class=\"ultp-block-image ultp-block-image-none ultp-block-image-overlay ultp-block-image-simgleGradient\"><a href=\"https:\/\/www.ovigilanteonline.com.br\/site\/2026\/04\/23\/alerta-de-seguranca-mais-de-320-mil-raios-neste-ano-reforcam-cuidados-durante-tempestades\/\" ><img decoding=\"async\"  alt=\"Alerta de seguran\u00e7a: mais de 320 mil raios neste ano refor\u00e7am cuidados durante tempestades\"  src=\"https:\/\/www.ovigilanteonline.com.br\/site\/wp-content\/uploads\/2021\/12\/CATEDRAL-RAIOS-O-VIGILANTE-ONLINE.jpg\" \/><\/a><\/div><div class=\"ultp-block-content ultp-block-content-bottomPosition\"><div class=\"ultp-block-content-inner\"><h3 class=\"ultp-block-title \"><a href=\"https:\/\/www.ovigilanteonline.com.br\/site\/2026\/04\/23\/alerta-de-seguranca-mais-de-320-mil-raios-neste-ano-reforcam-cuidados-durante-tempestades\/\" >Alerta de seguran\u00e7a: mais de 320 mil raios neste ano refor\u00e7am cuidados durante tempestades<\/a><\/h3><\/div><\/div><\/div><\/div><div class=\"ultp-block-item post-id-452149\"><div class=\"ultp-block-content-wrap ultp-block-content-overlay\"><div class=\"ultp-block-image ultp-block-image-none ultp-block-image-overlay ultp-block-image-simgleGradient\"><a href=\"https:\/\/www.ovigilanteonline.com.br\/site\/2026\/04\/23\/detento-que-esquartejou-comparsa-de-crime-em-muriae-e-indiciado-por-homicidio-triplamente-qualificado\/\" ><img decoding=\"async\"  alt=\"Detento que esquartejou comparsa de crime em Muria\u00e9 \u00e9 indiciado por homic\u00eddio triplamente qualificado\"  src=\"https:\/\/www.ovigilanteonline.com.br\/site\/wp-content\/uploads\/2026\/04\/penitenciaria-muriae-800x570.jpg\" \/><\/a><\/div><div class=\"ultp-block-content ultp-block-content-bottomPosition\"><div class=\"ultp-block-content-inner\"><h3 class=\"ultp-block-title \"><a href=\"https:\/\/www.ovigilanteonline.com.br\/site\/2026\/04\/23\/detento-que-esquartejou-comparsa-de-crime-em-muriae-e-indiciado-por-homicidio-triplamente-qualificado\/\" >Detento que esquartejou comparsa de crime em Muria\u00e9 \u00e9 indiciado por homic\u00eddio triplamente qualificado<\/a><\/h3><\/div><\/div><\/div><\/div><\/div><\/div><div class=\"pagination-block-html\" aria-hidden=\"true\" style=\"display: none;\"><\/div><\/div>\n\n\n<hr class=\"wp-block-separator has-alpha-channel-opacity\"\/>\n\n\n<div class=\"ultp-not-found-message\" role=\"alert\">No Post Found<\/div>\n\n\n<hr class=\"wp-block-separator has-alpha-channel-opacity\"\/>\n\n\n<div id=\"ovigi-1986898140\"><a href=\"https:\/\/www.instagram.com\/cartosolarmg\/\" target=\"_blank\" aria-label=\"carto solar\"><img loading=\"lazy\" decoding=\"async\" src=\"https:\/\/www.ovigilanteonline.com.br\/site\/wp-content\/uploads\/2023\/05\/carto-solar-2-jpg.webp\" alt=\"\"  srcset=\"https:\/\/www.ovigilanteonline.com.br\/site\/wp-content\/uploads\/2023\/05\/carto-solar-2-jpg.webp 900w, https:\/\/www.ovigilanteonline.com.br\/site\/wp-content\/uploads\/2023\/05\/carto-solar-2-300x121.webp 300w, https:\/\/www.ovigilanteonline.com.br\/site\/wp-content\/uploads\/2023\/05\/carto-solar-2-768x311.webp 768w, https:\/\/www.ovigilanteonline.com.br\/site\/wp-content\/uploads\/2023\/05\/carto-solar-2-600x243.webp 600w\" sizes=\"auto, (max-width: 900px) 100vw, 900px\" width=\"900\" height=\"364\"   \/><\/a><\/div>\n\n<div  class=\"ultp-post-grid-block wp-block-ultimate-post-post-grid-1 ultp-block-a7383b\"><div class=\"ultp-block-wrapper\"><div class=\"ultp-loading\"><div class=\"ultp-loading-blocks\" style=\"width:100%;height:100%;\"><div style=\"left: 0;top: 0;animation-delay:0s;\"><\/div><div style=\"left: 21px;top: 0;animation-delay:0.125s;\"><\/div><div style=\"left: 42px;top: 0;animation-delay:0.25s;\"><\/div><div style=\"left: 0;top: 21px;animation-delay:0.875s;\"><\/div><div style=\"left: 42px;top: 21px;animation-delay:0.375s;\"><\/div><div style=\"left: 0;top: 42px;animation-delay:0.75s;\"><\/div><div style=\"left: 42px;top: 42px;animation-delay:0.625s;\"><\/div><div style=\"left: 21px;top: 42px;animation-delay:0.5s;\"><\/div><\/div><\/div><div class=\"ultp-heading-filter\"><div class=\"ultp-heading-filter-in\"><div class=\"ultp-heading-wrap ultp-heading-style1 ultp-heading-left\"><h2 class=\"ultp-heading-inner\"><a href=\"https:\/\/www.ovigilanteonline.com.br\/site\/\" ><span>Mais not\u00edcias &gt;&gt;<\/span><\/a><\/h2><\/div><\/div><\/div><div class=\"ultp-block-items-wrap ultp-block-row ultp-pg1a-style1 ultp-grid1-responsive ultp-block-column-2 1 ultp-xs-column-1 ultp-layout1\"><div class=\"ultp-block-item post-id-452186\"><div class=\"ultp-block-content-wrap\"><div class=\"ultp-block-image ultp-block-image-opacity\"><a href=\"https:\/\/www.ovigilanteonline.com.br\/site\/2026\/04\/25\/consagracao-a-sao-miguel-arcanjo-reune-cerca-de-15-mil-fieis-em-leopoldina\/\" ><img decoding=\"async\"  class=\"ultp-block-image-content\"  alt=\"Consagra\u00e7\u00e3o a S\u00e3o Miguel Arcanjo re\u00fane cerca de 15 mil fi\u00e9is em Leopoldina\"  src=\"https:\/\/www.ovigilanteonline.com.br\/site\/wp-content\/uploads\/2026\/04\/IMG_2291-768x637.jpg\" \/><\/a><\/div><div class=\"ultp-block-content\"><h3 class=\"ultp-block-title \"><a href=\"https:\/\/www.ovigilanteonline.com.br\/site\/2026\/04\/25\/consagracao-a-sao-miguel-arcanjo-reune-cerca-de-15-mil-fieis-em-leopoldina\/\" >Consagra\u00e7\u00e3o a S\u00e3o Miguel Arcanjo re\u00fane cerca de 15 mil fi\u00e9is em Leopoldina<\/a><\/h3><div class=\"ultp-block-meta ultp-block-meta-dot ultp-block-meta-icon\"><\/div><\/div><\/div><\/div><div class=\"ultp-block-item post-id-452181\"><div class=\"ultp-block-content-wrap\"><div class=\"ultp-block-image ultp-block-image-opacity\"><a href=\"https:\/\/www.ovigilanteonline.com.br\/site\/2026\/04\/25\/super-copa-leopoldina-de-futebol-amador-comeca-neste-fim-de-semana-com-seis-equipes\/\" ><img decoding=\"async\"  class=\"ultp-block-image-content\"  alt=\"Super Copa Leopoldina de Futebol Amador come\u00e7a neste fim de semana com seis equipes\"  src=\"https:\/\/www.ovigilanteonline.com.br\/site\/wp-content\/uploads\/2026\/04\/03121413_Estdio_Oct-768x516.jpg\" \/><\/a><\/div><div class=\"ultp-block-content\"><h3 class=\"ultp-block-title \"><a href=\"https:\/\/www.ovigilanteonline.com.br\/site\/2026\/04\/25\/super-copa-leopoldina-de-futebol-amador-comeca-neste-fim-de-semana-com-seis-equipes\/\" >Super Copa Leopoldina de Futebol Amador come\u00e7a neste fim de semana com seis equipes<\/a><\/h3><div class=\"ultp-block-meta ultp-block-meta-dot ultp-block-meta-icon\"><\/div><\/div><\/div><\/div><div class=\"ultp-block-item post-id-452168\"><div class=\"ultp-block-content-wrap\"><div class=\"ultp-block-image ultp-block-image-opacity\"><a href=\"https:\/\/www.ovigilanteonline.com.br\/site\/2026\/04\/24\/festa-do-imigrante-italiano-transforma-leopoldina-em-rota-gastronomica\/\" ><img decoding=\"async\"  class=\"ultp-block-image-content\"  alt=\"Festa do Imigrante Italiano transforma Leopoldina em rota gastron\u00f4mica\"  src=\"https:\/\/www.ovigilanteonline.com.br\/site\/wp-content\/uploads\/2024\/05\/italiano-768x509.jpg\" \/><\/a><\/div><div class=\"ultp-block-content\"><h3 class=\"ultp-block-title \"><a href=\"https:\/\/www.ovigilanteonline.com.br\/site\/2026\/04\/24\/festa-do-imigrante-italiano-transforma-leopoldina-em-rota-gastronomica\/\" >Festa do Imigrante Italiano transforma Leopoldina em rota gastron\u00f4mica<\/a><\/h3><div class=\"ultp-block-meta ultp-block-meta-dot ultp-block-meta-icon\"><\/div><\/div><\/div><\/div><div class=\"ultp-block-item post-id-452140\"><div class=\"ultp-block-content-wrap\"><div class=\"ultp-block-image ultp-block-image-opacity\"><a href=\"https:\/\/www.ovigilanteonline.com.br\/site\/2026\/04\/23\/solneve-run-fest-tem-inscricoes-esgotadas-e-promete-movimentar-leopoldina-no-dia-26\/\" ><img decoding=\"async\"  class=\"ultp-block-image-content\"  alt=\"Sol &amp; Neve Run Fest tem inscri\u00e7\u00f5es esgotadas e promete movimentar Leopoldina no dia 26\"  src=\"https:\/\/www.ovigilanteonline.com.br\/site\/wp-content\/uploads\/2026\/04\/626565-768x539.jpg\" \/><\/a><\/div><div class=\"ultp-block-content\"><h3 class=\"ultp-block-title \"><a href=\"https:\/\/www.ovigilanteonline.com.br\/site\/2026\/04\/23\/solneve-run-fest-tem-inscricoes-esgotadas-e-promete-movimentar-leopoldina-no-dia-26\/\" >Sol &amp; Neve Run Fest tem inscri\u00e7\u00f5es esgotadas e promete movimentar Leopoldina no dia 26<\/a><\/h3><div class=\"ultp-block-meta ultp-block-meta-dot ultp-block-meta-icon\"><\/div><\/div><\/div><\/div><\/div><\/div><div class=\"pagination-block-html\" aria-hidden=\"true\" style=\"display: none;\"><\/div><\/div>","protected":false},"excerpt":{"rendered":"<p>Junho \u00e9 o m\u00eas das tradicionais festas juninas por todo o pa\u00eds. Mas para\u00a0poder comemorar o S\u00e3o Jo\u00e3o \u2018como manda o figurino\u2019\u00a0e aproveitar o \u2018arrai\u00e1\u2019\u00a0com toda e pompa e circunst\u00e2ncia que a data pede, \u00e9 importante manter aten\u00e7\u00e3o redobrada \u00e0 seguran\u00e7a com a rede el\u00e9trica.\u00a0\u202f\u00a0 Para tornar os festejos juninos mais seguros,\u00a0Victor\u00a0Rispoli, gerente de Opera\u00e7\u00f5es [&hellip;]<\/p>\n","protected":false},"author":2,"featured_media":422452,"comment_status":"open","ping_status":"open","sticky":false,"template":"","format":"standard","meta":{"footnotes":""},"categories":[1,17,19,12,26],"tags":[],"class_list":["post-422451","post","type-post","status-publish","format-standard","has-post-thumbnail","hentry","category-destaque","category-geral","category-giro-vigilante","category-regiao","category-ultimas-noticias"],"yoast_head":"<!-- This site is optimized with the Yoast SEO plugin v27.4 - https:\/\/yoast.com\/product\/yoast-seo-wordpress\/ -->\n<title>Energisa\u00a0refor\u00e7a cuidados com energia el\u00e9trica durante festejos juninos\u00a0<\/title>\n<meta name=\"robots\" content=\"index, follow, max-snippet:-1, max-image-preview:large, max-video-preview:-1\" \/>\n<link rel=\"canonical\" href=\"https:\/\/www.ovigilanteonline.com.br\/site\/2023\/06\/05\/energisa-reforca-cuidados-com-energia-eletrica-durante-festejos-juninos\/\" \/>\n<meta property=\"og:locale\" content=\"pt_BR\" \/>\n<meta property=\"og:type\" content=\"article\" \/>\n<meta property=\"og:title\" content=\"Energisa\u00a0refor\u00e7a cuidados com energia el\u00e9trica durante festejos juninos\u00a0\" \/>\n<meta property=\"og:description\" content=\"Junho \u00e9 o m\u00eas das tradicionais festas juninas por todo o pa\u00eds. Mas para\u00a0poder comemorar o S\u00e3o Jo\u00e3o \u2018como manda o figurino\u2019\u00a0e aproveitar o \u2018arrai\u00e1\u2019\u00a0com toda e pompa e circunst\u00e2ncia que a data pede, \u00e9 importante manter aten\u00e7\u00e3o redobrada \u00e0 seguran\u00e7a com a rede el\u00e9trica.\u00a0\u202f\u00a0 Para tornar os festejos juninos mais seguros,\u00a0Victor\u00a0Rispoli, gerente de Opera\u00e7\u00f5es [&hellip;]\" \/>\n<meta property=\"og:url\" content=\"https:\/\/www.ovigilanteonline.com.br\/site\/2023\/06\/05\/energisa-reforca-cuidados-com-energia-eletrica-durante-festejos-juninos\/\" \/>\n<meta property=\"og:site_name\" content=\"O VIGILANTE ONLINE\" \/>\n<meta property=\"article:publisher\" content=\"https:\/\/www.facebook.com\/ovigilanteonline\" \/>\n<meta property=\"article:published_time\" content=\"2023-06-05T15:22:28+00:00\" \/>\n<meta property=\"article:modified_time\" content=\"2023-06-08T17:41:49+00:00\" \/>\n<meta property=\"og:image\" content=\"https:\/\/www.ovigilanteonline.com.br\/site\/wp-content\/uploads\/2023\/06\/45435.jpg\" \/>\n\t<meta property=\"og:image:width\" content=\"800\" \/>\n\t<meta property=\"og:image:height\" content=\"495\" \/>\n\t<meta property=\"og:image:type\" content=\"image\/jpeg\" \/>\n<meta name=\"author\" content=\"Jornalismo\" \/>\n<meta name=\"twitter:card\" content=\"summary_large_image\" \/>\n<meta name=\"twitter:label1\" content=\"Escrito por\" \/>\n\t<meta name=\"twitter:data1\" content=\"Jornalismo\" \/>\n\t<meta name=\"twitter:label2\" content=\"Est. tempo de leitura\" \/>\n\t<meta name=\"twitter:data2\" content=\"4 minutos\" \/>\n<script type=\"application\/ld+json\" class=\"yoast-schema-graph\">{\"@context\":\"https:\\\/\\\/schema.org\",\"@graph\":[{\"@type\":\"Article\",\"@id\":\"https:\\\/\\\/www.ovigilanteonline.com.br\\\/site\\\/2023\\\/06\\\/05\\\/energisa-reforca-cuidados-com-energia-eletrica-durante-festejos-juninos\\\/#article\",\"isPartOf\":{\"@id\":\"https:\\\/\\\/www.ovigilanteonline.com.br\\\/site\\\/2023\\\/06\\\/05\\\/energisa-reforca-cuidados-com-energia-eletrica-durante-festejos-juninos\\\/\"},\"author\":{\"name\":\"Jornalismo\",\"@id\":\"https:\\\/\\\/www.ovigilanteonline.com.br\\\/site\\\/#\\\/schema\\\/person\\\/538fdfb33c0c411cd14a732e7cf14aa6\"},\"headline\":\"Energisa\u00a0refor\u00e7a cuidados com energia el\u00e9trica durante festejos juninos\u00a0\",\"datePublished\":\"2023-06-05T15:22:28+00:00\",\"dateModified\":\"2023-06-08T17:41:49+00:00\",\"mainEntityOfPage\":{\"@id\":\"https:\\\/\\\/www.ovigilanteonline.com.br\\\/site\\\/2023\\\/06\\\/05\\\/energisa-reforca-cuidados-com-energia-eletrica-durante-festejos-juninos\\\/\"},\"wordCount\":778,\"commentCount\":0,\"image\":{\"@id\":\"https:\\\/\\\/www.ovigilanteonline.com.br\\\/site\\\/2023\\\/06\\\/05\\\/energisa-reforca-cuidados-com-energia-eletrica-durante-festejos-juninos\\\/#primaryimage\"},\"thumbnailUrl\":\"https:\\\/\\\/www.ovigilanteonline.com.br\\\/site\\\/wp-content\\\/uploads\\\/2023\\\/06\\\/45435.jpg\",\"articleSection\":[\"Destaque\",\"Geral\",\"Giro Vigilante\",\"Regi\u00e3o\",\"\u00daltimas Not\u00edcias\"],\"inLanguage\":\"pt-BR\",\"potentialAction\":[{\"@type\":\"CommentAction\",\"name\":\"Comment\",\"target\":[\"https:\\\/\\\/www.ovigilanteonline.com.br\\\/site\\\/2023\\\/06\\\/05\\\/energisa-reforca-cuidados-com-energia-eletrica-durante-festejos-juninos\\\/#respond\"]}]},{\"@type\":\"WebPage\",\"@id\":\"https:\\\/\\\/www.ovigilanteonline.com.br\\\/site\\\/2023\\\/06\\\/05\\\/energisa-reforca-cuidados-com-energia-eletrica-durante-festejos-juninos\\\/\",\"url\":\"https:\\\/\\\/www.ovigilanteonline.com.br\\\/site\\\/2023\\\/06\\\/05\\\/energisa-reforca-cuidados-com-energia-eletrica-durante-festejos-juninos\\\/\",\"name\":\"Energisa\u00a0refor\u00e7a cuidados com energia el\u00e9trica durante festejos juninos\u00a0\",\"isPartOf\":{\"@id\":\"https:\\\/\\\/www.ovigilanteonline.com.br\\\/site\\\/#website\"},\"primaryImageOfPage\":{\"@id\":\"https:\\\/\\\/www.ovigilanteonline.com.br\\\/site\\\/2023\\\/06\\\/05\\\/energisa-reforca-cuidados-com-energia-eletrica-durante-festejos-juninos\\\/#primaryimage\"},\"image\":{\"@id\":\"https:\\\/\\\/www.ovigilanteonline.com.br\\\/site\\\/2023\\\/06\\\/05\\\/energisa-reforca-cuidados-com-energia-eletrica-durante-festejos-juninos\\\/#primaryimage\"},\"thumbnailUrl\":\"https:\\\/\\\/www.ovigilanteonline.com.br\\\/site\\\/wp-content\\\/uploads\\\/2023\\\/06\\\/45435.jpg\",\"datePublished\":\"2023-06-05T15:22:28+00:00\",\"dateModified\":\"2023-06-08T17:41:49+00:00\",\"author\":{\"@id\":\"https:\\\/\\\/www.ovigilanteonline.com.br\\\/site\\\/#\\\/schema\\\/person\\\/538fdfb33c0c411cd14a732e7cf14aa6\"},\"breadcrumb\":{\"@id\":\"https:\\\/\\\/www.ovigilanteonline.com.br\\\/site\\\/2023\\\/06\\\/05\\\/energisa-reforca-cuidados-com-energia-eletrica-durante-festejos-juninos\\\/#breadcrumb\"},\"inLanguage\":\"pt-BR\",\"potentialAction\":[{\"@type\":\"ReadAction\",\"target\":[\"https:\\\/\\\/www.ovigilanteonline.com.br\\\/site\\\/2023\\\/06\\\/05\\\/energisa-reforca-cuidados-com-energia-eletrica-durante-festejos-juninos\\\/\"]}]},{\"@type\":\"ImageObject\",\"inLanguage\":\"pt-BR\",\"@id\":\"https:\\\/\\\/www.ovigilanteonline.com.br\\\/site\\\/2023\\\/06\\\/05\\\/energisa-reforca-cuidados-com-energia-eletrica-durante-festejos-juninos\\\/#primaryimage\",\"url\":\"https:\\\/\\\/www.ovigilanteonline.com.br\\\/site\\\/wp-content\\\/uploads\\\/2023\\\/06\\\/45435.jpg\",\"contentUrl\":\"https:\\\/\\\/www.ovigilanteonline.com.br\\\/site\\\/wp-content\\\/uploads\\\/2023\\\/06\\\/45435.jpg\",\"width\":800,\"height\":495},{\"@type\":\"BreadcrumbList\",\"@id\":\"https:\\\/\\\/www.ovigilanteonline.com.br\\\/site\\\/2023\\\/06\\\/05\\\/energisa-reforca-cuidados-com-energia-eletrica-durante-festejos-juninos\\\/#breadcrumb\",\"itemListElement\":[{\"@type\":\"ListItem\",\"position\":1,\"name\":\"In\u00edcio\",\"item\":\"https:\\\/\\\/www.ovigilanteonline.com.br\\\/site\\\/\"},{\"@type\":\"ListItem\",\"position\":2,\"name\":\"Energisa\u00a0refor\u00e7a cuidados com energia el\u00e9trica durante festejos juninos\u00a0\"}]},{\"@type\":\"WebSite\",\"@id\":\"https:\\\/\\\/www.ovigilanteonline.com.br\\\/site\\\/#website\",\"url\":\"https:\\\/\\\/www.ovigilanteonline.com.br\\\/site\\\/\",\"name\":\"O VIGILANTE ONLINE - Not\u00edcias de Leopoldina e regi\u00e3o\",\"description\":\"\",\"potentialAction\":[{\"@type\":\"SearchAction\",\"target\":{\"@type\":\"EntryPoint\",\"urlTemplate\":\"https:\\\/\\\/www.ovigilanteonline.com.br\\\/site\\\/?s={search_term_string}\"},\"query-input\":{\"@type\":\"PropertyValueSpecification\",\"valueRequired\":true,\"valueName\":\"search_term_string\"}}],\"inLanguage\":\"pt-BR\"},{\"@type\":\"Person\",\"@id\":\"https:\\\/\\\/www.ovigilanteonline.com.br\\\/site\\\/#\\\/schema\\\/person\\\/538fdfb33c0c411cd14a732e7cf14aa6\",\"name\":\"Jornalismo\"}]}<\/script>\n<!-- \/ Yoast SEO plugin. -->","yoast_head_json":{"title":"Energisa\u00a0refor\u00e7a cuidados com energia el\u00e9trica durante festejos juninos\u00a0","robots":{"index":"index","follow":"follow","max-snippet":"max-snippet:-1","max-image-preview":"max-image-preview:large","max-video-preview":"max-video-preview:-1"},"canonical":"https:\/\/www.ovigilanteonline.com.br\/site\/2023\/06\/05\/energisa-reforca-cuidados-com-energia-eletrica-durante-festejos-juninos\/","og_locale":"pt_BR","og_type":"article","og_title":"Energisa\u00a0refor\u00e7a cuidados com energia el\u00e9trica durante festejos juninos\u00a0","og_description":"Junho \u00e9 o m\u00eas das tradicionais festas juninas por todo o pa\u00eds. Mas para\u00a0poder comemorar o S\u00e3o Jo\u00e3o \u2018como manda o figurino\u2019\u00a0e aproveitar o \u2018arrai\u00e1\u2019\u00a0com toda e pompa e circunst\u00e2ncia que a data pede, \u00e9 importante manter aten\u00e7\u00e3o redobrada \u00e0 seguran\u00e7a com a rede el\u00e9trica.\u00a0\u202f\u00a0 Para tornar os festejos juninos mais seguros,\u00a0Victor\u00a0Rispoli, gerente de Opera\u00e7\u00f5es [&hellip;]","og_url":"https:\/\/www.ovigilanteonline.com.br\/site\/2023\/06\/05\/energisa-reforca-cuidados-com-energia-eletrica-durante-festejos-juninos\/","og_site_name":"O VIGILANTE ONLINE","article_publisher":"https:\/\/www.facebook.com\/ovigilanteonline","article_published_time":"2023-06-05T15:22:28+00:00","article_modified_time":"2023-06-08T17:41:49+00:00","og_image":[{"width":800,"height":495,"url":"https:\/\/www.ovigilanteonline.com.br\/site\/wp-content\/uploads\/2023\/06\/45435.jpg","type":"image\/jpeg"}],"author":"Jornalismo","twitter_card":"summary_large_image","twitter_misc":{"Escrito por":"Jornalismo","Est. tempo de leitura":"4 minutos"},"schema":{"@context":"https:\/\/schema.org","@graph":[{"@type":"Article","@id":"https:\/\/www.ovigilanteonline.com.br\/site\/2023\/06\/05\/energisa-reforca-cuidados-com-energia-eletrica-durante-festejos-juninos\/#article","isPartOf":{"@id":"https:\/\/www.ovigilanteonline.com.br\/site\/2023\/06\/05\/energisa-reforca-cuidados-com-energia-eletrica-durante-festejos-juninos\/"},"author":{"name":"Jornalismo","@id":"https:\/\/www.ovigilanteonline.com.br\/site\/#\/schema\/person\/538fdfb33c0c411cd14a732e7cf14aa6"},"headline":"Energisa\u00a0refor\u00e7a cuidados com energia el\u00e9trica durante festejos juninos\u00a0","datePublished":"2023-06-05T15:22:28+00:00","dateModified":"2023-06-08T17:41:49+00:00","mainEntityOfPage":{"@id":"https:\/\/www.ovigilanteonline.com.br\/site\/2023\/06\/05\/energisa-reforca-cuidados-com-energia-eletrica-durante-festejos-juninos\/"},"wordCount":778,"commentCount":0,"image":{"@id":"https:\/\/www.ovigilanteonline.com.br\/site\/2023\/06\/05\/energisa-reforca-cuidados-com-energia-eletrica-durante-festejos-juninos\/#primaryimage"},"thumbnailUrl":"https:\/\/www.ovigilanteonline.com.br\/site\/wp-content\/uploads\/2023\/06\/45435.jpg","articleSection":["Destaque","Geral","Giro Vigilante","Regi\u00e3o","\u00daltimas Not\u00edcias"],"inLanguage":"pt-BR","potentialAction":[{"@type":"CommentAction","name":"Comment","target":["https:\/\/www.ovigilanteonline.com.br\/site\/2023\/06\/05\/energisa-reforca-cuidados-com-energia-eletrica-durante-festejos-juninos\/#respond"]}]},{"@type":"WebPage","@id":"https:\/\/www.ovigilanteonline.com.br\/site\/2023\/06\/05\/energisa-reforca-cuidados-com-energia-eletrica-durante-festejos-juninos\/","url":"https:\/\/www.ovigilanteonline.com.br\/site\/2023\/06\/05\/energisa-reforca-cuidados-com-energia-eletrica-durante-festejos-juninos\/","name":"Energisa\u00a0refor\u00e7a cuidados com energia el\u00e9trica durante festejos juninos\u00a0","isPartOf":{"@id":"https:\/\/www.ovigilanteonline.com.br\/site\/#website"},"primaryImageOfPage":{"@id":"https:\/\/www.ovigilanteonline.com.br\/site\/2023\/06\/05\/energisa-reforca-cuidados-com-energia-eletrica-durante-festejos-juninos\/#primaryimage"},"image":{"@id":"https:\/\/www.ovigilanteonline.com.br\/site\/2023\/06\/05\/energisa-reforca-cuidados-com-energia-eletrica-durante-festejos-juninos\/#primaryimage"},"thumbnailUrl":"https:\/\/www.ovigilanteonline.com.br\/site\/wp-content\/uploads\/2023\/06\/45435.jpg","datePublished":"2023-06-05T15:22:28+00:00","dateModified":"2023-06-08T17:41:49+00:00","author":{"@id":"https:\/\/www.ovigilanteonline.com.br\/site\/#\/schema\/person\/538fdfb33c0c411cd14a732e7cf14aa6"},"breadcrumb":{"@id":"https:\/\/www.ovigilanteonline.com.br\/site\/2023\/06\/05\/energisa-reforca-cuidados-com-energia-eletrica-durante-festejos-juninos\/#breadcrumb"},"inLanguage":"pt-BR","potentialAction":[{"@type":"ReadAction","target":["https:\/\/www.ovigilanteonline.com.br\/site\/2023\/06\/05\/energisa-reforca-cuidados-com-energia-eletrica-durante-festejos-juninos\/"]}]},{"@type":"ImageObject","inLanguage":"pt-BR","@id":"https:\/\/www.ovigilanteonline.com.br\/site\/2023\/06\/05\/energisa-reforca-cuidados-com-energia-eletrica-durante-festejos-juninos\/#primaryimage","url":"https:\/\/www.ovigilanteonline.com.br\/site\/wp-content\/uploads\/2023\/06\/45435.jpg","contentUrl":"https:\/\/www.ovigilanteonline.com.br\/site\/wp-content\/uploads\/2023\/06\/45435.jpg","width":800,"height":495},{"@type":"BreadcrumbList","@id":"https:\/\/www.ovigilanteonline.com.br\/site\/2023\/06\/05\/energisa-reforca-cuidados-com-energia-eletrica-durante-festejos-juninos\/#breadcrumb","itemListElement":[{"@type":"ListItem","position":1,"name":"In\u00edcio","item":"https:\/\/www.ovigilanteonline.com.br\/site\/"},{"@type":"ListItem","position":2,"name":"Energisa\u00a0refor\u00e7a cuidados com energia el\u00e9trica durante festejos juninos\u00a0"}]},{"@type":"WebSite","@id":"https:\/\/www.ovigilanteonline.com.br\/site\/#website","url":"https:\/\/www.ovigilanteonline.com.br\/site\/","name":"O VIGILANTE ONLINE - Not\u00edcias de Leopoldina e regi\u00e3o","description":"","potentialAction":[{"@type":"SearchAction","target":{"@type":"EntryPoint","urlTemplate":"https:\/\/www.ovigilanteonline.com.br\/site\/?s={search_term_string}"},"query-input":{"@type":"PropertyValueSpecification","valueRequired":true,"valueName":"search_term_string"}}],"inLanguage":"pt-BR"},{"@type":"Person","@id":"https:\/\/www.ovigilanteonline.com.br\/site\/#\/schema\/person\/538fdfb33c0c411cd14a732e7cf14aa6","name":"Jornalismo"}]}},"cc_featured_image_caption":{"caption_text":"Divulga\u00e7\u00e3o","source_text":"","source_url":""},"_links":{"self":[{"href":"https:\/\/www.ovigilanteonline.com.br\/site\/wp-json\/wp\/v2\/posts\/422451","targetHints":{"allow":["GET"]}}],"collection":[{"href":"https:\/\/www.ovigilanteonline.com.br\/site\/wp-json\/wp\/v2\/posts"}],"about":[{"href":"https:\/\/www.ovigilanteonline.com.br\/site\/wp-json\/wp\/v2\/types\/post"}],"author":[{"embeddable":true,"href":"https:\/\/www.ovigilanteonline.com.br\/site\/wp-json\/wp\/v2\/users\/2"}],"replies":[{"embeddable":true,"href":"https:\/\/www.ovigilanteonline.com.br\/site\/wp-json\/wp\/v2\/comments?post=422451"}],"version-history":[{"count":0,"href":"https:\/\/www.ovigilanteonline.com.br\/site\/wp-json\/wp\/v2\/posts\/422451\/revisions"}],"wp:featuredmedia":[{"embeddable":true,"href":"https:\/\/www.ovigilanteonline.com.br\/site\/wp-json\/wp\/v2\/media\/422452"}],"wp:attachment":[{"href":"https:\/\/www.ovigilanteonline.com.br\/site\/wp-json\/wp\/v2\/media?parent=422451"}],"wp:term":[{"taxonomy":"category","embeddable":true,"href":"https:\/\/www.ovigilanteonline.com.br\/site\/wp-json\/wp\/v2\/categories?post=422451"},{"taxonomy":"post_tag","embeddable":true,"href":"https:\/\/www.ovigilanteonline.com.br\/site\/wp-json\/wp\/v2\/tags?post=422451"}],"curies":[{"name":"wp","href":"https:\/\/api.w.org\/{rel}","templated":true}]}}