{"id":413987,"date":"2022-11-23T13:22:57","date_gmt":"2022-11-23T16:22:57","guid":{"rendered":"https:\/\/ovigilanteonline.com.br\/site\/?p=413987"},"modified":"2022-11-24T20:42:45","modified_gmt":"2022-11-24T23:42:45","slug":"parceria-entre-energisa-e-fundo-social-estimulo-gera-renda-a-empreendedores-mineiros","status":"publish","type":"post","link":"https:\/\/www.ovigilanteonline.com.br\/site\/2022\/11\/23\/parceria-entre-energisa-e-fundo-social-estimulo-gera-renda-a-empreendedores-mineiros\/","title":{"rendered":"Parceria entre Energisa e Fundo Social Est\u00edmulo gera renda a empreendedores mineiros"},"content":{"rendered":"\n<h3 class=\"wp-block-heading\">Com a oferta de apoio financeiro e capacita\u00e7\u00e3o, iniciativa impulsiona o desenvolvimento de pequenas empresas, gera empregos e movimenta a economia.<\/h3>\n\n\n\n<p>Com 66 pequenas e m\u00e9dias empresas mineiras beneficiadas, impactando mais de 2,4 mil pessoas direta e indiretamente, o Fundo Social Est\u00edmulo, que tem a parceria da Energisa, se consolidou como uma fonte de oportunidades para empreendedores. Lan\u00e7ado em plena pandemia de 2020, a iniciativa oferece apoio financeiro e capacita\u00e7\u00e3o totalmente acess\u00edveis a pequenas empresas, alcan\u00e7ando empres\u00e1rios de diversos Estados como Minas Gerais, S\u00e3o Paulo, Rio de Janeiro, Cear\u00e1, Santa Catarina e Pernambuco.&nbsp;&nbsp;<br>&nbsp;<br>De acordo com o diretor-executivo do Est\u00edmulo, Fabio Lesbaupin, em 2020 a Energisa fez uma doa\u00e7\u00e3o de R$ 1,9 milh\u00e3o para o projeto. Este ano a Energisa mais do que dobrou o valor e investiu mais R$ 4 milh\u00f5es. \u201cMais da metade dos recursos foram para as regi\u00f5es de baixa renda. O resultado foi a gera\u00e7\u00e3o de renda, manuten\u00e7\u00e3o de empregos, a capacita\u00e7\u00e3o de empreendedores\u201d, destaca.&nbsp;<br>&nbsp;<br>Fabio acrescenta que com um \u00edndice de adimpl\u00eancia de 97%, o Fundo Social Est\u00edmulo \u201cgera um c\u00edrculo virtuoso\u201d. A pessoa recebe o apoio financeiro e capacita\u00e7\u00e3o, que contribuem para a empresa dar resultado, impulsionando a gera\u00e7\u00e3o de renda e emprego. \u201cCom o pagamento das parcelas o empreendedor devolve o recurso, que volta para o sistema e, consequentemente, beneficia outros empreendedores, fazendo girar a economia local\u201d.&nbsp;<br>&nbsp;<br>Em Minas Gerais, o projeto j\u00e1 est\u00e1 dispon\u00edvel para 77 cidades atendidas pela Energisa na Zona da Mata e no Sul do estado, como por exemplo Cataguases, Muria\u00e9, Leopoldina, Ub\u00e1, Manhua\u00e7u, Extrema e Cambu\u00ed. Esse movimento da Energisa\/Est\u00edmulo gerou 782 empregos, e do total dos recursos disponibilizados, R$ 589 mil foram destinados a empreendedoras mulheres.&nbsp;&nbsp;<br>&nbsp;<br>\u201cNa vis\u00e3o do Est\u00edmulo, o apoio financeiro sozinho n\u00e3o faz milagres e por isso o pilar educa\u00e7\u00e3o \u00e9 estrat\u00e9gico. Quase 120 empreendedores passaram por processos de mentoria e capacita\u00e7\u00e3o online, cujos professores foram empres\u00e1rios consagrados no cen\u00e1rio brasileiro\u201d, exp\u00f5e Fabio.&nbsp;<br>&nbsp;<br>A propriet\u00e1ria de uma relojoaria de tradi\u00e7\u00e3o em Cataguases Karine Gon\u00e7alves conta que no auge da pandemia viu as vendas do seu neg\u00f3cio ca\u00edrem e as d\u00edvidas acumularem. At\u00e9 que conheceu o Est\u00edmulo e com o apoio financeiro colocou os pagamentos em dia e investiu em novos modelos de produtos, mais acess\u00edveis: \u201cinovamos e come\u00e7amos a vender pela Internet\u201d. Os resultados foram t\u00e3o positivos que o neg\u00f3cio mudou de endere\u00e7o para uma loja maior. As contas est\u00e3o equilibradas e o foco agora \u00e9 continuar crescendo.<\/p>\n\n\n\n<h3 class=\"wp-block-heading\">Totalmente acess\u00edvel\u00a0<\/h3>\n\n\n\n<p>O Est\u00edmulo \u00e9 o primeiro fundo social 100% privado e sem fins lucrativos do Brasil, com o prop\u00f3sito de apoiar pequenos empreendedores por meio de recursos financeiros e capacita\u00e7\u00e3o.\u00a0\u00a0<br>\u00a0<br>Empreendedores podem fazer uma simula\u00e7\u00e3o do apoio financeiro no site\u202f<a href=\"https:\/\/www.estimulo2020.org\/\" target=\"_blank\" rel=\"noreferrer noopener\">https:\/\/www.estimulo2020.org\/<\/a>, onde est\u00e3o dispon\u00edveis informa\u00e7\u00f5es sobre os crit\u00e9rios, depoimentos de empreendedores que solicitaram o aporte para investir em seus neg\u00f3cios, canal de d\u00favidas e muito mais.\u00a0<\/p>\n\n\n\n<p><strong>Sobre a Energisa\u00a0<br><\/strong>Com 117 anos de hist\u00f3ria, a Energisa \u00e9 o maior grupo privado com controle 100% nacional do setor el\u00e9trico brasileiro.\u00a0Somos um ecossistema de produtos e\u00a0servi\u00e7os voltado para protagonizar a transforma\u00e7\u00e3o energ\u00e9tica, conectando pessoas e empresas \u00e0 melhor solu\u00e7\u00e3o de energia e construindo um mundo mais sustent\u00e1vel.<br>\u00a0<br>Nosso portf\u00f3lio diversificado abrange 11 distribuidoras, 12 concess\u00f5es de transmiss\u00e3o, gera\u00e7\u00e3o de grande porte renov\u00e1vel, uma marca inovadora de solu\u00e7\u00f5es energ\u00e9ticas \u2013 a (re)energisa \u2013, com gera\u00e7\u00e3o distribu\u00edda por fonte renov\u00e1vel, comercializa\u00e7\u00e3o de energia no mercado livre e servi\u00e7os de valor agregado, al\u00e9m de uma central de servi\u00e7os compartilhados, uma empresa de contact center e a fintech Voltz, a primeira do nosso setor no mercado de contas digitais.<br>\u00a0<br>Transformamos energia em conforto e desenvolvimento\u00a0para mais de 20 milh\u00f5es de pessoas em 862 munic\u00edpios de todas as regi\u00f5es do pa\u00eds e geramos mais de 20 mil empregos, diretos e indiretos.<\/p>\n","protected":false},"excerpt":{"rendered":"<p>Com a oferta de apoio financeiro e capacita\u00e7\u00e3o, iniciativa impulsiona o desenvolvimento de pequenas empresas, gera empregos e movimenta a economia. Com 66 pequenas e m\u00e9dias empresas mineiras beneficiadas, impactando mais de 2,4 mil pessoas direta e indiretamente, o Fundo Social Est\u00edmulo, que tem a parceria da Energisa, se consolidou como uma fonte de oportunidades [&hellip;]<\/p>\n","protected":false},"author":2,"featured_media":413988,"comment_status":"open","ping_status":"open","sticky":false,"template":"","format":"standard","meta":{"footnotes":""},"categories":[17,19,12,26],"tags":[],"class_list":["post-413987","post","type-post","status-publish","format-standard","has-post-thumbnail","hentry","category-geral","category-giro-vigilante","category-regiao","category-ultimas-noticias"],"yoast_head":"<!-- This site is optimized with the Yoast SEO plugin v27.4 - https:\/\/yoast.com\/product\/yoast-seo-wordpress\/ -->\n<title>Parceria entre Energisa e Fundo Social Est\u00edmulo gera renda a empreendedores mineiros<\/title>\n<meta name=\"robots\" content=\"index, follow, max-snippet:-1, max-image-preview:large, max-video-preview:-1\" \/>\n<link rel=\"canonical\" href=\"https:\/\/www.ovigilanteonline.com.br\/site\/2022\/11\/23\/parceria-entre-energisa-e-fundo-social-estimulo-gera-renda-a-empreendedores-mineiros\/\" \/>\n<meta property=\"og:locale\" content=\"pt_BR\" \/>\n<meta property=\"og:type\" content=\"article\" \/>\n<meta property=\"og:title\" content=\"Parceria entre Energisa e Fundo Social Est\u00edmulo gera renda a empreendedores mineiros\" \/>\n<meta property=\"og:description\" content=\"Com a oferta de apoio financeiro e capacita\u00e7\u00e3o, iniciativa impulsiona o desenvolvimento de pequenas empresas, gera empregos e movimenta a economia. Com 66 pequenas e m\u00e9dias empresas mineiras beneficiadas, impactando mais de 2,4 mil pessoas direta e indiretamente, o Fundo Social Est\u00edmulo, que tem a parceria da Energisa, se consolidou como uma fonte de oportunidades [&hellip;]\" \/>\n<meta property=\"og:url\" content=\"https:\/\/www.ovigilanteonline.com.br\/site\/2022\/11\/23\/parceria-entre-energisa-e-fundo-social-estimulo-gera-renda-a-empreendedores-mineiros\/\" \/>\n<meta property=\"og:site_name\" content=\"O VIGILANTE ONLINE\" \/>\n<meta property=\"article:publisher\" content=\"https:\/\/www.facebook.com\/ovigilanteonline\" \/>\n<meta property=\"article:published_time\" content=\"2022-11-23T16:22:57+00:00\" \/>\n<meta property=\"article:modified_time\" content=\"2022-11-24T23:42:45+00:00\" \/>\n<meta property=\"og:image\" content=\"https:\/\/www.ovigilanteonline.com.br\/site\/wp-content\/uploads\/2022\/11\/image002-1.jpg\" \/>\n\t<meta property=\"og:image:width\" content=\"900\" \/>\n\t<meta property=\"og:image:height\" content=\"581\" \/>\n\t<meta property=\"og:image:type\" content=\"image\/jpeg\" \/>\n<meta name=\"author\" content=\"Jornalismo\" \/>\n<meta name=\"twitter:card\" content=\"summary_large_image\" \/>\n<meta name=\"twitter:label1\" content=\"Escrito por\" \/>\n\t<meta name=\"twitter:data1\" content=\"Jornalismo\" \/>\n\t<meta name=\"twitter:label2\" content=\"Est. tempo de leitura\" \/>\n\t<meta name=\"twitter:data2\" content=\"4 minutos\" \/>\n<script type=\"application\/ld+json\" class=\"yoast-schema-graph\">{\"@context\":\"https:\\\/\\\/schema.org\",\"@graph\":[{\"@type\":\"Article\",\"@id\":\"https:\\\/\\\/www.ovigilanteonline.com.br\\\/site\\\/2022\\\/11\\\/23\\\/parceria-entre-energisa-e-fundo-social-estimulo-gera-renda-a-empreendedores-mineiros\\\/#article\",\"isPartOf\":{\"@id\":\"https:\\\/\\\/www.ovigilanteonline.com.br\\\/site\\\/2022\\\/11\\\/23\\\/parceria-entre-energisa-e-fundo-social-estimulo-gera-renda-a-empreendedores-mineiros\\\/\"},\"author\":{\"name\":\"Jornalismo\",\"@id\":\"https:\\\/\\\/www.ovigilanteonline.com.br\\\/site\\\/#\\\/schema\\\/person\\\/538fdfb33c0c411cd14a732e7cf14aa6\"},\"headline\":\"Parceria entre Energisa e Fundo Social Est\u00edmulo gera renda a empreendedores mineiros\",\"datePublished\":\"2022-11-23T16:22:57+00:00\",\"dateModified\":\"2022-11-24T23:42:45+00:00\",\"mainEntityOfPage\":{\"@id\":\"https:\\\/\\\/www.ovigilanteonline.com.br\\\/site\\\/2022\\\/11\\\/23\\\/parceria-entre-energisa-e-fundo-social-estimulo-gera-renda-a-empreendedores-mineiros\\\/\"},\"wordCount\":709,\"commentCount\":0,\"image\":{\"@id\":\"https:\\\/\\\/www.ovigilanteonline.com.br\\\/site\\\/2022\\\/11\\\/23\\\/parceria-entre-energisa-e-fundo-social-estimulo-gera-renda-a-empreendedores-mineiros\\\/#primaryimage\"},\"thumbnailUrl\":\"https:\\\/\\\/www.ovigilanteonline.com.br\\\/site\\\/wp-content\\\/uploads\\\/2022\\\/11\\\/image002-1.jpg\",\"articleSection\":[\"Geral\",\"Giro Vigilante\",\"Regi\u00e3o\",\"\u00daltimas Not\u00edcias\"],\"inLanguage\":\"pt-BR\",\"potentialAction\":[{\"@type\":\"CommentAction\",\"name\":\"Comment\",\"target\":[\"https:\\\/\\\/www.ovigilanteonline.com.br\\\/site\\\/2022\\\/11\\\/23\\\/parceria-entre-energisa-e-fundo-social-estimulo-gera-renda-a-empreendedores-mineiros\\\/#respond\"]}]},{\"@type\":\"WebPage\",\"@id\":\"https:\\\/\\\/www.ovigilanteonline.com.br\\\/site\\\/2022\\\/11\\\/23\\\/parceria-entre-energisa-e-fundo-social-estimulo-gera-renda-a-empreendedores-mineiros\\\/\",\"url\":\"https:\\\/\\\/www.ovigilanteonline.com.br\\\/site\\\/2022\\\/11\\\/23\\\/parceria-entre-energisa-e-fundo-social-estimulo-gera-renda-a-empreendedores-mineiros\\\/\",\"name\":\"Parceria entre Energisa e Fundo Social Est\u00edmulo gera renda a empreendedores mineiros\",\"isPartOf\":{\"@id\":\"https:\\\/\\\/www.ovigilanteonline.com.br\\\/site\\\/#website\"},\"primaryImageOfPage\":{\"@id\":\"https:\\\/\\\/www.ovigilanteonline.com.br\\\/site\\\/2022\\\/11\\\/23\\\/parceria-entre-energisa-e-fundo-social-estimulo-gera-renda-a-empreendedores-mineiros\\\/#primaryimage\"},\"image\":{\"@id\":\"https:\\\/\\\/www.ovigilanteonline.com.br\\\/site\\\/2022\\\/11\\\/23\\\/parceria-entre-energisa-e-fundo-social-estimulo-gera-renda-a-empreendedores-mineiros\\\/#primaryimage\"},\"thumbnailUrl\":\"https:\\\/\\\/www.ovigilanteonline.com.br\\\/site\\\/wp-content\\\/uploads\\\/2022\\\/11\\\/image002-1.jpg\",\"datePublished\":\"2022-11-23T16:22:57+00:00\",\"dateModified\":\"2022-11-24T23:42:45+00:00\",\"author\":{\"@id\":\"https:\\\/\\\/www.ovigilanteonline.com.br\\\/site\\\/#\\\/schema\\\/person\\\/538fdfb33c0c411cd14a732e7cf14aa6\"},\"breadcrumb\":{\"@id\":\"https:\\\/\\\/www.ovigilanteonline.com.br\\\/site\\\/2022\\\/11\\\/23\\\/parceria-entre-energisa-e-fundo-social-estimulo-gera-renda-a-empreendedores-mineiros\\\/#breadcrumb\"},\"inLanguage\":\"pt-BR\",\"potentialAction\":[{\"@type\":\"ReadAction\",\"target\":[\"https:\\\/\\\/www.ovigilanteonline.com.br\\\/site\\\/2022\\\/11\\\/23\\\/parceria-entre-energisa-e-fundo-social-estimulo-gera-renda-a-empreendedores-mineiros\\\/\"]}]},{\"@type\":\"ImageObject\",\"inLanguage\":\"pt-BR\",\"@id\":\"https:\\\/\\\/www.ovigilanteonline.com.br\\\/site\\\/2022\\\/11\\\/23\\\/parceria-entre-energisa-e-fundo-social-estimulo-gera-renda-a-empreendedores-mineiros\\\/#primaryimage\",\"url\":\"https:\\\/\\\/www.ovigilanteonline.com.br\\\/site\\\/wp-content\\\/uploads\\\/2022\\\/11\\\/image002-1.jpg\",\"contentUrl\":\"https:\\\/\\\/www.ovigilanteonline.com.br\\\/site\\\/wp-content\\\/uploads\\\/2022\\\/11\\\/image002-1.jpg\",\"width\":900,\"height\":581},{\"@type\":\"BreadcrumbList\",\"@id\":\"https:\\\/\\\/www.ovigilanteonline.com.br\\\/site\\\/2022\\\/11\\\/23\\\/parceria-entre-energisa-e-fundo-social-estimulo-gera-renda-a-empreendedores-mineiros\\\/#breadcrumb\",\"itemListElement\":[{\"@type\":\"ListItem\",\"position\":1,\"name\":\"In\u00edcio\",\"item\":\"https:\\\/\\\/www.ovigilanteonline.com.br\\\/site\\\/\"},{\"@type\":\"ListItem\",\"position\":2,\"name\":\"Parceria entre Energisa e Fundo Social Est\u00edmulo gera renda a empreendedores mineiros\"}]},{\"@type\":\"WebSite\",\"@id\":\"https:\\\/\\\/www.ovigilanteonline.com.br\\\/site\\\/#website\",\"url\":\"https:\\\/\\\/www.ovigilanteonline.com.br\\\/site\\\/\",\"name\":\"O VIGILANTE ONLINE - Not\u00edcias de Leopoldina e regi\u00e3o\",\"description\":\"\",\"potentialAction\":[{\"@type\":\"SearchAction\",\"target\":{\"@type\":\"EntryPoint\",\"urlTemplate\":\"https:\\\/\\\/www.ovigilanteonline.com.br\\\/site\\\/?s={search_term_string}\"},\"query-input\":{\"@type\":\"PropertyValueSpecification\",\"valueRequired\":true,\"valueName\":\"search_term_string\"}}],\"inLanguage\":\"pt-BR\"},{\"@type\":\"Person\",\"@id\":\"https:\\\/\\\/www.ovigilanteonline.com.br\\\/site\\\/#\\\/schema\\\/person\\\/538fdfb33c0c411cd14a732e7cf14aa6\",\"name\":\"Jornalismo\"}]}<\/script>\n<!-- \/ Yoast SEO plugin. -->","yoast_head_json":{"title":"Parceria entre Energisa e Fundo Social Est\u00edmulo gera renda a empreendedores mineiros","robots":{"index":"index","follow":"follow","max-snippet":"max-snippet:-1","max-image-preview":"max-image-preview:large","max-video-preview":"max-video-preview:-1"},"canonical":"https:\/\/www.ovigilanteonline.com.br\/site\/2022\/11\/23\/parceria-entre-energisa-e-fundo-social-estimulo-gera-renda-a-empreendedores-mineiros\/","og_locale":"pt_BR","og_type":"article","og_title":"Parceria entre Energisa e Fundo Social Est\u00edmulo gera renda a empreendedores mineiros","og_description":"Com a oferta de apoio financeiro e capacita\u00e7\u00e3o, iniciativa impulsiona o desenvolvimento de pequenas empresas, gera empregos e movimenta a economia. Com 66 pequenas e m\u00e9dias empresas mineiras beneficiadas, impactando mais de 2,4 mil pessoas direta e indiretamente, o Fundo Social Est\u00edmulo, que tem a parceria da Energisa, se consolidou como uma fonte de oportunidades [&hellip;]","og_url":"https:\/\/www.ovigilanteonline.com.br\/site\/2022\/11\/23\/parceria-entre-energisa-e-fundo-social-estimulo-gera-renda-a-empreendedores-mineiros\/","og_site_name":"O VIGILANTE ONLINE","article_publisher":"https:\/\/www.facebook.com\/ovigilanteonline","article_published_time":"2022-11-23T16:22:57+00:00","article_modified_time":"2022-11-24T23:42:45+00:00","og_image":[{"width":900,"height":581,"url":"https:\/\/www.ovigilanteonline.com.br\/site\/wp-content\/uploads\/2022\/11\/image002-1.jpg","type":"image\/jpeg"}],"author":"Jornalismo","twitter_card":"summary_large_image","twitter_misc":{"Escrito por":"Jornalismo","Est. tempo de leitura":"4 minutos"},"schema":{"@context":"https:\/\/schema.org","@graph":[{"@type":"Article","@id":"https:\/\/www.ovigilanteonline.com.br\/site\/2022\/11\/23\/parceria-entre-energisa-e-fundo-social-estimulo-gera-renda-a-empreendedores-mineiros\/#article","isPartOf":{"@id":"https:\/\/www.ovigilanteonline.com.br\/site\/2022\/11\/23\/parceria-entre-energisa-e-fundo-social-estimulo-gera-renda-a-empreendedores-mineiros\/"},"author":{"name":"Jornalismo","@id":"https:\/\/www.ovigilanteonline.com.br\/site\/#\/schema\/person\/538fdfb33c0c411cd14a732e7cf14aa6"},"headline":"Parceria entre Energisa e Fundo Social Est\u00edmulo gera renda a empreendedores mineiros","datePublished":"2022-11-23T16:22:57+00:00","dateModified":"2022-11-24T23:42:45+00:00","mainEntityOfPage":{"@id":"https:\/\/www.ovigilanteonline.com.br\/site\/2022\/11\/23\/parceria-entre-energisa-e-fundo-social-estimulo-gera-renda-a-empreendedores-mineiros\/"},"wordCount":709,"commentCount":0,"image":{"@id":"https:\/\/www.ovigilanteonline.com.br\/site\/2022\/11\/23\/parceria-entre-energisa-e-fundo-social-estimulo-gera-renda-a-empreendedores-mineiros\/#primaryimage"},"thumbnailUrl":"https:\/\/www.ovigilanteonline.com.br\/site\/wp-content\/uploads\/2022\/11\/image002-1.jpg","articleSection":["Geral","Giro Vigilante","Regi\u00e3o","\u00daltimas Not\u00edcias"],"inLanguage":"pt-BR","potentialAction":[{"@type":"CommentAction","name":"Comment","target":["https:\/\/www.ovigilanteonline.com.br\/site\/2022\/11\/23\/parceria-entre-energisa-e-fundo-social-estimulo-gera-renda-a-empreendedores-mineiros\/#respond"]}]},{"@type":"WebPage","@id":"https:\/\/www.ovigilanteonline.com.br\/site\/2022\/11\/23\/parceria-entre-energisa-e-fundo-social-estimulo-gera-renda-a-empreendedores-mineiros\/","url":"https:\/\/www.ovigilanteonline.com.br\/site\/2022\/11\/23\/parceria-entre-energisa-e-fundo-social-estimulo-gera-renda-a-empreendedores-mineiros\/","name":"Parceria entre Energisa e Fundo Social Est\u00edmulo gera renda a empreendedores mineiros","isPartOf":{"@id":"https:\/\/www.ovigilanteonline.com.br\/site\/#website"},"primaryImageOfPage":{"@id":"https:\/\/www.ovigilanteonline.com.br\/site\/2022\/11\/23\/parceria-entre-energisa-e-fundo-social-estimulo-gera-renda-a-empreendedores-mineiros\/#primaryimage"},"image":{"@id":"https:\/\/www.ovigilanteonline.com.br\/site\/2022\/11\/23\/parceria-entre-energisa-e-fundo-social-estimulo-gera-renda-a-empreendedores-mineiros\/#primaryimage"},"thumbnailUrl":"https:\/\/www.ovigilanteonline.com.br\/site\/wp-content\/uploads\/2022\/11\/image002-1.jpg","datePublished":"2022-11-23T16:22:57+00:00","dateModified":"2022-11-24T23:42:45+00:00","author":{"@id":"https:\/\/www.ovigilanteonline.com.br\/site\/#\/schema\/person\/538fdfb33c0c411cd14a732e7cf14aa6"},"breadcrumb":{"@id":"https:\/\/www.ovigilanteonline.com.br\/site\/2022\/11\/23\/parceria-entre-energisa-e-fundo-social-estimulo-gera-renda-a-empreendedores-mineiros\/#breadcrumb"},"inLanguage":"pt-BR","potentialAction":[{"@type":"ReadAction","target":["https:\/\/www.ovigilanteonline.com.br\/site\/2022\/11\/23\/parceria-entre-energisa-e-fundo-social-estimulo-gera-renda-a-empreendedores-mineiros\/"]}]},{"@type":"ImageObject","inLanguage":"pt-BR","@id":"https:\/\/www.ovigilanteonline.com.br\/site\/2022\/11\/23\/parceria-entre-energisa-e-fundo-social-estimulo-gera-renda-a-empreendedores-mineiros\/#primaryimage","url":"https:\/\/www.ovigilanteonline.com.br\/site\/wp-content\/uploads\/2022\/11\/image002-1.jpg","contentUrl":"https:\/\/www.ovigilanteonline.com.br\/site\/wp-content\/uploads\/2022\/11\/image002-1.jpg","width":900,"height":581},{"@type":"BreadcrumbList","@id":"https:\/\/www.ovigilanteonline.com.br\/site\/2022\/11\/23\/parceria-entre-energisa-e-fundo-social-estimulo-gera-renda-a-empreendedores-mineiros\/#breadcrumb","itemListElement":[{"@type":"ListItem","position":1,"name":"In\u00edcio","item":"https:\/\/www.ovigilanteonline.com.br\/site\/"},{"@type":"ListItem","position":2,"name":"Parceria entre Energisa e Fundo Social Est\u00edmulo gera renda a empreendedores mineiros"}]},{"@type":"WebSite","@id":"https:\/\/www.ovigilanteonline.com.br\/site\/#website","url":"https:\/\/www.ovigilanteonline.com.br\/site\/","name":"O VIGILANTE ONLINE - Not\u00edcias de Leopoldina e regi\u00e3o","description":"","potentialAction":[{"@type":"SearchAction","target":{"@type":"EntryPoint","urlTemplate":"https:\/\/www.ovigilanteonline.com.br\/site\/?s={search_term_string}"},"query-input":{"@type":"PropertyValueSpecification","valueRequired":true,"valueName":"search_term_string"}}],"inLanguage":"pt-BR"},{"@type":"Person","@id":"https:\/\/www.ovigilanteonline.com.br\/site\/#\/schema\/person\/538fdfb33c0c411cd14a732e7cf14aa6","name":"Jornalismo"}]}},"cc_featured_image_caption":{"caption_text":"Esse movimento da Energisa\/Est\u00edmulo gerou 782 empregos, e do total dos recursos disponibilizados, R$ 589 mil foram destinados a empreendedoras mulheres - Foto: Energisa\/Divulga\u00e7\u00e3o\u00a0","source_text":"","source_url":""},"_links":{"self":[{"href":"https:\/\/www.ovigilanteonline.com.br\/site\/wp-json\/wp\/v2\/posts\/413987","targetHints":{"allow":["GET"]}}],"collection":[{"href":"https:\/\/www.ovigilanteonline.com.br\/site\/wp-json\/wp\/v2\/posts"}],"about":[{"href":"https:\/\/www.ovigilanteonline.com.br\/site\/wp-json\/wp\/v2\/types\/post"}],"author":[{"embeddable":true,"href":"https:\/\/www.ovigilanteonline.com.br\/site\/wp-json\/wp\/v2\/users\/2"}],"replies":[{"embeddable":true,"href":"https:\/\/www.ovigilanteonline.com.br\/site\/wp-json\/wp\/v2\/comments?post=413987"}],"version-history":[{"count":0,"href":"https:\/\/www.ovigilanteonline.com.br\/site\/wp-json\/wp\/v2\/posts\/413987\/revisions"}],"wp:featuredmedia":[{"embeddable":true,"href":"https:\/\/www.ovigilanteonline.com.br\/site\/wp-json\/wp\/v2\/media\/413988"}],"wp:attachment":[{"href":"https:\/\/www.ovigilanteonline.com.br\/site\/wp-json\/wp\/v2\/media?parent=413987"}],"wp:term":[{"taxonomy":"category","embeddable":true,"href":"https:\/\/www.ovigilanteonline.com.br\/site\/wp-json\/wp\/v2\/categories?post=413987"},{"taxonomy":"post_tag","embeddable":true,"href":"https:\/\/www.ovigilanteonline.com.br\/site\/wp-json\/wp\/v2\/tags?post=413987"}],"curies":[{"name":"wp","href":"https:\/\/api.w.org\/{rel}","templated":true}]}}