{"id":411714,"date":"2022-09-30T22:02:51","date_gmt":"2022-10-01T01:02:51","guid":{"rendered":"https:\/\/ovigilanteonline.com.br\/site\/?p=411714"},"modified":"2022-10-01T07:09:27","modified_gmt":"2022-10-01T10:09:27","slug":"eleicoes-2022-confira-a-ordem-de-votacao-na-urna-eletronica","status":"publish","type":"post","link":"https:\/\/www.ovigilanteonline.com.br\/site\/2022\/09\/30\/eleicoes-2022-confira-a-ordem-de-votacao-na-urna-eletronica\/","title":{"rendered":"Elei\u00e7\u00f5es 2022: confira a ordem de vota\u00e7\u00e3o na urna eletr\u00f4nica"},"content":{"rendered":"\n<h3 class=\"wp-block-heading\">Isso \u00e9 importante para evitar confus\u00f5es ou a anula\u00e7\u00e3o do voto.<\/h3>\n\n\n\n<p>Neste domingo, 2 de outubro, brasileiros aptos a votar v\u00e3o \u00e0s urnas para escolher representantes do Poder Executivo nas esferas federal e estadual, al\u00e9m de membros da C\u00e2mara dos Deputados, do Senado, das assembleias estaduais e da C\u00e2mara Legislativa do Distrito Federal (DF).<\/p>\n\n\n\n<p>De acordo com o Tribunal Superior Eleitoral (TSE), saber a ordem em que os votos ser\u00e3o registrados na urna eletr\u00f4nica \u00e9 importante para evitar confus\u00f5es ou mesmo a anula\u00e7\u00e3o do voto.<\/p>\n\n\n\n<p>A resolu\u00e7\u00e3o que disp\u00f5e sobre os atos gerais das elei\u00e7\u00f5es de 2022 estabelece que a vota\u00e7\u00e3o deve obedecer \u00e0 seguinte ordem: deputado federal; deputado estadual (ou distrital, no caso do DF); senador; governador; e presidente da Rep\u00fablica.<\/p>\n\n\n\n<p>A ordem, segundo a Corte, n\u00e3o pode ser alterada. Isso significa que, para votar em um candidato a presidente, por exemplo, \u00e9 preciso j\u00e1 ter votado em todos os cargos anteriores.<\/p>\n\n\n\n<p><strong>Cola<br><\/strong>O pr\u00f3prio TSE sugere que o eleitor leve uma lista com os n\u00fameros dos candidatos escolhidos j\u00e1 escritos na ordem em que eles ser\u00e3o digitados na urna.<\/p>\n\n\n\n<p>\u201cO eleitor deve ler com aten\u00e7\u00e3o na tela da urna eletr\u00f4nica o cargo que est\u00e1 sendo indicado para vota\u00e7\u00e3o. Isso porque se um n\u00famero errado for digitado \u2013 por exemplo, o n\u00famero de um deputado estadual no campo destinado para deputado federal \u2013, a urna entender\u00e1 que a pessoa deseja anular o voto\u201d.<\/p>\n\n\n\n<p><strong>Simulador<br><\/strong>O tribunal preparou um simulador de vota\u00e7\u00e3o para quem deseja estar bem treinado no momento de registrar os votos na urna.<\/p>\n\n\n\n<p>A ferramenta est\u00e1 dispon\u00edvel no site do TSE e pode ser utilizada quantas vezes o eleitor quiser. \u201cServe apenas para educar o eleitor e n\u00e3o tem nenhuma capacidade de registrar votos\u201d, refor\u00e7ou a Corte.<\/p>\n\n\n\n<p><strong>Confer\u00eancia<br><\/strong>No pleito deste ano, os eleitores ter\u00e3o tempo extra para conferir o voto na urna eletr\u00f4nica. De acordo com o TSE, pela primeira vez, o equipamento liberar\u00e1 a confirma\u00e7\u00e3o do voto (no bot\u00e3o verde Confirma) ap\u00f3s 1 segundo do preenchimento completo dos n\u00fameros dos candidatos para cada cargo.<\/p>\n\n\n\n<p>\u201cA cada uma das cinco confirma\u00e7\u00f5es de voto, a urna emitir\u00e1 um som breve. Ao fim, depois da escolha do candidato a presidente, o aparelho emitir\u00e1 o cl\u00e1ssico som, mas por um per\u00edodo mais longo\u201d, informou o tribunal. O objetivo do tempo extra \u00e9 estimular a confer\u00eancia do voto e impedir que o eleitor confirme o voto sem ter certeza de que digitou certo.<\/p>\n","protected":false},"excerpt":{"rendered":"<p>Isso \u00e9 importante para evitar confus\u00f5es ou a anula\u00e7\u00e3o do voto. Neste domingo, 2 de outubro, brasileiros aptos a votar v\u00e3o \u00e0s urnas para escolher representantes do Poder Executivo nas esferas federal e estadual, al\u00e9m de membros da C\u00e2mara dos Deputados, do Senado, das assembleias estaduais e da C\u00e2mara Legislativa do Distrito Federal (DF). De [&hellip;]<\/p>\n","protected":false},"author":2,"featured_media":411715,"comment_status":"open","ping_status":"open","sticky":false,"template":"","format":"standard","meta":{"footnotes":""},"categories":[1,26],"tags":[],"class_list":["post-411714","post","type-post","status-publish","format-standard","has-post-thumbnail","hentry","category-destaque","category-ultimas-noticias"],"yoast_head":"<!-- This site is optimized with the Yoast SEO plugin v27.4 - https:\/\/yoast.com\/product\/yoast-seo-wordpress\/ -->\n<title>Elei\u00e7\u00f5es 2022: confira a ordem de vota\u00e7\u00e3o na urna eletr\u00f4nica<\/title>\n<meta name=\"robots\" content=\"index, follow, max-snippet:-1, max-image-preview:large, max-video-preview:-1\" \/>\n<link rel=\"canonical\" href=\"https:\/\/www.ovigilanteonline.com.br\/site\/2022\/09\/30\/eleicoes-2022-confira-a-ordem-de-votacao-na-urna-eletronica\/\" \/>\n<meta property=\"og:locale\" content=\"pt_BR\" \/>\n<meta property=\"og:type\" content=\"article\" \/>\n<meta property=\"og:title\" content=\"Elei\u00e7\u00f5es 2022: confira a ordem de vota\u00e7\u00e3o na urna eletr\u00f4nica\" \/>\n<meta property=\"og:description\" content=\"Isso \u00e9 importante para evitar confus\u00f5es ou a anula\u00e7\u00e3o do voto. Neste domingo, 2 de outubro, brasileiros aptos a votar v\u00e3o \u00e0s urnas para escolher representantes do Poder Executivo nas esferas federal e estadual, al\u00e9m de membros da C\u00e2mara dos Deputados, do Senado, das assembleias estaduais e da C\u00e2mara Legislativa do Distrito Federal (DF). De [&hellip;]\" \/>\n<meta property=\"og:url\" content=\"https:\/\/www.ovigilanteonline.com.br\/site\/2022\/09\/30\/eleicoes-2022-confira-a-ordem-de-votacao-na-urna-eletronica\/\" \/>\n<meta property=\"og:site_name\" content=\"O VIGILANTE ONLINE\" \/>\n<meta property=\"article:publisher\" content=\"https:\/\/www.facebook.com\/ovigilanteonline\" \/>\n<meta property=\"article:published_time\" content=\"2022-10-01T01:02:51+00:00\" \/>\n<meta property=\"article:modified_time\" content=\"2022-10-01T10:09:27+00:00\" \/>\n<meta property=\"og:image\" content=\"https:\/\/www.ovigilanteonline.com.br\/site\/wp-content\/uploads\/2022\/09\/4urna.jpg\" \/>\n\t<meta property=\"og:image:width\" content=\"1170\" \/>\n\t<meta property=\"og:image:height\" content=\"700\" \/>\n\t<meta property=\"og:image:type\" content=\"image\/jpeg\" \/>\n<meta name=\"author\" content=\"Jornalismo\" \/>\n<meta name=\"twitter:card\" content=\"summary_large_image\" \/>\n<meta name=\"twitter:label1\" content=\"Escrito por\" \/>\n\t<meta name=\"twitter:data1\" content=\"Jornalismo\" \/>\n\t<meta name=\"twitter:label2\" content=\"Est. tempo de leitura\" \/>\n\t<meta name=\"twitter:data2\" content=\"3 minutos\" \/>\n<script type=\"application\/ld+json\" class=\"yoast-schema-graph\">{\"@context\":\"https:\\\/\\\/schema.org\",\"@graph\":[{\"@type\":\"Article\",\"@id\":\"https:\\\/\\\/www.ovigilanteonline.com.br\\\/site\\\/2022\\\/09\\\/30\\\/eleicoes-2022-confira-a-ordem-de-votacao-na-urna-eletronica\\\/#article\",\"isPartOf\":{\"@id\":\"https:\\\/\\\/www.ovigilanteonline.com.br\\\/site\\\/2022\\\/09\\\/30\\\/eleicoes-2022-confira-a-ordem-de-votacao-na-urna-eletronica\\\/\"},\"author\":{\"name\":\"Jornalismo\",\"@id\":\"https:\\\/\\\/www.ovigilanteonline.com.br\\\/site\\\/#\\\/schema\\\/person\\\/538fdfb33c0c411cd14a732e7cf14aa6\"},\"headline\":\"Elei\u00e7\u00f5es 2022: confira a ordem de vota\u00e7\u00e3o na urna eletr\u00f4nica\",\"datePublished\":\"2022-10-01T01:02:51+00:00\",\"dateModified\":\"2022-10-01T10:09:27+00:00\",\"mainEntityOfPage\":{\"@id\":\"https:\\\/\\\/www.ovigilanteonline.com.br\\\/site\\\/2022\\\/09\\\/30\\\/eleicoes-2022-confira-a-ordem-de-votacao-na-urna-eletronica\\\/\"},\"wordCount\":444,\"commentCount\":0,\"image\":{\"@id\":\"https:\\\/\\\/www.ovigilanteonline.com.br\\\/site\\\/2022\\\/09\\\/30\\\/eleicoes-2022-confira-a-ordem-de-votacao-na-urna-eletronica\\\/#primaryimage\"},\"thumbnailUrl\":\"https:\\\/\\\/www.ovigilanteonline.com.br\\\/site\\\/wp-content\\\/uploads\\\/2022\\\/09\\\/4urna.jpg\",\"articleSection\":[\"Destaque\",\"\u00daltimas Not\u00edcias\"],\"inLanguage\":\"pt-BR\",\"potentialAction\":[{\"@type\":\"CommentAction\",\"name\":\"Comment\",\"target\":[\"https:\\\/\\\/www.ovigilanteonline.com.br\\\/site\\\/2022\\\/09\\\/30\\\/eleicoes-2022-confira-a-ordem-de-votacao-na-urna-eletronica\\\/#respond\"]}]},{\"@type\":\"WebPage\",\"@id\":\"https:\\\/\\\/www.ovigilanteonline.com.br\\\/site\\\/2022\\\/09\\\/30\\\/eleicoes-2022-confira-a-ordem-de-votacao-na-urna-eletronica\\\/\",\"url\":\"https:\\\/\\\/www.ovigilanteonline.com.br\\\/site\\\/2022\\\/09\\\/30\\\/eleicoes-2022-confira-a-ordem-de-votacao-na-urna-eletronica\\\/\",\"name\":\"Elei\u00e7\u00f5es 2022: confira a ordem de vota\u00e7\u00e3o na urna eletr\u00f4nica\",\"isPartOf\":{\"@id\":\"https:\\\/\\\/www.ovigilanteonline.com.br\\\/site\\\/#website\"},\"primaryImageOfPage\":{\"@id\":\"https:\\\/\\\/www.ovigilanteonline.com.br\\\/site\\\/2022\\\/09\\\/30\\\/eleicoes-2022-confira-a-ordem-de-votacao-na-urna-eletronica\\\/#primaryimage\"},\"image\":{\"@id\":\"https:\\\/\\\/www.ovigilanteonline.com.br\\\/site\\\/2022\\\/09\\\/30\\\/eleicoes-2022-confira-a-ordem-de-votacao-na-urna-eletronica\\\/#primaryimage\"},\"thumbnailUrl\":\"https:\\\/\\\/www.ovigilanteonline.com.br\\\/site\\\/wp-content\\\/uploads\\\/2022\\\/09\\\/4urna.jpg\",\"datePublished\":\"2022-10-01T01:02:51+00:00\",\"dateModified\":\"2022-10-01T10:09:27+00:00\",\"author\":{\"@id\":\"https:\\\/\\\/www.ovigilanteonline.com.br\\\/site\\\/#\\\/schema\\\/person\\\/538fdfb33c0c411cd14a732e7cf14aa6\"},\"breadcrumb\":{\"@id\":\"https:\\\/\\\/www.ovigilanteonline.com.br\\\/site\\\/2022\\\/09\\\/30\\\/eleicoes-2022-confira-a-ordem-de-votacao-na-urna-eletronica\\\/#breadcrumb\"},\"inLanguage\":\"pt-BR\",\"potentialAction\":[{\"@type\":\"ReadAction\",\"target\":[\"https:\\\/\\\/www.ovigilanteonline.com.br\\\/site\\\/2022\\\/09\\\/30\\\/eleicoes-2022-confira-a-ordem-de-votacao-na-urna-eletronica\\\/\"]}]},{\"@type\":\"ImageObject\",\"inLanguage\":\"pt-BR\",\"@id\":\"https:\\\/\\\/www.ovigilanteonline.com.br\\\/site\\\/2022\\\/09\\\/30\\\/eleicoes-2022-confira-a-ordem-de-votacao-na-urna-eletronica\\\/#primaryimage\",\"url\":\"https:\\\/\\\/www.ovigilanteonline.com.br\\\/site\\\/wp-content\\\/uploads\\\/2022\\\/09\\\/4urna.jpg\",\"contentUrl\":\"https:\\\/\\\/www.ovigilanteonline.com.br\\\/site\\\/wp-content\\\/uploads\\\/2022\\\/09\\\/4urna.jpg\",\"width\":1170,\"height\":700,\"caption\":\"T\u00e9cnicos do TRE-DF realizam a confer\u00eancia e a lacra\u00e7\u00e3o de urnas eletr\u00f4nicas para o 1\u00ba turno das Elei\u00e7\u00f5es 2022.\"},{\"@type\":\"BreadcrumbList\",\"@id\":\"https:\\\/\\\/www.ovigilanteonline.com.br\\\/site\\\/2022\\\/09\\\/30\\\/eleicoes-2022-confira-a-ordem-de-votacao-na-urna-eletronica\\\/#breadcrumb\",\"itemListElement\":[{\"@type\":\"ListItem\",\"position\":1,\"name\":\"In\u00edcio\",\"item\":\"https:\\\/\\\/www.ovigilanteonline.com.br\\\/site\\\/\"},{\"@type\":\"ListItem\",\"position\":2,\"name\":\"Elei\u00e7\u00f5es 2022: confira a ordem de vota\u00e7\u00e3o na urna eletr\u00f4nica\"}]},{\"@type\":\"WebSite\",\"@id\":\"https:\\\/\\\/www.ovigilanteonline.com.br\\\/site\\\/#website\",\"url\":\"https:\\\/\\\/www.ovigilanteonline.com.br\\\/site\\\/\",\"name\":\"O VIGILANTE ONLINE - Not\u00edcias de Leopoldina e regi\u00e3o\",\"description\":\"\",\"potentialAction\":[{\"@type\":\"SearchAction\",\"target\":{\"@type\":\"EntryPoint\",\"urlTemplate\":\"https:\\\/\\\/www.ovigilanteonline.com.br\\\/site\\\/?s={search_term_string}\"},\"query-input\":{\"@type\":\"PropertyValueSpecification\",\"valueRequired\":true,\"valueName\":\"search_term_string\"}}],\"inLanguage\":\"pt-BR\"},{\"@type\":\"Person\",\"@id\":\"https:\\\/\\\/www.ovigilanteonline.com.br\\\/site\\\/#\\\/schema\\\/person\\\/538fdfb33c0c411cd14a732e7cf14aa6\",\"name\":\"Jornalismo\"}]}<\/script>\n<!-- \/ Yoast SEO plugin. -->","yoast_head_json":{"title":"Elei\u00e7\u00f5es 2022: confira a ordem de vota\u00e7\u00e3o na urna eletr\u00f4nica","robots":{"index":"index","follow":"follow","max-snippet":"max-snippet:-1","max-image-preview":"max-image-preview:large","max-video-preview":"max-video-preview:-1"},"canonical":"https:\/\/www.ovigilanteonline.com.br\/site\/2022\/09\/30\/eleicoes-2022-confira-a-ordem-de-votacao-na-urna-eletronica\/","og_locale":"pt_BR","og_type":"article","og_title":"Elei\u00e7\u00f5es 2022: confira a ordem de vota\u00e7\u00e3o na urna eletr\u00f4nica","og_description":"Isso \u00e9 importante para evitar confus\u00f5es ou a anula\u00e7\u00e3o do voto. Neste domingo, 2 de outubro, brasileiros aptos a votar v\u00e3o \u00e0s urnas para escolher representantes do Poder Executivo nas esferas federal e estadual, al\u00e9m de membros da C\u00e2mara dos Deputados, do Senado, das assembleias estaduais e da C\u00e2mara Legislativa do Distrito Federal (DF). De [&hellip;]","og_url":"https:\/\/www.ovigilanteonline.com.br\/site\/2022\/09\/30\/eleicoes-2022-confira-a-ordem-de-votacao-na-urna-eletronica\/","og_site_name":"O VIGILANTE ONLINE","article_publisher":"https:\/\/www.facebook.com\/ovigilanteonline","article_published_time":"2022-10-01T01:02:51+00:00","article_modified_time":"2022-10-01T10:09:27+00:00","og_image":[{"width":1170,"height":700,"url":"https:\/\/www.ovigilanteonline.com.br\/site\/wp-content\/uploads\/2022\/09\/4urna.jpg","type":"image\/jpeg"}],"author":"Jornalismo","twitter_card":"summary_large_image","twitter_misc":{"Escrito por":"Jornalismo","Est. tempo de leitura":"3 minutos"},"schema":{"@context":"https:\/\/schema.org","@graph":[{"@type":"Article","@id":"https:\/\/www.ovigilanteonline.com.br\/site\/2022\/09\/30\/eleicoes-2022-confira-a-ordem-de-votacao-na-urna-eletronica\/#article","isPartOf":{"@id":"https:\/\/www.ovigilanteonline.com.br\/site\/2022\/09\/30\/eleicoes-2022-confira-a-ordem-de-votacao-na-urna-eletronica\/"},"author":{"name":"Jornalismo","@id":"https:\/\/www.ovigilanteonline.com.br\/site\/#\/schema\/person\/538fdfb33c0c411cd14a732e7cf14aa6"},"headline":"Elei\u00e7\u00f5es 2022: confira a ordem de vota\u00e7\u00e3o na urna eletr\u00f4nica","datePublished":"2022-10-01T01:02:51+00:00","dateModified":"2022-10-01T10:09:27+00:00","mainEntityOfPage":{"@id":"https:\/\/www.ovigilanteonline.com.br\/site\/2022\/09\/30\/eleicoes-2022-confira-a-ordem-de-votacao-na-urna-eletronica\/"},"wordCount":444,"commentCount":0,"image":{"@id":"https:\/\/www.ovigilanteonline.com.br\/site\/2022\/09\/30\/eleicoes-2022-confira-a-ordem-de-votacao-na-urna-eletronica\/#primaryimage"},"thumbnailUrl":"https:\/\/www.ovigilanteonline.com.br\/site\/wp-content\/uploads\/2022\/09\/4urna.jpg","articleSection":["Destaque","\u00daltimas Not\u00edcias"],"inLanguage":"pt-BR","potentialAction":[{"@type":"CommentAction","name":"Comment","target":["https:\/\/www.ovigilanteonline.com.br\/site\/2022\/09\/30\/eleicoes-2022-confira-a-ordem-de-votacao-na-urna-eletronica\/#respond"]}]},{"@type":"WebPage","@id":"https:\/\/www.ovigilanteonline.com.br\/site\/2022\/09\/30\/eleicoes-2022-confira-a-ordem-de-votacao-na-urna-eletronica\/","url":"https:\/\/www.ovigilanteonline.com.br\/site\/2022\/09\/30\/eleicoes-2022-confira-a-ordem-de-votacao-na-urna-eletronica\/","name":"Elei\u00e7\u00f5es 2022: confira a ordem de vota\u00e7\u00e3o na urna eletr\u00f4nica","isPartOf":{"@id":"https:\/\/www.ovigilanteonline.com.br\/site\/#website"},"primaryImageOfPage":{"@id":"https:\/\/www.ovigilanteonline.com.br\/site\/2022\/09\/30\/eleicoes-2022-confira-a-ordem-de-votacao-na-urna-eletronica\/#primaryimage"},"image":{"@id":"https:\/\/www.ovigilanteonline.com.br\/site\/2022\/09\/30\/eleicoes-2022-confira-a-ordem-de-votacao-na-urna-eletronica\/#primaryimage"},"thumbnailUrl":"https:\/\/www.ovigilanteonline.com.br\/site\/wp-content\/uploads\/2022\/09\/4urna.jpg","datePublished":"2022-10-01T01:02:51+00:00","dateModified":"2022-10-01T10:09:27+00:00","author":{"@id":"https:\/\/www.ovigilanteonline.com.br\/site\/#\/schema\/person\/538fdfb33c0c411cd14a732e7cf14aa6"},"breadcrumb":{"@id":"https:\/\/www.ovigilanteonline.com.br\/site\/2022\/09\/30\/eleicoes-2022-confira-a-ordem-de-votacao-na-urna-eletronica\/#breadcrumb"},"inLanguage":"pt-BR","potentialAction":[{"@type":"ReadAction","target":["https:\/\/www.ovigilanteonline.com.br\/site\/2022\/09\/30\/eleicoes-2022-confira-a-ordem-de-votacao-na-urna-eletronica\/"]}]},{"@type":"ImageObject","inLanguage":"pt-BR","@id":"https:\/\/www.ovigilanteonline.com.br\/site\/2022\/09\/30\/eleicoes-2022-confira-a-ordem-de-votacao-na-urna-eletronica\/#primaryimage","url":"https:\/\/www.ovigilanteonline.com.br\/site\/wp-content\/uploads\/2022\/09\/4urna.jpg","contentUrl":"https:\/\/www.ovigilanteonline.com.br\/site\/wp-content\/uploads\/2022\/09\/4urna.jpg","width":1170,"height":700,"caption":"T\u00e9cnicos do TRE-DF realizam a confer\u00eancia e a lacra\u00e7\u00e3o de urnas eletr\u00f4nicas para o 1\u00ba turno das Elei\u00e7\u00f5es 2022."},{"@type":"BreadcrumbList","@id":"https:\/\/www.ovigilanteonline.com.br\/site\/2022\/09\/30\/eleicoes-2022-confira-a-ordem-de-votacao-na-urna-eletronica\/#breadcrumb","itemListElement":[{"@type":"ListItem","position":1,"name":"In\u00edcio","item":"https:\/\/www.ovigilanteonline.com.br\/site\/"},{"@type":"ListItem","position":2,"name":"Elei\u00e7\u00f5es 2022: confira a ordem de vota\u00e7\u00e3o na urna eletr\u00f4nica"}]},{"@type":"WebSite","@id":"https:\/\/www.ovigilanteonline.com.br\/site\/#website","url":"https:\/\/www.ovigilanteonline.com.br\/site\/","name":"O VIGILANTE ONLINE - Not\u00edcias de Leopoldina e regi\u00e3o","description":"","potentialAction":[{"@type":"SearchAction","target":{"@type":"EntryPoint","urlTemplate":"https:\/\/www.ovigilanteonline.com.br\/site\/?s={search_term_string}"},"query-input":{"@type":"PropertyValueSpecification","valueRequired":true,"valueName":"search_term_string"}}],"inLanguage":"pt-BR"},{"@type":"Person","@id":"https:\/\/www.ovigilanteonline.com.br\/site\/#\/schema\/person\/538fdfb33c0c411cd14a732e7cf14aa6","name":"Jornalismo"}]}},"cc_featured_image_caption":{"caption_text":"","source_text":"","source_url":""},"_links":{"self":[{"href":"https:\/\/www.ovigilanteonline.com.br\/site\/wp-json\/wp\/v2\/posts\/411714","targetHints":{"allow":["GET"]}}],"collection":[{"href":"https:\/\/www.ovigilanteonline.com.br\/site\/wp-json\/wp\/v2\/posts"}],"about":[{"href":"https:\/\/www.ovigilanteonline.com.br\/site\/wp-json\/wp\/v2\/types\/post"}],"author":[{"embeddable":true,"href":"https:\/\/www.ovigilanteonline.com.br\/site\/wp-json\/wp\/v2\/users\/2"}],"replies":[{"embeddable":true,"href":"https:\/\/www.ovigilanteonline.com.br\/site\/wp-json\/wp\/v2\/comments?post=411714"}],"version-history":[{"count":0,"href":"https:\/\/www.ovigilanteonline.com.br\/site\/wp-json\/wp\/v2\/posts\/411714\/revisions"}],"wp:featuredmedia":[{"embeddable":true,"href":"https:\/\/www.ovigilanteonline.com.br\/site\/wp-json\/wp\/v2\/media\/411715"}],"wp:attachment":[{"href":"https:\/\/www.ovigilanteonline.com.br\/site\/wp-json\/wp\/v2\/media?parent=411714"}],"wp:term":[{"taxonomy":"category","embeddable":true,"href":"https:\/\/www.ovigilanteonline.com.br\/site\/wp-json\/wp\/v2\/categories?post=411714"},{"taxonomy":"post_tag","embeddable":true,"href":"https:\/\/www.ovigilanteonline.com.br\/site\/wp-json\/wp\/v2\/tags?post=411714"}],"curies":[{"name":"wp","href":"https:\/\/api.w.org\/{rel}","templated":true}]}}