{"id":410933,"date":"2022-09-06T13:38:57","date_gmt":"2022-09-06T16:38:57","guid":{"rendered":"https:\/\/ovigilanteonline.com.br\/site\/?p=410933"},"modified":"2022-09-06T13:41:08","modified_gmt":"2022-09-06T16:41:08","slug":"prefeitura-de-leopoldina-interdita-tres-ruas-do-centro-nesta-terca","status":"publish","type":"post","link":"https:\/\/www.ovigilanteonline.com.br\/site\/2022\/09\/06\/prefeitura-de-leopoldina-interdita-tres-ruas-do-centro-nesta-terca\/","title":{"rendered":"Prefeitura de Leopoldina interdita tr\u00eas ruas do Centro nesta ter\u00e7a"},"content":{"rendered":"\n<p>A Prefeitura de Leopoldina, por meio do Departamento de Tr\u00e2nsito, informa que tr\u00eas ruas do centro da cidade ser\u00e3o interditadas para o tr\u00e1fego nesta ter\u00e7a-feira, dia 6, a partir das 17h30.<\/p>\n\n\n\n<p>A interven\u00e7\u00e3o ser\u00e1 feita para a inaugura\u00e7\u00e3o do monumento em homenagem \u00e0 Princesa Leopoldina e ser\u00e3o fechadas as seguintes ruas: Jos\u00e9 Peres (lateral da Pra\u00e7a F\u00e9lix Martins), Dr. Cust\u00f3dio Junqueira e Gabriel Andrade Junqueira.<\/p>\n\n\n\n<p>Toda a \u00e1rea ser\u00e1 devidamente sinalizada e contar\u00e1 com a presen\u00e7a de agentes de tr\u00e2nsito. <\/p>\n\n\n\n<p>O ponto de \u00f4nibus na rua Dr.Cust\u00f3dio Junqueira tamb\u00e9m estar\u00e1 desativado neste per\u00edodo.<\/p>\n\n\n\n<p><strong>Leia tamb\u00e9m:<\/strong><\/p>\n\n\n\n<figure class=\"wp-block-embed is-type-wp-embed is-provider-o-vigilante-online wp-block-embed-o-vigilante-online\"><div class=\"wp-block-embed__wrapper\">\n<blockquote class=\"wp-embedded-content\" data-secret=\"dqtE3UFeQn\"><a href=\"https:\/\/www.ovigilanteonline.com.br\/site\/2022\/09\/04\/monumento-em-homenagem-a-princesa-leopoldina-sera-inaugurado-nesta-terca-feira\/\">Monumento em homenagem \u00e0 Princesa Leopoldina ser\u00e1 inaugurado nesta ter\u00e7a-feira<\/a><\/blockquote><iframe loading=\"lazy\" class=\"wp-embedded-content\" sandbox=\"allow-scripts\" security=\"restricted\" style=\"position: absolute; clip: rect(1px, 1px, 1px, 1px);\" title=\"&#8220;Monumento em homenagem \u00e0 Princesa Leopoldina ser\u00e1 inaugurado nesta ter\u00e7a-feira&#8221; &#8212; O VIGILANTE ONLINE\" src=\"https:\/\/www.ovigilanteonline.com.br\/site\/2022\/09\/04\/monumento-em-homenagem-a-princesa-leopoldina-sera-inaugurado-nesta-terca-feira\/embed\/#?secret=KeSHXEkOCu#?secret=dqtE3UFeQn\" data-secret=\"dqtE3UFeQn\" width=\"600\" height=\"338\" frameborder=\"0\" marginwidth=\"0\" marginheight=\"0\" scrolling=\"no\"><\/iframe>\n<\/div><\/figure>\n","protected":false},"excerpt":{"rendered":"<p>A Prefeitura de Leopoldina, por meio do Departamento de Tr\u00e2nsito, informa que tr\u00eas ruas do centro da cidade ser\u00e3o interditadas para o tr\u00e1fego nesta ter\u00e7a-feira, dia 6, a partir das 17h30. A interven\u00e7\u00e3o ser\u00e1 feita para a inaugura\u00e7\u00e3o do monumento em homenagem \u00e0 Princesa Leopoldina e ser\u00e3o fechadas as seguintes ruas: Jos\u00e9 Peres (lateral da [&hellip;]<\/p>\n","protected":false},"author":2,"featured_media":410934,"comment_status":"open","ping_status":"open","sticky":false,"template":"","format":"standard","meta":{"footnotes":""},"categories":[1,26],"tags":[],"class_list":["post-410933","post","type-post","status-publish","format-standard","has-post-thumbnail","hentry","category-destaque","category-ultimas-noticias"],"yoast_head":"<!-- This site is optimized with the Yoast SEO plugin v27.4 - https:\/\/yoast.com\/product\/yoast-seo-wordpress\/ -->\n<title>Prefeitura de Leopoldina interdita tr\u00eas ruas do Centro nesta ter\u00e7a<\/title>\n<meta name=\"robots\" content=\"index, follow, max-snippet:-1, max-image-preview:large, max-video-preview:-1\" \/>\n<link rel=\"canonical\" href=\"https:\/\/www.ovigilanteonline.com.br\/site\/2022\/09\/06\/prefeitura-de-leopoldina-interdita-tres-ruas-do-centro-nesta-terca\/\" \/>\n<meta property=\"og:locale\" content=\"pt_BR\" \/>\n<meta property=\"og:type\" content=\"article\" \/>\n<meta property=\"og:title\" content=\"Prefeitura de Leopoldina interdita tr\u00eas ruas do Centro nesta ter\u00e7a\" \/>\n<meta property=\"og:description\" content=\"A Prefeitura de Leopoldina, por meio do Departamento de Tr\u00e2nsito, informa que tr\u00eas ruas do centro da cidade ser\u00e3o interditadas para o tr\u00e1fego nesta ter\u00e7a-feira, dia 6, a partir das 17h30. A interven\u00e7\u00e3o ser\u00e1 feita para a inaugura\u00e7\u00e3o do monumento em homenagem \u00e0 Princesa Leopoldina e ser\u00e3o fechadas as seguintes ruas: Jos\u00e9 Peres (lateral da [&hellip;]\" \/>\n<meta property=\"og:url\" content=\"https:\/\/www.ovigilanteonline.com.br\/site\/2022\/09\/06\/prefeitura-de-leopoldina-interdita-tres-ruas-do-centro-nesta-terca\/\" \/>\n<meta property=\"og:site_name\" content=\"O VIGILANTE ONLINE\" \/>\n<meta property=\"article:publisher\" content=\"https:\/\/www.facebook.com\/ovigilanteonline\" \/>\n<meta property=\"article:published_time\" content=\"2022-09-06T16:38:57+00:00\" \/>\n<meta property=\"article:modified_time\" content=\"2022-09-06T16:41:08+00:00\" \/>\n<meta property=\"og:image\" content=\"https:\/\/www.ovigilanteonline.com.br\/site\/wp-content\/uploads\/2022\/09\/WhatsApp-Image-2022-09-06-at-13.35.11.jpeg\" \/>\n\t<meta property=\"og:image:width\" content=\"900\" \/>\n\t<meta property=\"og:image:height\" content=\"489\" \/>\n\t<meta property=\"og:image:type\" content=\"image\/jpeg\" \/>\n<meta name=\"author\" content=\"Jornalismo\" \/>\n<meta name=\"twitter:card\" content=\"summary_large_image\" \/>\n<meta name=\"twitter:label1\" content=\"Escrito por\" \/>\n\t<meta name=\"twitter:data1\" content=\"Jornalismo\" \/>\n\t<meta name=\"twitter:label2\" content=\"Est. tempo de leitura\" \/>\n\t<meta name=\"twitter:data2\" content=\"1 minuto\" \/>\n<script type=\"application\/ld+json\" class=\"yoast-schema-graph\">{\"@context\":\"https:\\\/\\\/schema.org\",\"@graph\":[{\"@type\":\"Article\",\"@id\":\"https:\\\/\\\/www.ovigilanteonline.com.br\\\/site\\\/2022\\\/09\\\/06\\\/prefeitura-de-leopoldina-interdita-tres-ruas-do-centro-nesta-terca\\\/#article\",\"isPartOf\":{\"@id\":\"https:\\\/\\\/www.ovigilanteonline.com.br\\\/site\\\/2022\\\/09\\\/06\\\/prefeitura-de-leopoldina-interdita-tres-ruas-do-centro-nesta-terca\\\/\"},\"author\":{\"name\":\"Jornalismo\",\"@id\":\"https:\\\/\\\/www.ovigilanteonline.com.br\\\/site\\\/#\\\/schema\\\/person\\\/538fdfb33c0c411cd14a732e7cf14aa6\"},\"headline\":\"Prefeitura de Leopoldina interdita tr\u00eas ruas do Centro nesta ter\u00e7a\",\"datePublished\":\"2022-09-06T16:38:57+00:00\",\"dateModified\":\"2022-09-06T16:41:08+00:00\",\"mainEntityOfPage\":{\"@id\":\"https:\\\/\\\/www.ovigilanteonline.com.br\\\/site\\\/2022\\\/09\\\/06\\\/prefeitura-de-leopoldina-interdita-tres-ruas-do-centro-nesta-terca\\\/\"},\"wordCount\":129,\"commentCount\":0,\"image\":{\"@id\":\"https:\\\/\\\/www.ovigilanteonline.com.br\\\/site\\\/2022\\\/09\\\/06\\\/prefeitura-de-leopoldina-interdita-tres-ruas-do-centro-nesta-terca\\\/#primaryimage\"},\"thumbnailUrl\":\"https:\\\/\\\/www.ovigilanteonline.com.br\\\/site\\\/wp-content\\\/uploads\\\/2022\\\/09\\\/WhatsApp-Image-2022-09-06-at-13.35.11.jpeg\",\"articleSection\":[\"Destaque\",\"\u00daltimas Not\u00edcias\"],\"inLanguage\":\"pt-BR\",\"potentialAction\":[{\"@type\":\"CommentAction\",\"name\":\"Comment\",\"target\":[\"https:\\\/\\\/www.ovigilanteonline.com.br\\\/site\\\/2022\\\/09\\\/06\\\/prefeitura-de-leopoldina-interdita-tres-ruas-do-centro-nesta-terca\\\/#respond\"]}]},{\"@type\":\"WebPage\",\"@id\":\"https:\\\/\\\/www.ovigilanteonline.com.br\\\/site\\\/2022\\\/09\\\/06\\\/prefeitura-de-leopoldina-interdita-tres-ruas-do-centro-nesta-terca\\\/\",\"url\":\"https:\\\/\\\/www.ovigilanteonline.com.br\\\/site\\\/2022\\\/09\\\/06\\\/prefeitura-de-leopoldina-interdita-tres-ruas-do-centro-nesta-terca\\\/\",\"name\":\"Prefeitura de Leopoldina interdita tr\u00eas ruas do Centro nesta ter\u00e7a\",\"isPartOf\":{\"@id\":\"https:\\\/\\\/www.ovigilanteonline.com.br\\\/site\\\/#website\"},\"primaryImageOfPage\":{\"@id\":\"https:\\\/\\\/www.ovigilanteonline.com.br\\\/site\\\/2022\\\/09\\\/06\\\/prefeitura-de-leopoldina-interdita-tres-ruas-do-centro-nesta-terca\\\/#primaryimage\"},\"image\":{\"@id\":\"https:\\\/\\\/www.ovigilanteonline.com.br\\\/site\\\/2022\\\/09\\\/06\\\/prefeitura-de-leopoldina-interdita-tres-ruas-do-centro-nesta-terca\\\/#primaryimage\"},\"thumbnailUrl\":\"https:\\\/\\\/www.ovigilanteonline.com.br\\\/site\\\/wp-content\\\/uploads\\\/2022\\\/09\\\/WhatsApp-Image-2022-09-06-at-13.35.11.jpeg\",\"datePublished\":\"2022-09-06T16:38:57+00:00\",\"dateModified\":\"2022-09-06T16:41:08+00:00\",\"author\":{\"@id\":\"https:\\\/\\\/www.ovigilanteonline.com.br\\\/site\\\/#\\\/schema\\\/person\\\/538fdfb33c0c411cd14a732e7cf14aa6\"},\"breadcrumb\":{\"@id\":\"https:\\\/\\\/www.ovigilanteonline.com.br\\\/site\\\/2022\\\/09\\\/06\\\/prefeitura-de-leopoldina-interdita-tres-ruas-do-centro-nesta-terca\\\/#breadcrumb\"},\"inLanguage\":\"pt-BR\",\"potentialAction\":[{\"@type\":\"ReadAction\",\"target\":[\"https:\\\/\\\/www.ovigilanteonline.com.br\\\/site\\\/2022\\\/09\\\/06\\\/prefeitura-de-leopoldina-interdita-tres-ruas-do-centro-nesta-terca\\\/\"]}]},{\"@type\":\"ImageObject\",\"inLanguage\":\"pt-BR\",\"@id\":\"https:\\\/\\\/www.ovigilanteonline.com.br\\\/site\\\/2022\\\/09\\\/06\\\/prefeitura-de-leopoldina-interdita-tres-ruas-do-centro-nesta-terca\\\/#primaryimage\",\"url\":\"https:\\\/\\\/www.ovigilanteonline.com.br\\\/site\\\/wp-content\\\/uploads\\\/2022\\\/09\\\/WhatsApp-Image-2022-09-06-at-13.35.11.jpeg\",\"contentUrl\":\"https:\\\/\\\/www.ovigilanteonline.com.br\\\/site\\\/wp-content\\\/uploads\\\/2022\\\/09\\\/WhatsApp-Image-2022-09-06-at-13.35.11.jpeg\",\"width\":900,\"height\":489},{\"@type\":\"BreadcrumbList\",\"@id\":\"https:\\\/\\\/www.ovigilanteonline.com.br\\\/site\\\/2022\\\/09\\\/06\\\/prefeitura-de-leopoldina-interdita-tres-ruas-do-centro-nesta-terca\\\/#breadcrumb\",\"itemListElement\":[{\"@type\":\"ListItem\",\"position\":1,\"name\":\"In\u00edcio\",\"item\":\"https:\\\/\\\/www.ovigilanteonline.com.br\\\/site\\\/\"},{\"@type\":\"ListItem\",\"position\":2,\"name\":\"Prefeitura de Leopoldina interdita tr\u00eas ruas do Centro nesta ter\u00e7a\"}]},{\"@type\":\"WebSite\",\"@id\":\"https:\\\/\\\/www.ovigilanteonline.com.br\\\/site\\\/#website\",\"url\":\"https:\\\/\\\/www.ovigilanteonline.com.br\\\/site\\\/\",\"name\":\"O VIGILANTE ONLINE - Not\u00edcias de Leopoldina e regi\u00e3o\",\"description\":\"\",\"potentialAction\":[{\"@type\":\"SearchAction\",\"target\":{\"@type\":\"EntryPoint\",\"urlTemplate\":\"https:\\\/\\\/www.ovigilanteonline.com.br\\\/site\\\/?s={search_term_string}\"},\"query-input\":{\"@type\":\"PropertyValueSpecification\",\"valueRequired\":true,\"valueName\":\"search_term_string\"}}],\"inLanguage\":\"pt-BR\"},{\"@type\":\"Person\",\"@id\":\"https:\\\/\\\/www.ovigilanteonline.com.br\\\/site\\\/#\\\/schema\\\/person\\\/538fdfb33c0c411cd14a732e7cf14aa6\",\"name\":\"Jornalismo\"}]}<\/script>\n<!-- \/ Yoast SEO plugin. -->","yoast_head_json":{"title":"Prefeitura de Leopoldina interdita tr\u00eas ruas do Centro nesta ter\u00e7a","robots":{"index":"index","follow":"follow","max-snippet":"max-snippet:-1","max-image-preview":"max-image-preview:large","max-video-preview":"max-video-preview:-1"},"canonical":"https:\/\/www.ovigilanteonline.com.br\/site\/2022\/09\/06\/prefeitura-de-leopoldina-interdita-tres-ruas-do-centro-nesta-terca\/","og_locale":"pt_BR","og_type":"article","og_title":"Prefeitura de Leopoldina interdita tr\u00eas ruas do Centro nesta ter\u00e7a","og_description":"A Prefeitura de Leopoldina, por meio do Departamento de Tr\u00e2nsito, informa que tr\u00eas ruas do centro da cidade ser\u00e3o interditadas para o tr\u00e1fego nesta ter\u00e7a-feira, dia 6, a partir das 17h30. A interven\u00e7\u00e3o ser\u00e1 feita para a inaugura\u00e7\u00e3o do monumento em homenagem \u00e0 Princesa Leopoldina e ser\u00e3o fechadas as seguintes ruas: Jos\u00e9 Peres (lateral da [&hellip;]","og_url":"https:\/\/www.ovigilanteonline.com.br\/site\/2022\/09\/06\/prefeitura-de-leopoldina-interdita-tres-ruas-do-centro-nesta-terca\/","og_site_name":"O VIGILANTE ONLINE","article_publisher":"https:\/\/www.facebook.com\/ovigilanteonline","article_published_time":"2022-09-06T16:38:57+00:00","article_modified_time":"2022-09-06T16:41:08+00:00","og_image":[{"width":900,"height":489,"url":"https:\/\/www.ovigilanteonline.com.br\/site\/wp-content\/uploads\/2022\/09\/WhatsApp-Image-2022-09-06-at-13.35.11.jpeg","type":"image\/jpeg"}],"author":"Jornalismo","twitter_card":"summary_large_image","twitter_misc":{"Escrito por":"Jornalismo","Est. tempo de leitura":"1 minuto"},"schema":{"@context":"https:\/\/schema.org","@graph":[{"@type":"Article","@id":"https:\/\/www.ovigilanteonline.com.br\/site\/2022\/09\/06\/prefeitura-de-leopoldina-interdita-tres-ruas-do-centro-nesta-terca\/#article","isPartOf":{"@id":"https:\/\/www.ovigilanteonline.com.br\/site\/2022\/09\/06\/prefeitura-de-leopoldina-interdita-tres-ruas-do-centro-nesta-terca\/"},"author":{"name":"Jornalismo","@id":"https:\/\/www.ovigilanteonline.com.br\/site\/#\/schema\/person\/538fdfb33c0c411cd14a732e7cf14aa6"},"headline":"Prefeitura de Leopoldina interdita tr\u00eas ruas do Centro nesta ter\u00e7a","datePublished":"2022-09-06T16:38:57+00:00","dateModified":"2022-09-06T16:41:08+00:00","mainEntityOfPage":{"@id":"https:\/\/www.ovigilanteonline.com.br\/site\/2022\/09\/06\/prefeitura-de-leopoldina-interdita-tres-ruas-do-centro-nesta-terca\/"},"wordCount":129,"commentCount":0,"image":{"@id":"https:\/\/www.ovigilanteonline.com.br\/site\/2022\/09\/06\/prefeitura-de-leopoldina-interdita-tres-ruas-do-centro-nesta-terca\/#primaryimage"},"thumbnailUrl":"https:\/\/www.ovigilanteonline.com.br\/site\/wp-content\/uploads\/2022\/09\/WhatsApp-Image-2022-09-06-at-13.35.11.jpeg","articleSection":["Destaque","\u00daltimas Not\u00edcias"],"inLanguage":"pt-BR","potentialAction":[{"@type":"CommentAction","name":"Comment","target":["https:\/\/www.ovigilanteonline.com.br\/site\/2022\/09\/06\/prefeitura-de-leopoldina-interdita-tres-ruas-do-centro-nesta-terca\/#respond"]}]},{"@type":"WebPage","@id":"https:\/\/www.ovigilanteonline.com.br\/site\/2022\/09\/06\/prefeitura-de-leopoldina-interdita-tres-ruas-do-centro-nesta-terca\/","url":"https:\/\/www.ovigilanteonline.com.br\/site\/2022\/09\/06\/prefeitura-de-leopoldina-interdita-tres-ruas-do-centro-nesta-terca\/","name":"Prefeitura de Leopoldina interdita tr\u00eas ruas do Centro nesta ter\u00e7a","isPartOf":{"@id":"https:\/\/www.ovigilanteonline.com.br\/site\/#website"},"primaryImageOfPage":{"@id":"https:\/\/www.ovigilanteonline.com.br\/site\/2022\/09\/06\/prefeitura-de-leopoldina-interdita-tres-ruas-do-centro-nesta-terca\/#primaryimage"},"image":{"@id":"https:\/\/www.ovigilanteonline.com.br\/site\/2022\/09\/06\/prefeitura-de-leopoldina-interdita-tres-ruas-do-centro-nesta-terca\/#primaryimage"},"thumbnailUrl":"https:\/\/www.ovigilanteonline.com.br\/site\/wp-content\/uploads\/2022\/09\/WhatsApp-Image-2022-09-06-at-13.35.11.jpeg","datePublished":"2022-09-06T16:38:57+00:00","dateModified":"2022-09-06T16:41:08+00:00","author":{"@id":"https:\/\/www.ovigilanteonline.com.br\/site\/#\/schema\/person\/538fdfb33c0c411cd14a732e7cf14aa6"},"breadcrumb":{"@id":"https:\/\/www.ovigilanteonline.com.br\/site\/2022\/09\/06\/prefeitura-de-leopoldina-interdita-tres-ruas-do-centro-nesta-terca\/#breadcrumb"},"inLanguage":"pt-BR","potentialAction":[{"@type":"ReadAction","target":["https:\/\/www.ovigilanteonline.com.br\/site\/2022\/09\/06\/prefeitura-de-leopoldina-interdita-tres-ruas-do-centro-nesta-terca\/"]}]},{"@type":"ImageObject","inLanguage":"pt-BR","@id":"https:\/\/www.ovigilanteonline.com.br\/site\/2022\/09\/06\/prefeitura-de-leopoldina-interdita-tres-ruas-do-centro-nesta-terca\/#primaryimage","url":"https:\/\/www.ovigilanteonline.com.br\/site\/wp-content\/uploads\/2022\/09\/WhatsApp-Image-2022-09-06-at-13.35.11.jpeg","contentUrl":"https:\/\/www.ovigilanteonline.com.br\/site\/wp-content\/uploads\/2022\/09\/WhatsApp-Image-2022-09-06-at-13.35.11.jpeg","width":900,"height":489},{"@type":"BreadcrumbList","@id":"https:\/\/www.ovigilanteonline.com.br\/site\/2022\/09\/06\/prefeitura-de-leopoldina-interdita-tres-ruas-do-centro-nesta-terca\/#breadcrumb","itemListElement":[{"@type":"ListItem","position":1,"name":"In\u00edcio","item":"https:\/\/www.ovigilanteonline.com.br\/site\/"},{"@type":"ListItem","position":2,"name":"Prefeitura de Leopoldina interdita tr\u00eas ruas do Centro nesta ter\u00e7a"}]},{"@type":"WebSite","@id":"https:\/\/www.ovigilanteonline.com.br\/site\/#website","url":"https:\/\/www.ovigilanteonline.com.br\/site\/","name":"O VIGILANTE ONLINE - Not\u00edcias de Leopoldina e regi\u00e3o","description":"","potentialAction":[{"@type":"SearchAction","target":{"@type":"EntryPoint","urlTemplate":"https:\/\/www.ovigilanteonline.com.br\/site\/?s={search_term_string}"},"query-input":{"@type":"PropertyValueSpecification","valueRequired":true,"valueName":"search_term_string"}}],"inLanguage":"pt-BR"},{"@type":"Person","@id":"https:\/\/www.ovigilanteonline.com.br\/site\/#\/schema\/person\/538fdfb33c0c411cd14a732e7cf14aa6","name":"Jornalismo"}]}},"cc_featured_image_caption":{"caption_text":"O Vigilante Online ","source_text":"","source_url":""},"_links":{"self":[{"href":"https:\/\/www.ovigilanteonline.com.br\/site\/wp-json\/wp\/v2\/posts\/410933","targetHints":{"allow":["GET"]}}],"collection":[{"href":"https:\/\/www.ovigilanteonline.com.br\/site\/wp-json\/wp\/v2\/posts"}],"about":[{"href":"https:\/\/www.ovigilanteonline.com.br\/site\/wp-json\/wp\/v2\/types\/post"}],"author":[{"embeddable":true,"href":"https:\/\/www.ovigilanteonline.com.br\/site\/wp-json\/wp\/v2\/users\/2"}],"replies":[{"embeddable":true,"href":"https:\/\/www.ovigilanteonline.com.br\/site\/wp-json\/wp\/v2\/comments?post=410933"}],"version-history":[{"count":0,"href":"https:\/\/www.ovigilanteonline.com.br\/site\/wp-json\/wp\/v2\/posts\/410933\/revisions"}],"wp:featuredmedia":[{"embeddable":true,"href":"https:\/\/www.ovigilanteonline.com.br\/site\/wp-json\/wp\/v2\/media\/410934"}],"wp:attachment":[{"href":"https:\/\/www.ovigilanteonline.com.br\/site\/wp-json\/wp\/v2\/media?parent=410933"}],"wp:term":[{"taxonomy":"category","embeddable":true,"href":"https:\/\/www.ovigilanteonline.com.br\/site\/wp-json\/wp\/v2\/categories?post=410933"},{"taxonomy":"post_tag","embeddable":true,"href":"https:\/\/www.ovigilanteonline.com.br\/site\/wp-json\/wp\/v2\/tags?post=410933"}],"curies":[{"name":"wp","href":"https:\/\/api.w.org\/{rel}","templated":true}]}}