{"id":410821,"date":"2022-09-04T21:41:49","date_gmt":"2022-09-05T00:41:49","guid":{"rendered":"https:\/\/ovigilanteonline.com.br\/site\/?p=410821"},"modified":"2022-09-04T21:48:53","modified_gmt":"2022-09-05T00:48:53","slug":"ministro-do-stf-suspende-aplicacao-do-piso-nacional-da-enfermagem-2","status":"publish","type":"post","link":"https:\/\/www.ovigilanteonline.com.br\/site\/2022\/09\/04\/ministro-do-stf-suspende-aplicacao-do-piso-nacional-da-enfermagem-2\/","title":{"rendered":"Ministro do STF suspende aplica\u00e7\u00e3o do piso nacional da enfermagem"},"content":{"rendered":"\n<h3 class=\"wp-block-heading\">Entes p\u00fablicos e privados tem 60 dias para informar impacto financeiro.<\/h3>\n\n\n\n<p>O ministro do Supremo Tribunal Federal (STF) Lu\u00eds Roberto Barroso suspendeu neste domingo (4) o piso salarial nacional da enfermagem e deu prazo de 60 dias para entes p\u00fablicos e privados da \u00e1rea da sa\u00fade esclarecerem o impacto financeiro do piso salarial, os riscos para empregabilidade no setor e eventual redu\u00e7\u00e3o na qualidade dos servi\u00e7os. A informa\u00e7\u00e3o foi divulgada pela assessoria do STF.<\/p>\n\n\n\n<p>A decis\u00e3o cautelar do ministro foi concedida no \u00e2mbito da A\u00e7\u00e3o Direta de Inconstitucionalidade (ADI) 7222 e ser\u00e1 levada a referendo no plen\u00e1rio virtual do STF nos pr\u00f3ximos dias. Ao final do prazo e mediante as informa\u00e7\u00f5es, o caso ser\u00e1 reavaliado por Barroso. A a\u00e7\u00e3o foi apresentada pela Confedera\u00e7\u00e3o Nacional de Sa\u00fade, Hospitais e Estabelecimentos e Servi\u00e7os (CNSa\u00fade), que questionou a constitucionalidade da Lei 14.434\/2022, que estabeleceu os novos pisos salariais.<\/p>\n\n\n\n<p>Entre outros pontos, a CNSa\u00fade alegou que a lei seria inconstitucional porque a regra que define remunera\u00e7\u00e3o de servidores \u00e9 de iniciativa privativa do chefe do Executivo, o que n\u00e3o ocorreu, e que a norma desrespeitou a auto-organiza\u00e7\u00e3o financeira, administrativa e or\u00e7ament\u00e1ria dos entes subnacionais<\/p>\n\n\n\n<p>Sancionada h\u00e1 exatamente um m\u00eas pelo presidente Jair Bolsonaro, a lei institui o piso salarial nacional para enfermeiros, t\u00e9cnicos de enfermagem, auxiliares de enfermagem e parteiras. No caso dos primeiros, o piso previsto \u00e9 de R$ 4.750. Para t\u00e9cnicos, o valor corresponde a 70% do piso, enquanto auxiliares e parteiras ter\u00e3o direito a 50%.<\/p>\n\n\n\n<p>O piso nacional vale para contratados sob o regime da CLT e para servidores das tr\u00eas esferas (Uni\u00e3o, estados e munic\u00edpios), inclusive autarquias e funda\u00e7\u00f5es. O texto foi aprovado pelo Congresso Nacional em julho, atendendo uma reivindica\u00e7\u00e3o hist\u00f3rica da categoria, que representa cerca de 2,6 milh\u00f5es de trabalhadores.<\/p>\n\n\n\n<p><strong>Impactos<br><\/strong>Na liminar concedida neste domingo, Barroso ressaltou a import\u00e2ncia da valoriza\u00e7\u00e3o dos profissionais de enfermagem, mas destacou que \u201c\u00e9 preciso atentar, neste momento, aos eventuais impactos negativos da ado\u00e7\u00e3o dos pisos salariais impugnados\u201d.<\/p>\n\n\n\n<p>\u201cTrata-se de ponto que merece esclarecimento antes que se possa cogitar da aplica\u00e7\u00e3o da lei\u201d, acrescentou. Ainda segundo o magistrado, houve desequil\u00edbrio na divis\u00e3o dos custos do reajuste salarial, j\u00e1 que repasses de recursos p\u00fablicos para procedimentos de sa\u00fade seguem com taxas desatualizadas.<\/p>\n\n\n\n<p>\u201cNo fundo, afigura-se plaus\u00edvel o argumento de que o Legislativo aprovou o projeto e o Executivo o sancionou sem cuidarem das provid\u00eancias que viabilizariam a sua execu\u00e7\u00e3o, como, por exemplo, o aumento da tabela de reembolso do SUS \u00e0 rede conveniada. Nessa hip\u00f3tese, teriam querido ter o b\u00f4nus da benesse sem o \u00f4nus do aumento das pr\u00f3prias despesas, terceirizando a conta.\u201d<\/p>\n\n\n\n<p>Ser\u00e3o intimados a prestar informa\u00e7\u00f5es no prazo de 60 dias sobre o impacto financeiro da norma os 26 estados e o Distrito Federal, a Confedera\u00e7\u00e3o Nacional dos Munic\u00edpios (CNM) e o Minist\u00e9rio da Economia.<\/p>\n\n\n\n<p>J\u00e1 o Minist\u00e9rio do Trabalho e a Confedera\u00e7\u00e3o Nacional dos Trabalhadores na Sa\u00fade (CNTS) ter\u00e3o que informar detalhadamente sobre os riscos de demiss\u00f5es. Por fim, o Minist\u00e9rio da Sa\u00fade, conselhos da \u00e1rea da sa\u00fade e a Federa\u00e7\u00e3o Brasileira de Hospitais (FBH) precisar\u00e3o esclarecer sobre o alegado risco de fechamento de leitos e redu\u00e7\u00e3o nos quadros de enfermeiros e t\u00e9cnicos.<\/p>\n\n\n\n<p><strong>Repercuss\u00e3o<br><\/strong>Pelo Twitter, o presidente da C\u00e2mara dos Deputados, Arthur Lira, manifestou desacordo com a decis\u00e3o do ministro Barroso. &#8220;Respeito as decis\u00f5es judiciais, mas n\u00e3o concordo com o m\u00e9rito em rela\u00e7\u00e3o ao piso salarial dos enfermeiros. S\u00e3o profissionais que t\u00eam direito ao piso e podem contar comigo para continuarmos na luta pela manuten\u00e7\u00e3o do que foi decidido em plen\u00e1rio.&#8221;<\/p>\n\n\n\n<p>O relator do projeto de lei no Senado, senador Fabiano Contarato, tamb\u00e9m usou as redes sociais para criticar a decis\u00e3o cautelar. &#8220;Os m\u00e9dicos t\u00eam piso salarial quatro vezes maior, e o Judici\u00e1rio jamais vetou esta medida. Os enfermeiros conquistaram a duras penas esse direito por decis\u00e3o do Poder Legislativo e do Poder Executivo, em ampla e democr\u00e1tica mobiliza\u00e7\u00e3o.&#8221;<\/p>\n\n\n\n<p><strong>Ag\u00eancia Brasil<\/strong><\/p>\n","protected":false},"excerpt":{"rendered":"<p>Entes p\u00fablicos e privados tem 60 dias para informar impacto financeiro. O ministro do Supremo Tribunal Federal (STF) Lu\u00eds Roberto Barroso suspendeu neste domingo (4) o piso salarial nacional da enfermagem e deu prazo de 60 dias para entes p\u00fablicos e privados da \u00e1rea da sa\u00fade esclarecerem o impacto financeiro do piso salarial, os riscos [&hellip;]<\/p>\n","protected":false},"author":2,"featured_media":386785,"comment_status":"open","ping_status":"open","sticky":false,"template":"","format":"standard","meta":{"footnotes":""},"categories":[1],"tags":[],"class_list":["post-410821","post","type-post","status-publish","format-standard","has-post-thumbnail","hentry","category-destaque"],"yoast_head":"<!-- This site is optimized with the Yoast SEO plugin v27.4 - https:\/\/yoast.com\/product\/yoast-seo-wordpress\/ -->\n<title>Ministro do STF suspende aplica\u00e7\u00e3o do piso nacional da enfermagem<\/title>\n<meta name=\"robots\" content=\"index, follow, max-snippet:-1, max-image-preview:large, max-video-preview:-1\" \/>\n<link rel=\"canonical\" href=\"https:\/\/www.ovigilanteonline.com.br\/site\/2022\/09\/04\/ministro-do-stf-suspende-aplicacao-do-piso-nacional-da-enfermagem-2\/\" \/>\n<meta property=\"og:locale\" content=\"pt_BR\" \/>\n<meta property=\"og:type\" content=\"article\" \/>\n<meta property=\"og:title\" content=\"Ministro do STF suspende aplica\u00e7\u00e3o do piso nacional da enfermagem\" \/>\n<meta property=\"og:description\" content=\"Entes p\u00fablicos e privados tem 60 dias para informar impacto financeiro. O ministro do Supremo Tribunal Federal (STF) Lu\u00eds Roberto Barroso suspendeu neste domingo (4) o piso salarial nacional da enfermagem e deu prazo de 60 dias para entes p\u00fablicos e privados da \u00e1rea da sa\u00fade esclarecerem o impacto financeiro do piso salarial, os riscos [&hellip;]\" \/>\n<meta property=\"og:url\" content=\"https:\/\/www.ovigilanteonline.com.br\/site\/2022\/09\/04\/ministro-do-stf-suspende-aplicacao-do-piso-nacional-da-enfermagem-2\/\" \/>\n<meta property=\"og:site_name\" content=\"O VIGILANTE ONLINE\" \/>\n<meta property=\"article:publisher\" content=\"https:\/\/www.facebook.com\/ovigilanteonline\" \/>\n<meta property=\"article:published_time\" content=\"2022-09-05T00:41:49+00:00\" \/>\n<meta property=\"article:modified_time\" content=\"2022-09-05T00:48:53+00:00\" \/>\n<meta property=\"og:image\" content=\"https:\/\/www.ovigilanteonline.com.br\/site\/wp-content\/uploads\/2021\/05\/enfermagem.jpg\" \/>\n\t<meta property=\"og:image:width\" content=\"800\" \/>\n\t<meta property=\"og:image:height\" content=\"479\" \/>\n\t<meta property=\"og:image:type\" content=\"image\/jpeg\" \/>\n<meta name=\"author\" content=\"Jornalismo\" \/>\n<meta name=\"twitter:card\" content=\"summary_large_image\" \/>\n<meta name=\"twitter:label1\" content=\"Escrito por\" \/>\n\t<meta name=\"twitter:data1\" content=\"Jornalismo\" \/>\n\t<meta name=\"twitter:label2\" content=\"Est. tempo de leitura\" \/>\n\t<meta name=\"twitter:data2\" content=\"4 minutos\" \/>\n<script type=\"application\/ld+json\" class=\"yoast-schema-graph\">{\"@context\":\"https:\\\/\\\/schema.org\",\"@graph\":[{\"@type\":\"Article\",\"@id\":\"https:\\\/\\\/www.ovigilanteonline.com.br\\\/site\\\/2022\\\/09\\\/04\\\/ministro-do-stf-suspende-aplicacao-do-piso-nacional-da-enfermagem-2\\\/#article\",\"isPartOf\":{\"@id\":\"https:\\\/\\\/www.ovigilanteonline.com.br\\\/site\\\/2022\\\/09\\\/04\\\/ministro-do-stf-suspende-aplicacao-do-piso-nacional-da-enfermagem-2\\\/\"},\"author\":{\"name\":\"Jornalismo\",\"@id\":\"https:\\\/\\\/www.ovigilanteonline.com.br\\\/site\\\/#\\\/schema\\\/person\\\/538fdfb33c0c411cd14a732e7cf14aa6\"},\"headline\":\"Ministro do STF suspende aplica\u00e7\u00e3o do piso nacional da enfermagem\",\"datePublished\":\"2022-09-05T00:41:49+00:00\",\"dateModified\":\"2022-09-05T00:48:53+00:00\",\"mainEntityOfPage\":{\"@id\":\"https:\\\/\\\/www.ovigilanteonline.com.br\\\/site\\\/2022\\\/09\\\/04\\\/ministro-do-stf-suspende-aplicacao-do-piso-nacional-da-enfermagem-2\\\/\"},\"wordCount\":723,\"commentCount\":0,\"image\":{\"@id\":\"https:\\\/\\\/www.ovigilanteonline.com.br\\\/site\\\/2022\\\/09\\\/04\\\/ministro-do-stf-suspende-aplicacao-do-piso-nacional-da-enfermagem-2\\\/#primaryimage\"},\"thumbnailUrl\":\"https:\\\/\\\/www.ovigilanteonline.com.br\\\/site\\\/wp-content\\\/uploads\\\/2021\\\/05\\\/enfermagem.jpg\",\"articleSection\":[\"Destaque\"],\"inLanguage\":\"pt-BR\",\"potentialAction\":[{\"@type\":\"CommentAction\",\"name\":\"Comment\",\"target\":[\"https:\\\/\\\/www.ovigilanteonline.com.br\\\/site\\\/2022\\\/09\\\/04\\\/ministro-do-stf-suspende-aplicacao-do-piso-nacional-da-enfermagem-2\\\/#respond\"]}]},{\"@type\":\"WebPage\",\"@id\":\"https:\\\/\\\/www.ovigilanteonline.com.br\\\/site\\\/2022\\\/09\\\/04\\\/ministro-do-stf-suspende-aplicacao-do-piso-nacional-da-enfermagem-2\\\/\",\"url\":\"https:\\\/\\\/www.ovigilanteonline.com.br\\\/site\\\/2022\\\/09\\\/04\\\/ministro-do-stf-suspende-aplicacao-do-piso-nacional-da-enfermagem-2\\\/\",\"name\":\"Ministro do STF suspende aplica\u00e7\u00e3o do piso nacional da enfermagem\",\"isPartOf\":{\"@id\":\"https:\\\/\\\/www.ovigilanteonline.com.br\\\/site\\\/#website\"},\"primaryImageOfPage\":{\"@id\":\"https:\\\/\\\/www.ovigilanteonline.com.br\\\/site\\\/2022\\\/09\\\/04\\\/ministro-do-stf-suspende-aplicacao-do-piso-nacional-da-enfermagem-2\\\/#primaryimage\"},\"image\":{\"@id\":\"https:\\\/\\\/www.ovigilanteonline.com.br\\\/site\\\/2022\\\/09\\\/04\\\/ministro-do-stf-suspende-aplicacao-do-piso-nacional-da-enfermagem-2\\\/#primaryimage\"},\"thumbnailUrl\":\"https:\\\/\\\/www.ovigilanteonline.com.br\\\/site\\\/wp-content\\\/uploads\\\/2021\\\/05\\\/enfermagem.jpg\",\"datePublished\":\"2022-09-05T00:41:49+00:00\",\"dateModified\":\"2022-09-05T00:48:53+00:00\",\"author\":{\"@id\":\"https:\\\/\\\/www.ovigilanteonline.com.br\\\/site\\\/#\\\/schema\\\/person\\\/538fdfb33c0c411cd14a732e7cf14aa6\"},\"breadcrumb\":{\"@id\":\"https:\\\/\\\/www.ovigilanteonline.com.br\\\/site\\\/2022\\\/09\\\/04\\\/ministro-do-stf-suspende-aplicacao-do-piso-nacional-da-enfermagem-2\\\/#breadcrumb\"},\"inLanguage\":\"pt-BR\",\"potentialAction\":[{\"@type\":\"ReadAction\",\"target\":[\"https:\\\/\\\/www.ovigilanteonline.com.br\\\/site\\\/2022\\\/09\\\/04\\\/ministro-do-stf-suspende-aplicacao-do-piso-nacional-da-enfermagem-2\\\/\"]}]},{\"@type\":\"ImageObject\",\"inLanguage\":\"pt-BR\",\"@id\":\"https:\\\/\\\/www.ovigilanteonline.com.br\\\/site\\\/2022\\\/09\\\/04\\\/ministro-do-stf-suspende-aplicacao-do-piso-nacional-da-enfermagem-2\\\/#primaryimage\",\"url\":\"https:\\\/\\\/www.ovigilanteonline.com.br\\\/site\\\/wp-content\\\/uploads\\\/2021\\\/05\\\/enfermagem.jpg\",\"contentUrl\":\"https:\\\/\\\/www.ovigilanteonline.com.br\\\/site\\\/wp-content\\\/uploads\\\/2021\\\/05\\\/enfermagem.jpg\",\"width\":800,\"height\":479},{\"@type\":\"BreadcrumbList\",\"@id\":\"https:\\\/\\\/www.ovigilanteonline.com.br\\\/site\\\/2022\\\/09\\\/04\\\/ministro-do-stf-suspende-aplicacao-do-piso-nacional-da-enfermagem-2\\\/#breadcrumb\",\"itemListElement\":[{\"@type\":\"ListItem\",\"position\":1,\"name\":\"In\u00edcio\",\"item\":\"https:\\\/\\\/www.ovigilanteonline.com.br\\\/site\\\/\"},{\"@type\":\"ListItem\",\"position\":2,\"name\":\"Ministro do STF suspende aplica\u00e7\u00e3o do piso nacional da enfermagem\"}]},{\"@type\":\"WebSite\",\"@id\":\"https:\\\/\\\/www.ovigilanteonline.com.br\\\/site\\\/#website\",\"url\":\"https:\\\/\\\/www.ovigilanteonline.com.br\\\/site\\\/\",\"name\":\"O VIGILANTE ONLINE - Not\u00edcias de Leopoldina e regi\u00e3o\",\"description\":\"\",\"potentialAction\":[{\"@type\":\"SearchAction\",\"target\":{\"@type\":\"EntryPoint\",\"urlTemplate\":\"https:\\\/\\\/www.ovigilanteonline.com.br\\\/site\\\/?s={search_term_string}\"},\"query-input\":{\"@type\":\"PropertyValueSpecification\",\"valueRequired\":true,\"valueName\":\"search_term_string\"}}],\"inLanguage\":\"pt-BR\"},{\"@type\":\"Person\",\"@id\":\"https:\\\/\\\/www.ovigilanteonline.com.br\\\/site\\\/#\\\/schema\\\/person\\\/538fdfb33c0c411cd14a732e7cf14aa6\",\"name\":\"Jornalismo\"}]}<\/script>\n<!-- \/ Yoast SEO plugin. -->","yoast_head_json":{"title":"Ministro do STF suspende aplica\u00e7\u00e3o do piso nacional da enfermagem","robots":{"index":"index","follow":"follow","max-snippet":"max-snippet:-1","max-image-preview":"max-image-preview:large","max-video-preview":"max-video-preview:-1"},"canonical":"https:\/\/www.ovigilanteonline.com.br\/site\/2022\/09\/04\/ministro-do-stf-suspende-aplicacao-do-piso-nacional-da-enfermagem-2\/","og_locale":"pt_BR","og_type":"article","og_title":"Ministro do STF suspende aplica\u00e7\u00e3o do piso nacional da enfermagem","og_description":"Entes p\u00fablicos e privados tem 60 dias para informar impacto financeiro. O ministro do Supremo Tribunal Federal (STF) Lu\u00eds Roberto Barroso suspendeu neste domingo (4) o piso salarial nacional da enfermagem e deu prazo de 60 dias para entes p\u00fablicos e privados da \u00e1rea da sa\u00fade esclarecerem o impacto financeiro do piso salarial, os riscos [&hellip;]","og_url":"https:\/\/www.ovigilanteonline.com.br\/site\/2022\/09\/04\/ministro-do-stf-suspende-aplicacao-do-piso-nacional-da-enfermagem-2\/","og_site_name":"O VIGILANTE ONLINE","article_publisher":"https:\/\/www.facebook.com\/ovigilanteonline","article_published_time":"2022-09-05T00:41:49+00:00","article_modified_time":"2022-09-05T00:48:53+00:00","og_image":[{"width":800,"height":479,"url":"https:\/\/www.ovigilanteonline.com.br\/site\/wp-content\/uploads\/2021\/05\/enfermagem.jpg","type":"image\/jpeg"}],"author":"Jornalismo","twitter_card":"summary_large_image","twitter_misc":{"Escrito por":"Jornalismo","Est. tempo de leitura":"4 minutos"},"schema":{"@context":"https:\/\/schema.org","@graph":[{"@type":"Article","@id":"https:\/\/www.ovigilanteonline.com.br\/site\/2022\/09\/04\/ministro-do-stf-suspende-aplicacao-do-piso-nacional-da-enfermagem-2\/#article","isPartOf":{"@id":"https:\/\/www.ovigilanteonline.com.br\/site\/2022\/09\/04\/ministro-do-stf-suspende-aplicacao-do-piso-nacional-da-enfermagem-2\/"},"author":{"name":"Jornalismo","@id":"https:\/\/www.ovigilanteonline.com.br\/site\/#\/schema\/person\/538fdfb33c0c411cd14a732e7cf14aa6"},"headline":"Ministro do STF suspende aplica\u00e7\u00e3o do piso nacional da enfermagem","datePublished":"2022-09-05T00:41:49+00:00","dateModified":"2022-09-05T00:48:53+00:00","mainEntityOfPage":{"@id":"https:\/\/www.ovigilanteonline.com.br\/site\/2022\/09\/04\/ministro-do-stf-suspende-aplicacao-do-piso-nacional-da-enfermagem-2\/"},"wordCount":723,"commentCount":0,"image":{"@id":"https:\/\/www.ovigilanteonline.com.br\/site\/2022\/09\/04\/ministro-do-stf-suspende-aplicacao-do-piso-nacional-da-enfermagem-2\/#primaryimage"},"thumbnailUrl":"https:\/\/www.ovigilanteonline.com.br\/site\/wp-content\/uploads\/2021\/05\/enfermagem.jpg","articleSection":["Destaque"],"inLanguage":"pt-BR","potentialAction":[{"@type":"CommentAction","name":"Comment","target":["https:\/\/www.ovigilanteonline.com.br\/site\/2022\/09\/04\/ministro-do-stf-suspende-aplicacao-do-piso-nacional-da-enfermagem-2\/#respond"]}]},{"@type":"WebPage","@id":"https:\/\/www.ovigilanteonline.com.br\/site\/2022\/09\/04\/ministro-do-stf-suspende-aplicacao-do-piso-nacional-da-enfermagem-2\/","url":"https:\/\/www.ovigilanteonline.com.br\/site\/2022\/09\/04\/ministro-do-stf-suspende-aplicacao-do-piso-nacional-da-enfermagem-2\/","name":"Ministro do STF suspende aplica\u00e7\u00e3o do piso nacional da enfermagem","isPartOf":{"@id":"https:\/\/www.ovigilanteonline.com.br\/site\/#website"},"primaryImageOfPage":{"@id":"https:\/\/www.ovigilanteonline.com.br\/site\/2022\/09\/04\/ministro-do-stf-suspende-aplicacao-do-piso-nacional-da-enfermagem-2\/#primaryimage"},"image":{"@id":"https:\/\/www.ovigilanteonline.com.br\/site\/2022\/09\/04\/ministro-do-stf-suspende-aplicacao-do-piso-nacional-da-enfermagem-2\/#primaryimage"},"thumbnailUrl":"https:\/\/www.ovigilanteonline.com.br\/site\/wp-content\/uploads\/2021\/05\/enfermagem.jpg","datePublished":"2022-09-05T00:41:49+00:00","dateModified":"2022-09-05T00:48:53+00:00","author":{"@id":"https:\/\/www.ovigilanteonline.com.br\/site\/#\/schema\/person\/538fdfb33c0c411cd14a732e7cf14aa6"},"breadcrumb":{"@id":"https:\/\/www.ovigilanteonline.com.br\/site\/2022\/09\/04\/ministro-do-stf-suspende-aplicacao-do-piso-nacional-da-enfermagem-2\/#breadcrumb"},"inLanguage":"pt-BR","potentialAction":[{"@type":"ReadAction","target":["https:\/\/www.ovigilanteonline.com.br\/site\/2022\/09\/04\/ministro-do-stf-suspende-aplicacao-do-piso-nacional-da-enfermagem-2\/"]}]},{"@type":"ImageObject","inLanguage":"pt-BR","@id":"https:\/\/www.ovigilanteonline.com.br\/site\/2022\/09\/04\/ministro-do-stf-suspende-aplicacao-do-piso-nacional-da-enfermagem-2\/#primaryimage","url":"https:\/\/www.ovigilanteonline.com.br\/site\/wp-content\/uploads\/2021\/05\/enfermagem.jpg","contentUrl":"https:\/\/www.ovigilanteonline.com.br\/site\/wp-content\/uploads\/2021\/05\/enfermagem.jpg","width":800,"height":479},{"@type":"BreadcrumbList","@id":"https:\/\/www.ovigilanteonline.com.br\/site\/2022\/09\/04\/ministro-do-stf-suspende-aplicacao-do-piso-nacional-da-enfermagem-2\/#breadcrumb","itemListElement":[{"@type":"ListItem","position":1,"name":"In\u00edcio","item":"https:\/\/www.ovigilanteonline.com.br\/site\/"},{"@type":"ListItem","position":2,"name":"Ministro do STF suspende aplica\u00e7\u00e3o do piso nacional da enfermagem"}]},{"@type":"WebSite","@id":"https:\/\/www.ovigilanteonline.com.br\/site\/#website","url":"https:\/\/www.ovigilanteonline.com.br\/site\/","name":"O VIGILANTE ONLINE - Not\u00edcias de Leopoldina e regi\u00e3o","description":"","potentialAction":[{"@type":"SearchAction","target":{"@type":"EntryPoint","urlTemplate":"https:\/\/www.ovigilanteonline.com.br\/site\/?s={search_term_string}"},"query-input":{"@type":"PropertyValueSpecification","valueRequired":true,"valueName":"search_term_string"}}],"inLanguage":"pt-BR"},{"@type":"Person","@id":"https:\/\/www.ovigilanteonline.com.br\/site\/#\/schema\/person\/538fdfb33c0c411cd14a732e7cf14aa6","name":"Jornalismo"}]}},"cc_featured_image_caption":{"caption_text":"Divulga\u00e7\u00e3o","source_text":"","source_url":""},"_links":{"self":[{"href":"https:\/\/www.ovigilanteonline.com.br\/site\/wp-json\/wp\/v2\/posts\/410821","targetHints":{"allow":["GET"]}}],"collection":[{"href":"https:\/\/www.ovigilanteonline.com.br\/site\/wp-json\/wp\/v2\/posts"}],"about":[{"href":"https:\/\/www.ovigilanteonline.com.br\/site\/wp-json\/wp\/v2\/types\/post"}],"author":[{"embeddable":true,"href":"https:\/\/www.ovigilanteonline.com.br\/site\/wp-json\/wp\/v2\/users\/2"}],"replies":[{"embeddable":true,"href":"https:\/\/www.ovigilanteonline.com.br\/site\/wp-json\/wp\/v2\/comments?post=410821"}],"version-history":[{"count":0,"href":"https:\/\/www.ovigilanteonline.com.br\/site\/wp-json\/wp\/v2\/posts\/410821\/revisions"}],"wp:featuredmedia":[{"embeddable":true,"href":"https:\/\/www.ovigilanteonline.com.br\/site\/wp-json\/wp\/v2\/media\/386785"}],"wp:attachment":[{"href":"https:\/\/www.ovigilanteonline.com.br\/site\/wp-json\/wp\/v2\/media?parent=410821"}],"wp:term":[{"taxonomy":"category","embeddable":true,"href":"https:\/\/www.ovigilanteonline.com.br\/site\/wp-json\/wp\/v2\/categories?post=410821"},{"taxonomy":"post_tag","embeddable":true,"href":"https:\/\/www.ovigilanteonline.com.br\/site\/wp-json\/wp\/v2\/tags?post=410821"}],"curies":[{"name":"wp","href":"https:\/\/api.w.org\/{rel}","templated":true}]}}