{"id":408128,"date":"2022-06-27T15:10:36","date_gmt":"2022-06-27T18:10:36","guid":{"rendered":"https:\/\/ovigilanteonline.com.br\/site\/?p=408128"},"modified":"2022-06-27T15:20:58","modified_gmt":"2022-06-27T18:20:58","slug":"edital-de-convocacao-casa-de-oracao","status":"publish","type":"post","link":"https:\/\/www.ovigilanteonline.com.br\/site\/2022\/06\/27\/edital-de-convocacao-casa-de-oracao\/","title":{"rendered":"Edital de Convoca\u00e7\u00e3o Casa de Ora\u00e7\u00e3o"},"content":{"rendered":"\n<p class=\"has-text-align-left\">EDITAL DE CONVOCA\u00c7\u00c3O CASA DE ORA\u00c7\u00c3O<br>Edital de convoca\u00e7\u00e3o de reuni\u00e3o dos membros do Centro Esp\u00edrita Casa de Ora\u00e7\u00e3o, entidade religiosa, sem fins lucrativos, situada \u00e0 Rodovia BR 116 KM 772, em Leopoldina &#8211; MG, inscrita no CNPJ sob n\u00ba 26.145\/0001-46.<br>Tendo em vista a imin\u00eancia do t\u00e9rmino do mandato da Diretoria e Conselho Fiscal, eu Magda Penha Martins Costa, presidente, convoco a todos os demais membros para a reuni\u00e3o, a ser realizada em 07 de mar\u00e7o de 2022, \u00e0s 19:30h, para tratarem das seguintes ordens do dia.<br>Ordem do dia: Elei\u00e7\u00e3o e posse da nova Diretoria e Conselho Fiscal para exerc\u00edcio de 2022 a 2025.<br>Leopoldina, 07 de fevereiro de 2022.<\/p>\n","protected":false},"excerpt":{"rendered":"<p>EDITAL DE CONVOCA\u00c7\u00c3O CASA DE ORA\u00c7\u00c3OEdital de convoca\u00e7\u00e3o de reuni\u00e3o dos membros do Centro Esp\u00edrita Casa de Ora\u00e7\u00e3o, entidade religiosa, sem fins lucrativos, situada \u00e0 Rodovia BR 116 KM 772, em Leopoldina &#8211; MG, inscrita no CNPJ sob n\u00ba 26.145\/0001-46.Tendo em vista a imin\u00eancia do t\u00e9rmino do mandato da Diretoria e Conselho Fiscal, eu Magda [&hellip;]<\/p>\n","protected":false},"author":2,"featured_media":390220,"comment_status":"open","ping_status":"open","sticky":false,"template":"","format":"standard","meta":{"footnotes":""},"categories":[1],"tags":[],"class_list":["post-408128","post","type-post","status-publish","format-standard","has-post-thumbnail","hentry","category-destaque"],"yoast_head":"<!-- This site is optimized with the Yoast SEO plugin v27.4 - https:\/\/yoast.com\/product\/yoast-seo-wordpress\/ -->\n<title>Edital de Convoca\u00e7\u00e3o Casa de Ora\u00e7\u00e3o<\/title>\n<meta name=\"robots\" content=\"index, follow, max-snippet:-1, max-image-preview:large, max-video-preview:-1\" \/>\n<link rel=\"canonical\" href=\"https:\/\/www.ovigilanteonline.com.br\/site\/2022\/06\/27\/edital-de-convocacao-casa-de-oracao\/\" \/>\n<meta property=\"og:locale\" content=\"pt_BR\" \/>\n<meta property=\"og:type\" content=\"article\" \/>\n<meta property=\"og:title\" content=\"Edital de Convoca\u00e7\u00e3o Casa de Ora\u00e7\u00e3o\" \/>\n<meta property=\"og:description\" content=\"EDITAL DE CONVOCA\u00c7\u00c3O CASA DE ORA\u00c7\u00c3OEdital de convoca\u00e7\u00e3o de reuni\u00e3o dos membros do Centro Esp\u00edrita Casa de Ora\u00e7\u00e3o, entidade religiosa, sem fins lucrativos, situada \u00e0 Rodovia BR 116 KM 772, em Leopoldina &#8211; MG, inscrita no CNPJ sob n\u00ba 26.145\/0001-46.Tendo em vista a imin\u00eancia do t\u00e9rmino do mandato da Diretoria e Conselho Fiscal, eu Magda [&hellip;]\" \/>\n<meta property=\"og:url\" content=\"https:\/\/www.ovigilanteonline.com.br\/site\/2022\/06\/27\/edital-de-convocacao-casa-de-oracao\/\" \/>\n<meta property=\"og:site_name\" content=\"O VIGILANTE ONLINE\" \/>\n<meta property=\"article:publisher\" content=\"https:\/\/www.facebook.com\/ovigilanteonline\" \/>\n<meta property=\"article:published_time\" content=\"2022-06-27T18:10:36+00:00\" \/>\n<meta property=\"article:modified_time\" content=\"2022-06-27T18:20:58+00:00\" \/>\n<meta property=\"og:image\" content=\"https:\/\/www.ovigilanteonline.com.br\/site\/wp-content\/uploads\/2021\/07\/vinheta-edital-de-convocacao.jpg\" \/>\n\t<meta property=\"og:image:width\" content=\"800\" \/>\n\t<meta property=\"og:image:height\" content=\"503\" \/>\n\t<meta property=\"og:image:type\" content=\"image\/jpeg\" \/>\n<meta name=\"author\" content=\"Jornalismo\" \/>\n<meta name=\"twitter:card\" content=\"summary_large_image\" \/>\n<meta name=\"twitter:label1\" content=\"Escrito por\" \/>\n\t<meta name=\"twitter:data1\" content=\"Jornalismo\" \/>\n\t<meta name=\"twitter:label2\" content=\"Est. tempo de leitura\" \/>\n\t<meta name=\"twitter:data2\" content=\"1 minuto\" \/>\n<script type=\"application\/ld+json\" class=\"yoast-schema-graph\">{\"@context\":\"https:\\\/\\\/schema.org\",\"@graph\":[{\"@type\":\"Article\",\"@id\":\"https:\\\/\\\/www.ovigilanteonline.com.br\\\/site\\\/2022\\\/06\\\/27\\\/edital-de-convocacao-casa-de-oracao\\\/#article\",\"isPartOf\":{\"@id\":\"https:\\\/\\\/www.ovigilanteonline.com.br\\\/site\\\/2022\\\/06\\\/27\\\/edital-de-convocacao-casa-de-oracao\\\/\"},\"author\":{\"name\":\"Jornalismo\",\"@id\":\"https:\\\/\\\/www.ovigilanteonline.com.br\\\/site\\\/#\\\/schema\\\/person\\\/538fdfb33c0c411cd14a732e7cf14aa6\"},\"headline\":\"Edital de Convoca\u00e7\u00e3o Casa de Ora\u00e7\u00e3o\",\"datePublished\":\"2022-06-27T18:10:36+00:00\",\"dateModified\":\"2022-06-27T18:20:58+00:00\",\"mainEntityOfPage\":{\"@id\":\"https:\\\/\\\/www.ovigilanteonline.com.br\\\/site\\\/2022\\\/06\\\/27\\\/edital-de-convocacao-casa-de-oracao\\\/\"},\"wordCount\":122,\"commentCount\":0,\"image\":{\"@id\":\"https:\\\/\\\/www.ovigilanteonline.com.br\\\/site\\\/2022\\\/06\\\/27\\\/edital-de-convocacao-casa-de-oracao\\\/#primaryimage\"},\"thumbnailUrl\":\"https:\\\/\\\/www.ovigilanteonline.com.br\\\/site\\\/wp-content\\\/uploads\\\/2021\\\/07\\\/vinheta-edital-de-convocacao.jpg\",\"articleSection\":[\"Destaque\"],\"inLanguage\":\"pt-BR\",\"potentialAction\":[{\"@type\":\"CommentAction\",\"name\":\"Comment\",\"target\":[\"https:\\\/\\\/www.ovigilanteonline.com.br\\\/site\\\/2022\\\/06\\\/27\\\/edital-de-convocacao-casa-de-oracao\\\/#respond\"]}]},{\"@type\":\"WebPage\",\"@id\":\"https:\\\/\\\/www.ovigilanteonline.com.br\\\/site\\\/2022\\\/06\\\/27\\\/edital-de-convocacao-casa-de-oracao\\\/\",\"url\":\"https:\\\/\\\/www.ovigilanteonline.com.br\\\/site\\\/2022\\\/06\\\/27\\\/edital-de-convocacao-casa-de-oracao\\\/\",\"name\":\"Edital de Convoca\u00e7\u00e3o Casa de Ora\u00e7\u00e3o\",\"isPartOf\":{\"@id\":\"https:\\\/\\\/www.ovigilanteonline.com.br\\\/site\\\/#website\"},\"primaryImageOfPage\":{\"@id\":\"https:\\\/\\\/www.ovigilanteonline.com.br\\\/site\\\/2022\\\/06\\\/27\\\/edital-de-convocacao-casa-de-oracao\\\/#primaryimage\"},\"image\":{\"@id\":\"https:\\\/\\\/www.ovigilanteonline.com.br\\\/site\\\/2022\\\/06\\\/27\\\/edital-de-convocacao-casa-de-oracao\\\/#primaryimage\"},\"thumbnailUrl\":\"https:\\\/\\\/www.ovigilanteonline.com.br\\\/site\\\/wp-content\\\/uploads\\\/2021\\\/07\\\/vinheta-edital-de-convocacao.jpg\",\"datePublished\":\"2022-06-27T18:10:36+00:00\",\"dateModified\":\"2022-06-27T18:20:58+00:00\",\"author\":{\"@id\":\"https:\\\/\\\/www.ovigilanteonline.com.br\\\/site\\\/#\\\/schema\\\/person\\\/538fdfb33c0c411cd14a732e7cf14aa6\"},\"breadcrumb\":{\"@id\":\"https:\\\/\\\/www.ovigilanteonline.com.br\\\/site\\\/2022\\\/06\\\/27\\\/edital-de-convocacao-casa-de-oracao\\\/#breadcrumb\"},\"inLanguage\":\"pt-BR\",\"potentialAction\":[{\"@type\":\"ReadAction\",\"target\":[\"https:\\\/\\\/www.ovigilanteonline.com.br\\\/site\\\/2022\\\/06\\\/27\\\/edital-de-convocacao-casa-de-oracao\\\/\"]}]},{\"@type\":\"ImageObject\",\"inLanguage\":\"pt-BR\",\"@id\":\"https:\\\/\\\/www.ovigilanteonline.com.br\\\/site\\\/2022\\\/06\\\/27\\\/edital-de-convocacao-casa-de-oracao\\\/#primaryimage\",\"url\":\"https:\\\/\\\/www.ovigilanteonline.com.br\\\/site\\\/wp-content\\\/uploads\\\/2021\\\/07\\\/vinheta-edital-de-convocacao.jpg\",\"contentUrl\":\"https:\\\/\\\/www.ovigilanteonline.com.br\\\/site\\\/wp-content\\\/uploads\\\/2021\\\/07\\\/vinheta-edital-de-convocacao.jpg\",\"width\":800,\"height\":503},{\"@type\":\"BreadcrumbList\",\"@id\":\"https:\\\/\\\/www.ovigilanteonline.com.br\\\/site\\\/2022\\\/06\\\/27\\\/edital-de-convocacao-casa-de-oracao\\\/#breadcrumb\",\"itemListElement\":[{\"@type\":\"ListItem\",\"position\":1,\"name\":\"In\u00edcio\",\"item\":\"https:\\\/\\\/www.ovigilanteonline.com.br\\\/site\\\/\"},{\"@type\":\"ListItem\",\"position\":2,\"name\":\"Edital de Convoca\u00e7\u00e3o Casa de Ora\u00e7\u00e3o\"}]},{\"@type\":\"WebSite\",\"@id\":\"https:\\\/\\\/www.ovigilanteonline.com.br\\\/site\\\/#website\",\"url\":\"https:\\\/\\\/www.ovigilanteonline.com.br\\\/site\\\/\",\"name\":\"O VIGILANTE ONLINE - Not\u00edcias de Leopoldina e regi\u00e3o\",\"description\":\"\",\"potentialAction\":[{\"@type\":\"SearchAction\",\"target\":{\"@type\":\"EntryPoint\",\"urlTemplate\":\"https:\\\/\\\/www.ovigilanteonline.com.br\\\/site\\\/?s={search_term_string}\"},\"query-input\":{\"@type\":\"PropertyValueSpecification\",\"valueRequired\":true,\"valueName\":\"search_term_string\"}}],\"inLanguage\":\"pt-BR\"},{\"@type\":\"Person\",\"@id\":\"https:\\\/\\\/www.ovigilanteonline.com.br\\\/site\\\/#\\\/schema\\\/person\\\/538fdfb33c0c411cd14a732e7cf14aa6\",\"name\":\"Jornalismo\"}]}<\/script>\n<!-- \/ Yoast SEO plugin. -->","yoast_head_json":{"title":"Edital de Convoca\u00e7\u00e3o Casa de Ora\u00e7\u00e3o","robots":{"index":"index","follow":"follow","max-snippet":"max-snippet:-1","max-image-preview":"max-image-preview:large","max-video-preview":"max-video-preview:-1"},"canonical":"https:\/\/www.ovigilanteonline.com.br\/site\/2022\/06\/27\/edital-de-convocacao-casa-de-oracao\/","og_locale":"pt_BR","og_type":"article","og_title":"Edital de Convoca\u00e7\u00e3o Casa de Ora\u00e7\u00e3o","og_description":"EDITAL DE CONVOCA\u00c7\u00c3O CASA DE ORA\u00c7\u00c3OEdital de convoca\u00e7\u00e3o de reuni\u00e3o dos membros do Centro Esp\u00edrita Casa de Ora\u00e7\u00e3o, entidade religiosa, sem fins lucrativos, situada \u00e0 Rodovia BR 116 KM 772, em Leopoldina &#8211; MG, inscrita no CNPJ sob n\u00ba 26.145\/0001-46.Tendo em vista a imin\u00eancia do t\u00e9rmino do mandato da Diretoria e Conselho Fiscal, eu Magda [&hellip;]","og_url":"https:\/\/www.ovigilanteonline.com.br\/site\/2022\/06\/27\/edital-de-convocacao-casa-de-oracao\/","og_site_name":"O VIGILANTE ONLINE","article_publisher":"https:\/\/www.facebook.com\/ovigilanteonline","article_published_time":"2022-06-27T18:10:36+00:00","article_modified_time":"2022-06-27T18:20:58+00:00","og_image":[{"width":800,"height":503,"url":"https:\/\/www.ovigilanteonline.com.br\/site\/wp-content\/uploads\/2021\/07\/vinheta-edital-de-convocacao.jpg","type":"image\/jpeg"}],"author":"Jornalismo","twitter_card":"summary_large_image","twitter_misc":{"Escrito por":"Jornalismo","Est. tempo de leitura":"1 minuto"},"schema":{"@context":"https:\/\/schema.org","@graph":[{"@type":"Article","@id":"https:\/\/www.ovigilanteonline.com.br\/site\/2022\/06\/27\/edital-de-convocacao-casa-de-oracao\/#article","isPartOf":{"@id":"https:\/\/www.ovigilanteonline.com.br\/site\/2022\/06\/27\/edital-de-convocacao-casa-de-oracao\/"},"author":{"name":"Jornalismo","@id":"https:\/\/www.ovigilanteonline.com.br\/site\/#\/schema\/person\/538fdfb33c0c411cd14a732e7cf14aa6"},"headline":"Edital de Convoca\u00e7\u00e3o Casa de Ora\u00e7\u00e3o","datePublished":"2022-06-27T18:10:36+00:00","dateModified":"2022-06-27T18:20:58+00:00","mainEntityOfPage":{"@id":"https:\/\/www.ovigilanteonline.com.br\/site\/2022\/06\/27\/edital-de-convocacao-casa-de-oracao\/"},"wordCount":122,"commentCount":0,"image":{"@id":"https:\/\/www.ovigilanteonline.com.br\/site\/2022\/06\/27\/edital-de-convocacao-casa-de-oracao\/#primaryimage"},"thumbnailUrl":"https:\/\/www.ovigilanteonline.com.br\/site\/wp-content\/uploads\/2021\/07\/vinheta-edital-de-convocacao.jpg","articleSection":["Destaque"],"inLanguage":"pt-BR","potentialAction":[{"@type":"CommentAction","name":"Comment","target":["https:\/\/www.ovigilanteonline.com.br\/site\/2022\/06\/27\/edital-de-convocacao-casa-de-oracao\/#respond"]}]},{"@type":"WebPage","@id":"https:\/\/www.ovigilanteonline.com.br\/site\/2022\/06\/27\/edital-de-convocacao-casa-de-oracao\/","url":"https:\/\/www.ovigilanteonline.com.br\/site\/2022\/06\/27\/edital-de-convocacao-casa-de-oracao\/","name":"Edital de Convoca\u00e7\u00e3o Casa de Ora\u00e7\u00e3o","isPartOf":{"@id":"https:\/\/www.ovigilanteonline.com.br\/site\/#website"},"primaryImageOfPage":{"@id":"https:\/\/www.ovigilanteonline.com.br\/site\/2022\/06\/27\/edital-de-convocacao-casa-de-oracao\/#primaryimage"},"image":{"@id":"https:\/\/www.ovigilanteonline.com.br\/site\/2022\/06\/27\/edital-de-convocacao-casa-de-oracao\/#primaryimage"},"thumbnailUrl":"https:\/\/www.ovigilanteonline.com.br\/site\/wp-content\/uploads\/2021\/07\/vinheta-edital-de-convocacao.jpg","datePublished":"2022-06-27T18:10:36+00:00","dateModified":"2022-06-27T18:20:58+00:00","author":{"@id":"https:\/\/www.ovigilanteonline.com.br\/site\/#\/schema\/person\/538fdfb33c0c411cd14a732e7cf14aa6"},"breadcrumb":{"@id":"https:\/\/www.ovigilanteonline.com.br\/site\/2022\/06\/27\/edital-de-convocacao-casa-de-oracao\/#breadcrumb"},"inLanguage":"pt-BR","potentialAction":[{"@type":"ReadAction","target":["https:\/\/www.ovigilanteonline.com.br\/site\/2022\/06\/27\/edital-de-convocacao-casa-de-oracao\/"]}]},{"@type":"ImageObject","inLanguage":"pt-BR","@id":"https:\/\/www.ovigilanteonline.com.br\/site\/2022\/06\/27\/edital-de-convocacao-casa-de-oracao\/#primaryimage","url":"https:\/\/www.ovigilanteonline.com.br\/site\/wp-content\/uploads\/2021\/07\/vinheta-edital-de-convocacao.jpg","contentUrl":"https:\/\/www.ovigilanteonline.com.br\/site\/wp-content\/uploads\/2021\/07\/vinheta-edital-de-convocacao.jpg","width":800,"height":503},{"@type":"BreadcrumbList","@id":"https:\/\/www.ovigilanteonline.com.br\/site\/2022\/06\/27\/edital-de-convocacao-casa-de-oracao\/#breadcrumb","itemListElement":[{"@type":"ListItem","position":1,"name":"In\u00edcio","item":"https:\/\/www.ovigilanteonline.com.br\/site\/"},{"@type":"ListItem","position":2,"name":"Edital de Convoca\u00e7\u00e3o Casa de Ora\u00e7\u00e3o"}]},{"@type":"WebSite","@id":"https:\/\/www.ovigilanteonline.com.br\/site\/#website","url":"https:\/\/www.ovigilanteonline.com.br\/site\/","name":"O VIGILANTE ONLINE - Not\u00edcias de Leopoldina e regi\u00e3o","description":"","potentialAction":[{"@type":"SearchAction","target":{"@type":"EntryPoint","urlTemplate":"https:\/\/www.ovigilanteonline.com.br\/site\/?s={search_term_string}"},"query-input":{"@type":"PropertyValueSpecification","valueRequired":true,"valueName":"search_term_string"}}],"inLanguage":"pt-BR"},{"@type":"Person","@id":"https:\/\/www.ovigilanteonline.com.br\/site\/#\/schema\/person\/538fdfb33c0c411cd14a732e7cf14aa6","name":"Jornalismo"}]}},"cc_featured_image_caption":{"caption_text":"","source_text":"","source_url":""},"_links":{"self":[{"href":"https:\/\/www.ovigilanteonline.com.br\/site\/wp-json\/wp\/v2\/posts\/408128","targetHints":{"allow":["GET"]}}],"collection":[{"href":"https:\/\/www.ovigilanteonline.com.br\/site\/wp-json\/wp\/v2\/posts"}],"about":[{"href":"https:\/\/www.ovigilanteonline.com.br\/site\/wp-json\/wp\/v2\/types\/post"}],"author":[{"embeddable":true,"href":"https:\/\/www.ovigilanteonline.com.br\/site\/wp-json\/wp\/v2\/users\/2"}],"replies":[{"embeddable":true,"href":"https:\/\/www.ovigilanteonline.com.br\/site\/wp-json\/wp\/v2\/comments?post=408128"}],"version-history":[{"count":0,"href":"https:\/\/www.ovigilanteonline.com.br\/site\/wp-json\/wp\/v2\/posts\/408128\/revisions"}],"wp:featuredmedia":[{"embeddable":true,"href":"https:\/\/www.ovigilanteonline.com.br\/site\/wp-json\/wp\/v2\/media\/390220"}],"wp:attachment":[{"href":"https:\/\/www.ovigilanteonline.com.br\/site\/wp-json\/wp\/v2\/media?parent=408128"}],"wp:term":[{"taxonomy":"category","embeddable":true,"href":"https:\/\/www.ovigilanteonline.com.br\/site\/wp-json\/wp\/v2\/categories?post=408128"},{"taxonomy":"post_tag","embeddable":true,"href":"https:\/\/www.ovigilanteonline.com.br\/site\/wp-json\/wp\/v2\/tags?post=408128"}],"curies":[{"name":"wp","href":"https:\/\/api.w.org\/{rel}","templated":true}]}}