{"id":407868,"date":"2022-06-21T15:18:59","date_gmt":"2022-06-21T18:18:59","guid":{"rendered":"https:\/\/ovigilanteonline.com.br\/site\/?p=407868"},"modified":"2022-06-21T15:19:02","modified_gmt":"2022-06-21T18:19:02","slug":"3o-ciclo-de-palestras-educacao-cidada-27-06-22-leopoldina","status":"publish","type":"post","link":"https:\/\/www.ovigilanteonline.com.br\/site\/2022\/06\/21\/3o-ciclo-de-palestras-educacao-cidada-27-06-22-leopoldina\/","title":{"rendered":"3\u00ba Ciclo de palestras educa\u00e7\u00e3o cidad\u00e3 | 27\/06\/22 | Leopoldina"},"content":{"rendered":"\n<p>A Escola do Legislativo de Juiz de Fora (Elejuf) vai implementar seu mais novo programa, que visa incentivar e apoiar as c\u00e2maras da regi\u00e3o na cria\u00e7\u00e3o e fortalecimento de suas Escolas do Legislativo.<br>O programa \u00e9 denominado \u201cElejuf: espalhando escolas, saberes e cidadania\u201d, e nossa primeira visita t\u00e9cnica ser\u00e1 na cidade de Leopoldina, no dia 8 de junho, \u00e0s 14h, envolvendo essa microrregi\u00e3o e congregando cerca de 20 c\u00e2maras vizinhas a participar.<\/p>\n\n\n\n<p>Com apoio da C\u00e2mara Municipal de Leopoldina, que cedeu o espa\u00e7o para inaugura\u00e7\u00e3o do programa, daremos o primeiro passo para a cria\u00e7\u00e3o e fortalecimento das atuais e futuras Escolas do Legislativo. Toda e qualquer C\u00e2mara Municipal pode ter uma Escola do Legislativo para promover a educa\u00e7\u00e3o e capacita\u00e7\u00e3o dos servidores, para melhor atenderem a comunidade.<br>No convite, em anexo, explicamos os detalhes da reuni\u00e3o, que realizaremos em Leopoldina e contamos com a representatividade da sua C\u00e2mara Municipal para abrilhantar e enriquecer o evento.<\/p>\n\n\n\n<figure class=\"wp-block-image size-full\"><img loading=\"lazy\" decoding=\"async\" width=\"800\" height=\"800\" src=\"https:\/\/ovigilanteonline.com.br\/site\/wp-content\/uploads\/2022\/06\/WhatsApp-Image-2022-06-20-at-15.14.07.jpeg\" alt=\"\" class=\"wp-image-407870\" srcset=\"https:\/\/www.ovigilanteonline.com.br\/site\/wp-content\/uploads\/2022\/06\/WhatsApp-Image-2022-06-20-at-15.14.07.jpeg 800w, https:\/\/www.ovigilanteonline.com.br\/site\/wp-content\/uploads\/2022\/06\/WhatsApp-Image-2022-06-20-at-15.14.07-300x300.jpeg 300w, https:\/\/www.ovigilanteonline.com.br\/site\/wp-content\/uploads\/2022\/06\/WhatsApp-Image-2022-06-20-at-15.14.07-150x150.jpeg 150w, https:\/\/www.ovigilanteonline.com.br\/site\/wp-content\/uploads\/2022\/06\/WhatsApp-Image-2022-06-20-at-15.14.07-768x768.jpeg 768w, https:\/\/www.ovigilanteonline.com.br\/site\/wp-content\/uploads\/2022\/06\/WhatsApp-Image-2022-06-20-at-15.14.07-600x600.jpeg 600w, https:\/\/www.ovigilanteonline.com.br\/site\/wp-content\/uploads\/2022\/06\/WhatsApp-Image-2022-06-20-at-15.14.07-100x100.jpeg 100w\" sizes=\"auto, (max-width: 800px) 100vw, 800px\" \/><\/figure>\n","protected":false},"excerpt":{"rendered":"<p>A Escola do Legislativo de Juiz de Fora (Elejuf) vai implementar seu mais novo programa, que visa incentivar e apoiar as c\u00e2maras da regi\u00e3o na cria\u00e7\u00e3o e fortalecimento de suas Escolas do Legislativo.O programa \u00e9 denominado \u201cElejuf: espalhando escolas, saberes e cidadania\u201d, e nossa primeira visita t\u00e9cnica ser\u00e1 na cidade de Leopoldina, no dia 8 [&hellip;]<\/p>\n","protected":false},"author":2,"featured_media":407869,"comment_status":"open","ping_status":"open","sticky":false,"template":"","format":"standard","meta":{"footnotes":""},"categories":[1],"tags":[],"class_list":["post-407868","post","type-post","status-publish","format-standard","has-post-thumbnail","hentry","category-destaque"],"yoast_head":"<!-- This site is optimized with the Yoast SEO plugin v27.4 - https:\/\/yoast.com\/product\/yoast-seo-wordpress\/ -->\n<title>3\u00ba Ciclo de palestras educa\u00e7\u00e3o cidad\u00e3 | 27\/06\/22 | Leopoldina<\/title>\n<meta name=\"robots\" content=\"index, follow, max-snippet:-1, max-image-preview:large, max-video-preview:-1\" \/>\n<link rel=\"canonical\" href=\"https:\/\/www.ovigilanteonline.com.br\/site\/2022\/06\/21\/3o-ciclo-de-palestras-educacao-cidada-27-06-22-leopoldina\/\" \/>\n<meta property=\"og:locale\" content=\"pt_BR\" \/>\n<meta property=\"og:type\" content=\"article\" \/>\n<meta property=\"og:title\" content=\"3\u00ba Ciclo de palestras educa\u00e7\u00e3o cidad\u00e3 | 27\/06\/22 | Leopoldina\" \/>\n<meta property=\"og:description\" content=\"A Escola do Legislativo de Juiz de Fora (Elejuf) vai implementar seu mais novo programa, que visa incentivar e apoiar as c\u00e2maras da regi\u00e3o na cria\u00e7\u00e3o e fortalecimento de suas Escolas do Legislativo.O programa \u00e9 denominado \u201cElejuf: espalhando escolas, saberes e cidadania\u201d, e nossa primeira visita t\u00e9cnica ser\u00e1 na cidade de Leopoldina, no dia 8 [&hellip;]\" \/>\n<meta property=\"og:url\" content=\"https:\/\/www.ovigilanteonline.com.br\/site\/2022\/06\/21\/3o-ciclo-de-palestras-educacao-cidada-27-06-22-leopoldina\/\" \/>\n<meta property=\"og:site_name\" content=\"O VIGILANTE ONLINE\" \/>\n<meta property=\"article:publisher\" content=\"https:\/\/www.facebook.com\/ovigilanteonline\" \/>\n<meta property=\"article:published_time\" content=\"2022-06-21T18:18:59+00:00\" \/>\n<meta property=\"article:modified_time\" content=\"2022-06-21T18:19:02+00:00\" \/>\n<meta property=\"og:image\" content=\"https:\/\/www.ovigilanteonline.com.br\/site\/wp-content\/uploads\/2022\/06\/77.jpeg\" \/>\n\t<meta property=\"og:image:width\" content=\"829\" \/>\n\t<meta property=\"og:image:height\" content=\"492\" \/>\n\t<meta property=\"og:image:type\" content=\"image\/jpeg\" \/>\n<meta name=\"author\" content=\"Jornalismo\" \/>\n<meta name=\"twitter:card\" content=\"summary_large_image\" \/>\n<meta name=\"twitter:label1\" content=\"Escrito por\" \/>\n\t<meta name=\"twitter:data1\" content=\"Jornalismo\" \/>\n\t<meta name=\"twitter:label2\" content=\"Est. tempo de leitura\" \/>\n\t<meta name=\"twitter:data2\" content=\"2 minutos\" \/>\n<script type=\"application\/ld+json\" class=\"yoast-schema-graph\">{\"@context\":\"https:\\\/\\\/schema.org\",\"@graph\":[{\"@type\":\"Article\",\"@id\":\"https:\\\/\\\/www.ovigilanteonline.com.br\\\/site\\\/2022\\\/06\\\/21\\\/3o-ciclo-de-palestras-educacao-cidada-27-06-22-leopoldina\\\/#article\",\"isPartOf\":{\"@id\":\"https:\\\/\\\/www.ovigilanteonline.com.br\\\/site\\\/2022\\\/06\\\/21\\\/3o-ciclo-de-palestras-educacao-cidada-27-06-22-leopoldina\\\/\"},\"author\":{\"name\":\"Jornalismo\",\"@id\":\"https:\\\/\\\/www.ovigilanteonline.com.br\\\/site\\\/#\\\/schema\\\/person\\\/538fdfb33c0c411cd14a732e7cf14aa6\"},\"headline\":\"3\u00ba Ciclo de palestras educa\u00e7\u00e3o cidad\u00e3 | 27\\\/06\\\/22 | Leopoldina\",\"datePublished\":\"2022-06-21T18:18:59+00:00\",\"dateModified\":\"2022-06-21T18:19:02+00:00\",\"mainEntityOfPage\":{\"@id\":\"https:\\\/\\\/www.ovigilanteonline.com.br\\\/site\\\/2022\\\/06\\\/21\\\/3o-ciclo-de-palestras-educacao-cidada-27-06-22-leopoldina\\\/\"},\"wordCount\":174,\"commentCount\":0,\"image\":{\"@id\":\"https:\\\/\\\/www.ovigilanteonline.com.br\\\/site\\\/2022\\\/06\\\/21\\\/3o-ciclo-de-palestras-educacao-cidada-27-06-22-leopoldina\\\/#primaryimage\"},\"thumbnailUrl\":\"https:\\\/\\\/www.ovigilanteonline.com.br\\\/site\\\/wp-content\\\/uploads\\\/2022\\\/06\\\/77.jpeg\",\"articleSection\":[\"Destaque\"],\"inLanguage\":\"pt-BR\",\"potentialAction\":[{\"@type\":\"CommentAction\",\"name\":\"Comment\",\"target\":[\"https:\\\/\\\/www.ovigilanteonline.com.br\\\/site\\\/2022\\\/06\\\/21\\\/3o-ciclo-de-palestras-educacao-cidada-27-06-22-leopoldina\\\/#respond\"]}]},{\"@type\":\"WebPage\",\"@id\":\"https:\\\/\\\/www.ovigilanteonline.com.br\\\/site\\\/2022\\\/06\\\/21\\\/3o-ciclo-de-palestras-educacao-cidada-27-06-22-leopoldina\\\/\",\"url\":\"https:\\\/\\\/www.ovigilanteonline.com.br\\\/site\\\/2022\\\/06\\\/21\\\/3o-ciclo-de-palestras-educacao-cidada-27-06-22-leopoldina\\\/\",\"name\":\"3\u00ba Ciclo de palestras educa\u00e7\u00e3o cidad\u00e3 | 27\\\/06\\\/22 | Leopoldina\",\"isPartOf\":{\"@id\":\"https:\\\/\\\/www.ovigilanteonline.com.br\\\/site\\\/#website\"},\"primaryImageOfPage\":{\"@id\":\"https:\\\/\\\/www.ovigilanteonline.com.br\\\/site\\\/2022\\\/06\\\/21\\\/3o-ciclo-de-palestras-educacao-cidada-27-06-22-leopoldina\\\/#primaryimage\"},\"image\":{\"@id\":\"https:\\\/\\\/www.ovigilanteonline.com.br\\\/site\\\/2022\\\/06\\\/21\\\/3o-ciclo-de-palestras-educacao-cidada-27-06-22-leopoldina\\\/#primaryimage\"},\"thumbnailUrl\":\"https:\\\/\\\/www.ovigilanteonline.com.br\\\/site\\\/wp-content\\\/uploads\\\/2022\\\/06\\\/77.jpeg\",\"datePublished\":\"2022-06-21T18:18:59+00:00\",\"dateModified\":\"2022-06-21T18:19:02+00:00\",\"author\":{\"@id\":\"https:\\\/\\\/www.ovigilanteonline.com.br\\\/site\\\/#\\\/schema\\\/person\\\/538fdfb33c0c411cd14a732e7cf14aa6\"},\"breadcrumb\":{\"@id\":\"https:\\\/\\\/www.ovigilanteonline.com.br\\\/site\\\/2022\\\/06\\\/21\\\/3o-ciclo-de-palestras-educacao-cidada-27-06-22-leopoldina\\\/#breadcrumb\"},\"inLanguage\":\"pt-BR\",\"potentialAction\":[{\"@type\":\"ReadAction\",\"target\":[\"https:\\\/\\\/www.ovigilanteonline.com.br\\\/site\\\/2022\\\/06\\\/21\\\/3o-ciclo-de-palestras-educacao-cidada-27-06-22-leopoldina\\\/\"]}]},{\"@type\":\"ImageObject\",\"inLanguage\":\"pt-BR\",\"@id\":\"https:\\\/\\\/www.ovigilanteonline.com.br\\\/site\\\/2022\\\/06\\\/21\\\/3o-ciclo-de-palestras-educacao-cidada-27-06-22-leopoldina\\\/#primaryimage\",\"url\":\"https:\\\/\\\/www.ovigilanteonline.com.br\\\/site\\\/wp-content\\\/uploads\\\/2022\\\/06\\\/77.jpeg\",\"contentUrl\":\"https:\\\/\\\/www.ovigilanteonline.com.br\\\/site\\\/wp-content\\\/uploads\\\/2022\\\/06\\\/77.jpeg\",\"width\":829,\"height\":492},{\"@type\":\"BreadcrumbList\",\"@id\":\"https:\\\/\\\/www.ovigilanteonline.com.br\\\/site\\\/2022\\\/06\\\/21\\\/3o-ciclo-de-palestras-educacao-cidada-27-06-22-leopoldina\\\/#breadcrumb\",\"itemListElement\":[{\"@type\":\"ListItem\",\"position\":1,\"name\":\"In\u00edcio\",\"item\":\"https:\\\/\\\/www.ovigilanteonline.com.br\\\/site\\\/\"},{\"@type\":\"ListItem\",\"position\":2,\"name\":\"3\u00ba Ciclo de palestras educa\u00e7\u00e3o cidad\u00e3 | 27\\\/06\\\/22 | Leopoldina\"}]},{\"@type\":\"WebSite\",\"@id\":\"https:\\\/\\\/www.ovigilanteonline.com.br\\\/site\\\/#website\",\"url\":\"https:\\\/\\\/www.ovigilanteonline.com.br\\\/site\\\/\",\"name\":\"O VIGILANTE ONLINE - Not\u00edcias de Leopoldina e regi\u00e3o\",\"description\":\"\",\"potentialAction\":[{\"@type\":\"SearchAction\",\"target\":{\"@type\":\"EntryPoint\",\"urlTemplate\":\"https:\\\/\\\/www.ovigilanteonline.com.br\\\/site\\\/?s={search_term_string}\"},\"query-input\":{\"@type\":\"PropertyValueSpecification\",\"valueRequired\":true,\"valueName\":\"search_term_string\"}}],\"inLanguage\":\"pt-BR\"},{\"@type\":\"Person\",\"@id\":\"https:\\\/\\\/www.ovigilanteonline.com.br\\\/site\\\/#\\\/schema\\\/person\\\/538fdfb33c0c411cd14a732e7cf14aa6\",\"name\":\"Jornalismo\"}]}<\/script>\n<!-- \/ Yoast SEO plugin. -->","yoast_head_json":{"title":"3\u00ba Ciclo de palestras educa\u00e7\u00e3o cidad\u00e3 | 27\/06\/22 | Leopoldina","robots":{"index":"index","follow":"follow","max-snippet":"max-snippet:-1","max-image-preview":"max-image-preview:large","max-video-preview":"max-video-preview:-1"},"canonical":"https:\/\/www.ovigilanteonline.com.br\/site\/2022\/06\/21\/3o-ciclo-de-palestras-educacao-cidada-27-06-22-leopoldina\/","og_locale":"pt_BR","og_type":"article","og_title":"3\u00ba Ciclo de palestras educa\u00e7\u00e3o cidad\u00e3 | 27\/06\/22 | Leopoldina","og_description":"A Escola do Legislativo de Juiz de Fora (Elejuf) vai implementar seu mais novo programa, que visa incentivar e apoiar as c\u00e2maras da regi\u00e3o na cria\u00e7\u00e3o e fortalecimento de suas Escolas do Legislativo.O programa \u00e9 denominado \u201cElejuf: espalhando escolas, saberes e cidadania\u201d, e nossa primeira visita t\u00e9cnica ser\u00e1 na cidade de Leopoldina, no dia 8 [&hellip;]","og_url":"https:\/\/www.ovigilanteonline.com.br\/site\/2022\/06\/21\/3o-ciclo-de-palestras-educacao-cidada-27-06-22-leopoldina\/","og_site_name":"O VIGILANTE ONLINE","article_publisher":"https:\/\/www.facebook.com\/ovigilanteonline","article_published_time":"2022-06-21T18:18:59+00:00","article_modified_time":"2022-06-21T18:19:02+00:00","og_image":[{"width":829,"height":492,"url":"https:\/\/www.ovigilanteonline.com.br\/site\/wp-content\/uploads\/2022\/06\/77.jpeg","type":"image\/jpeg"}],"author":"Jornalismo","twitter_card":"summary_large_image","twitter_misc":{"Escrito por":"Jornalismo","Est. tempo de leitura":"2 minutos"},"schema":{"@context":"https:\/\/schema.org","@graph":[{"@type":"Article","@id":"https:\/\/www.ovigilanteonline.com.br\/site\/2022\/06\/21\/3o-ciclo-de-palestras-educacao-cidada-27-06-22-leopoldina\/#article","isPartOf":{"@id":"https:\/\/www.ovigilanteonline.com.br\/site\/2022\/06\/21\/3o-ciclo-de-palestras-educacao-cidada-27-06-22-leopoldina\/"},"author":{"name":"Jornalismo","@id":"https:\/\/www.ovigilanteonline.com.br\/site\/#\/schema\/person\/538fdfb33c0c411cd14a732e7cf14aa6"},"headline":"3\u00ba Ciclo de palestras educa\u00e7\u00e3o cidad\u00e3 | 27\/06\/22 | Leopoldina","datePublished":"2022-06-21T18:18:59+00:00","dateModified":"2022-06-21T18:19:02+00:00","mainEntityOfPage":{"@id":"https:\/\/www.ovigilanteonline.com.br\/site\/2022\/06\/21\/3o-ciclo-de-palestras-educacao-cidada-27-06-22-leopoldina\/"},"wordCount":174,"commentCount":0,"image":{"@id":"https:\/\/www.ovigilanteonline.com.br\/site\/2022\/06\/21\/3o-ciclo-de-palestras-educacao-cidada-27-06-22-leopoldina\/#primaryimage"},"thumbnailUrl":"https:\/\/www.ovigilanteonline.com.br\/site\/wp-content\/uploads\/2022\/06\/77.jpeg","articleSection":["Destaque"],"inLanguage":"pt-BR","potentialAction":[{"@type":"CommentAction","name":"Comment","target":["https:\/\/www.ovigilanteonline.com.br\/site\/2022\/06\/21\/3o-ciclo-de-palestras-educacao-cidada-27-06-22-leopoldina\/#respond"]}]},{"@type":"WebPage","@id":"https:\/\/www.ovigilanteonline.com.br\/site\/2022\/06\/21\/3o-ciclo-de-palestras-educacao-cidada-27-06-22-leopoldina\/","url":"https:\/\/www.ovigilanteonline.com.br\/site\/2022\/06\/21\/3o-ciclo-de-palestras-educacao-cidada-27-06-22-leopoldina\/","name":"3\u00ba Ciclo de palestras educa\u00e7\u00e3o cidad\u00e3 | 27\/06\/22 | Leopoldina","isPartOf":{"@id":"https:\/\/www.ovigilanteonline.com.br\/site\/#website"},"primaryImageOfPage":{"@id":"https:\/\/www.ovigilanteonline.com.br\/site\/2022\/06\/21\/3o-ciclo-de-palestras-educacao-cidada-27-06-22-leopoldina\/#primaryimage"},"image":{"@id":"https:\/\/www.ovigilanteonline.com.br\/site\/2022\/06\/21\/3o-ciclo-de-palestras-educacao-cidada-27-06-22-leopoldina\/#primaryimage"},"thumbnailUrl":"https:\/\/www.ovigilanteonline.com.br\/site\/wp-content\/uploads\/2022\/06\/77.jpeg","datePublished":"2022-06-21T18:18:59+00:00","dateModified":"2022-06-21T18:19:02+00:00","author":{"@id":"https:\/\/www.ovigilanteonline.com.br\/site\/#\/schema\/person\/538fdfb33c0c411cd14a732e7cf14aa6"},"breadcrumb":{"@id":"https:\/\/www.ovigilanteonline.com.br\/site\/2022\/06\/21\/3o-ciclo-de-palestras-educacao-cidada-27-06-22-leopoldina\/#breadcrumb"},"inLanguage":"pt-BR","potentialAction":[{"@type":"ReadAction","target":["https:\/\/www.ovigilanteonline.com.br\/site\/2022\/06\/21\/3o-ciclo-de-palestras-educacao-cidada-27-06-22-leopoldina\/"]}]},{"@type":"ImageObject","inLanguage":"pt-BR","@id":"https:\/\/www.ovigilanteonline.com.br\/site\/2022\/06\/21\/3o-ciclo-de-palestras-educacao-cidada-27-06-22-leopoldina\/#primaryimage","url":"https:\/\/www.ovigilanteonline.com.br\/site\/wp-content\/uploads\/2022\/06\/77.jpeg","contentUrl":"https:\/\/www.ovigilanteonline.com.br\/site\/wp-content\/uploads\/2022\/06\/77.jpeg","width":829,"height":492},{"@type":"BreadcrumbList","@id":"https:\/\/www.ovigilanteonline.com.br\/site\/2022\/06\/21\/3o-ciclo-de-palestras-educacao-cidada-27-06-22-leopoldina\/#breadcrumb","itemListElement":[{"@type":"ListItem","position":1,"name":"In\u00edcio","item":"https:\/\/www.ovigilanteonline.com.br\/site\/"},{"@type":"ListItem","position":2,"name":"3\u00ba Ciclo de palestras educa\u00e7\u00e3o cidad\u00e3 | 27\/06\/22 | Leopoldina"}]},{"@type":"WebSite","@id":"https:\/\/www.ovigilanteonline.com.br\/site\/#website","url":"https:\/\/www.ovigilanteonline.com.br\/site\/","name":"O VIGILANTE ONLINE - Not\u00edcias de Leopoldina e regi\u00e3o","description":"","potentialAction":[{"@type":"SearchAction","target":{"@type":"EntryPoint","urlTemplate":"https:\/\/www.ovigilanteonline.com.br\/site\/?s={search_term_string}"},"query-input":{"@type":"PropertyValueSpecification","valueRequired":true,"valueName":"search_term_string"}}],"inLanguage":"pt-BR"},{"@type":"Person","@id":"https:\/\/www.ovigilanteonline.com.br\/site\/#\/schema\/person\/538fdfb33c0c411cd14a732e7cf14aa6","name":"Jornalismo"}]}},"cc_featured_image_caption":{"caption_text":"","source_text":"","source_url":""},"_links":{"self":[{"href":"https:\/\/www.ovigilanteonline.com.br\/site\/wp-json\/wp\/v2\/posts\/407868","targetHints":{"allow":["GET"]}}],"collection":[{"href":"https:\/\/www.ovigilanteonline.com.br\/site\/wp-json\/wp\/v2\/posts"}],"about":[{"href":"https:\/\/www.ovigilanteonline.com.br\/site\/wp-json\/wp\/v2\/types\/post"}],"author":[{"embeddable":true,"href":"https:\/\/www.ovigilanteonline.com.br\/site\/wp-json\/wp\/v2\/users\/2"}],"replies":[{"embeddable":true,"href":"https:\/\/www.ovigilanteonline.com.br\/site\/wp-json\/wp\/v2\/comments?post=407868"}],"version-history":[{"count":0,"href":"https:\/\/www.ovigilanteonline.com.br\/site\/wp-json\/wp\/v2\/posts\/407868\/revisions"}],"wp:featuredmedia":[{"embeddable":true,"href":"https:\/\/www.ovigilanteonline.com.br\/site\/wp-json\/wp\/v2\/media\/407869"}],"wp:attachment":[{"href":"https:\/\/www.ovigilanteonline.com.br\/site\/wp-json\/wp\/v2\/media?parent=407868"}],"wp:term":[{"taxonomy":"category","embeddable":true,"href":"https:\/\/www.ovigilanteonline.com.br\/site\/wp-json\/wp\/v2\/categories?post=407868"},{"taxonomy":"post_tag","embeddable":true,"href":"https:\/\/www.ovigilanteonline.com.br\/site\/wp-json\/wp\/v2\/tags?post=407868"}],"curies":[{"name":"wp","href":"https:\/\/api.w.org\/{rel}","templated":true}]}}