{"id":404678,"date":"2022-04-19T13:35:28","date_gmt":"2022-04-19T16:35:28","guid":{"rendered":"https:\/\/ovigilanteonline.com.br\/site\/?p=404678"},"modified":"2022-04-21T12:08:05","modified_gmt":"2022-04-21T15:08:05","slug":"criadores-de-mg-e-outros-estados-participam-da-ia-exposicao-regional-girolando-sem-fronteiras-em-leopoldina","status":"publish","type":"post","link":"https:\/\/www.ovigilanteonline.com.br\/site\/2022\/04\/19\/criadores-de-mg-e-outros-estados-participam-da-ia-exposicao-regional-girolando-sem-fronteiras-em-leopoldina\/","title":{"rendered":"Criadores de MG e outros estados participam da I\u00aa Exposi\u00e7\u00e3o Regional Girolando Sem Fronteiras em Leopoldina"},"content":{"rendered":"\n<p><em><strong>Dentre as atra\u00e7\u00f5es, na quinta (21) \u00e0s 10h30 destaque para a palestra \u201cReprodu\u00e7\u00e3o Assistida &#8211; Transfer\u00eancia de Embri\u00f5es\u201d, promovida pelas Fazendas do Basa. Confira a programa\u00e7\u00e3o completa.<\/strong><\/em><\/p>\n\n\n\n<p>Na tarde desta segunda-feira, dia 18 de abril, a Primeira Exposi\u00e7\u00e3o Regional Girolando Sem Fronteiras, no Parque de Exposi\u00e7\u00f5es Jos\u00e9 Ribeiro dos Reis em Leopoldina come\u00e7ou a receber os animais que participar\u00e3o do evento at\u00e9 o pr\u00f3ximo s\u00e1bado, dia 23. At\u00e9 esta segunda-feira 210 animais j\u00e1 estavam inscritos para esta que \u00e9 a primeira Exposi\u00e7\u00e3o Regional do g\u00eanero com presen\u00e7as de criadores de v\u00e1rios n\u00facleos da Zona da Mata.<\/p>\n\n\n\n<p>Na avalia\u00e7\u00e3o do presidente da Associa\u00e7\u00e3o dos Criadores Girolando Sem Fronteiras, o empres\u00e1rio Cl\u00e1udio Moura (Mouragro), 210 animais j\u00e1 inscritos \u00e9 um bom n\u00famero para uma Exposi\u00e7\u00e3o regional. \u201cAl\u00e9m disso, pelos criadores que j\u00e1 est\u00e3o alocados, em torno de 50, a gente v\u00ea a qualidade dos animais que passar\u00e3o em pista na sexta e no s\u00e1bado aqui na Exposi\u00e7\u00e3o\u201d, destacou.<\/p>\n\n\n\n<figure class=\"wp-block-image size-full\"><img loading=\"lazy\" decoding=\"async\" width=\"900\" height=\"543\" src=\"https:\/\/ovigilanteonline.com.br\/site\/wp-content\/uploads\/2022\/04\/claudio-moura.jpeg\" alt=\"\" class=\"wp-image-404679\" srcset=\"https:\/\/www.ovigilanteonline.com.br\/site\/wp-content\/uploads\/2022\/04\/claudio-moura.jpeg 900w, https:\/\/www.ovigilanteonline.com.br\/site\/wp-content\/uploads\/2022\/04\/claudio-moura-300x181.jpeg 300w, https:\/\/www.ovigilanteonline.com.br\/site\/wp-content\/uploads\/2022\/04\/claudio-moura-768x463.jpeg 768w, https:\/\/www.ovigilanteonline.com.br\/site\/wp-content\/uploads\/2022\/04\/claudio-moura-600x362.jpeg 600w\" sizes=\"auto, (max-width: 900px) 100vw, 900px\" \/><figcaption><strong>Cl\u00e1udio Moura<\/strong><\/figcaption><\/figure>\n\n\n\n<p>\u201cEstamos preparando a Exposi\u00e7\u00e3o. Na verdade a nossa programa\u00e7\u00e3o tem in\u00edcio na quarta-feira, dia 20, \u00e0s 20h00 com um ponto de encontro para assistirmos o Grande Leil\u00e3o de Reprodutores das Fazendas do BASA (Gir Leiteiro), do pecuarista Evandro Guimar\u00e3es\u201d, informou o presidente da Associa\u00e7\u00e3o dos Criadores Girolando Sem Fronteiras.<\/p>\n\n\n\n<p>Ainda em rela\u00e7\u00e3o ao Leil\u00e3o Reprodutores Fazendas do BASA, na quarta-feira, dia 20 de abril, \u00e0s 20h30, um PONTO DE APOIO das Fazendas do BASA estar\u00e1 \u00e0 disposi\u00e7\u00e3o no Parque de Exposi\u00e7\u00f5es de Leopoldina para que os interessados possam assistir o Leil\u00e3o Reprodutores Fazendas do Basa Gir Leiteiro.<\/p>\n\n\n\n<p>Na quinta-feira (21) o evento contar\u00e1, a partir das 10h30, com a importante palestra \u201cReprodu\u00e7\u00e3o Assistida &#8211; Transfer\u00eancia de Embri\u00f5es\u201d, promovida pelas Fazendas do Basa, do pecuarista Evandro Guimar\u00e3es. A palestra ter\u00e1 as presen\u00e7as de visitantes de duas institui\u00e7\u00f5es da regi\u00e3o: Zootecnia, do IF Sudeste Campus Rio Pomba e de Medicina Veterin\u00e1ria, da Faculdade Sudam\u00e9rica em Cataguases, al\u00e9m dos produtores rurais.<\/p>\n\n\n\n<p>\u201c\u00c0s 14h00, n\u00f3s teremos um ponto de encontro para assistirmos o 5\u00ba Grande Leil\u00e3o Online do N\u00facleo de Girolando GiroVale, que \u00e9 do Vale do Para\u00edba, que estar\u00e1 aqui nos prestigiando na nossa Exposi\u00e7\u00e3o. Na sexta-feira (22) iniciamos os julgamentos a partir das 08h00 com o julgamento dos machos\u201d, confirmou Cl\u00e1udio Moura, acrescentando que depois desses julgamentos ser\u00e1 formalmente realizada a abertura oficial da Primeira Exposi\u00e7\u00e3o Regional Girolando Sem Fronteiras, prevista para as 09h00.<\/p>\n\n\n\n<p>A programa\u00e7\u00e3o tem sequ\u00eancia ap\u00f3s a solenidade de abertura com o o rein\u00edcio dos julgamentos, que ir\u00e3o at\u00e9 o final do dia, por volta das 18h00 ou 19h00.<\/p>\n\n\n\n<p>\u201c\u00c9 extremamente prazeroso pra gente que tamb\u00e9m \u00e9 criador de Girolando poder fazer Leopoldina sediar um evento com essa grandeza que a gente espera. Uma exposi\u00e7\u00e3o regional onde teremos inclusive propriet\u00e1rios girolandistas de outros estados nos prestigiando, trazendo animais de excelente qualidade\u201d, afirmou Cl\u00e1udio Moura, convidando a todos para prestigiarem essa que \u00e9 a Primeira Exposi\u00e7\u00e3o Regional Girolando Sem Fronteiras.<\/p>\n\n\n\n<p><strong>Apoio: Fazendas do BASA<\/strong><\/p>\n\n\n\n<p><\/p>\n\n\n\n<p><strong>Confira a programa\u00e7\u00e3o completa:<\/strong><\/p>\n\n\n\n<figure class=\"wp-block-image size-large is-resized\"><img loading=\"lazy\" decoding=\"async\" src=\"https:\/\/ovigilanteonline.com.br\/site\/wp-content\/uploads\/2022\/04\/WhatsApp-Image-2022-04-13-at-20.46.17-1-724x1024.jpeg\" alt=\"\" class=\"wp-image-404501\" width=\"849\" height=\"1201\" srcset=\"https:\/\/www.ovigilanteonline.com.br\/site\/wp-content\/uploads\/2022\/04\/WhatsApp-Image-2022-04-13-at-20.46.17-1-724x1024.jpeg 724w, https:\/\/www.ovigilanteonline.com.br\/site\/wp-content\/uploads\/2022\/04\/WhatsApp-Image-2022-04-13-at-20.46.17-1-212x300.jpeg 212w, https:\/\/www.ovigilanteonline.com.br\/site\/wp-content\/uploads\/2022\/04\/WhatsApp-Image-2022-04-13-at-20.46.17-1-768x1086.jpeg 768w, https:\/\/www.ovigilanteonline.com.br\/site\/wp-content\/uploads\/2022\/04\/WhatsApp-Image-2022-04-13-at-20.46.17-1-600x849.jpeg 600w, https:\/\/www.ovigilanteonline.com.br\/site\/wp-content\/uploads\/2022\/04\/WhatsApp-Image-2022-04-13-at-20.46.17-1.jpeg 905w\" sizes=\"auto, (max-width: 849px) 100vw, 849px\" \/><\/figure>\n\n\n\n<p>Jornal O Vigilante Online <\/p>\n\n\n\n<p><strong>leia tamb\u00e9m:<\/strong><\/p>\n\n\n\n<figure class=\"wp-block-embed is-type-wp-embed is-provider-o-vigilante-online wp-block-embed-o-vigilante-online\"><div class=\"wp-block-embed__wrapper\">\n<blockquote class=\"wp-embedded-content\" data-secret=\"CCnlPtpzp4\"><a href=\"https:\/\/www.ovigilanteonline.com.br\/site\/2022\/04\/11\/de-18-a-23-de-abril-leopoldina-sedia-primeira-exposicao-regional-girolando-sem-fronteiras\/\">De 18 a 23 de abril Leopoldina sedia Primeira Exposi\u00e7\u00e3o Regional Girolando Sem Fronteiras<\/a><\/blockquote><iframe loading=\"lazy\" class=\"wp-embedded-content\" sandbox=\"allow-scripts\" security=\"restricted\" style=\"position: absolute; clip: rect(1px, 1px, 1px, 1px);\" title=\"&#8220;De 18 a 23 de abril Leopoldina sedia Primeira Exposi\u00e7\u00e3o Regional Girolando Sem Fronteiras&#8221; &#8212; O VIGILANTE ONLINE\" src=\"https:\/\/www.ovigilanteonline.com.br\/site\/2022\/04\/11\/de-18-a-23-de-abril-leopoldina-sedia-primeira-exposicao-regional-girolando-sem-fronteiras\/embed\/#?secret=m5ioFWd7NL#?secret=CCnlPtpzp4\" data-secret=\"CCnlPtpzp4\" width=\"600\" height=\"338\" frameborder=\"0\" marginwidth=\"0\" marginheight=\"0\" scrolling=\"no\"><\/iframe>\n<\/div><\/figure>\n","protected":false},"excerpt":{"rendered":"<p>Dentre as atra\u00e7\u00f5es, na quinta (21) \u00e0s 10h30 destaque para a palestra \u201cReprodu\u00e7\u00e3o Assistida &#8211; Transfer\u00eancia de Embri\u00f5es\u201d, promovida pelas Fazendas do Basa. Confira a programa\u00e7\u00e3o completa. Na tarde desta segunda-feira, dia 18 de abril, a Primeira Exposi\u00e7\u00e3o Regional Girolando Sem Fronteiras, no Parque de Exposi\u00e7\u00f5es Jos\u00e9 Ribeiro dos Reis em Leopoldina come\u00e7ou a receber [&hellip;]<\/p>\n","protected":false},"author":2,"featured_media":404680,"comment_status":"open","ping_status":"open","sticky":false,"template":"","format":"standard","meta":{"footnotes":""},"categories":[19,26],"tags":[],"class_list":["post-404678","post","type-post","status-publish","format-standard","has-post-thumbnail","hentry","category-giro-vigilante","category-ultimas-noticias"],"yoast_head":"<!-- This site is optimized with the Yoast SEO plugin v27.4 - https:\/\/yoast.com\/product\/yoast-seo-wordpress\/ -->\n<title>Criadores de MG e outros estados participam da I\u00aa Exposi\u00e7\u00e3o Regional Girolando Sem Fronteiras em Leopoldina<\/title>\n<meta name=\"robots\" content=\"index, follow, max-snippet:-1, max-image-preview:large, max-video-preview:-1\" \/>\n<link rel=\"canonical\" href=\"https:\/\/www.ovigilanteonline.com.br\/site\/2022\/04\/19\/criadores-de-mg-e-outros-estados-participam-da-ia-exposicao-regional-girolando-sem-fronteiras-em-leopoldina\/\" \/>\n<meta property=\"og:locale\" content=\"pt_BR\" \/>\n<meta property=\"og:type\" content=\"article\" \/>\n<meta property=\"og:title\" content=\"Criadores de MG e outros estados participam da I\u00aa Exposi\u00e7\u00e3o Regional Girolando Sem Fronteiras em Leopoldina\" \/>\n<meta property=\"og:description\" content=\"Dentre as atra\u00e7\u00f5es, na quinta (21) \u00e0s 10h30 destaque para a palestra \u201cReprodu\u00e7\u00e3o Assistida &#8211; Transfer\u00eancia de Embri\u00f5es\u201d, promovida pelas Fazendas do Basa. Confira a programa\u00e7\u00e3o completa. Na tarde desta segunda-feira, dia 18 de abril, a Primeira Exposi\u00e7\u00e3o Regional Girolando Sem Fronteiras, no Parque de Exposi\u00e7\u00f5es Jos\u00e9 Ribeiro dos Reis em Leopoldina come\u00e7ou a receber [&hellip;]\" \/>\n<meta property=\"og:url\" content=\"https:\/\/www.ovigilanteonline.com.br\/site\/2022\/04\/19\/criadores-de-mg-e-outros-estados-participam-da-ia-exposicao-regional-girolando-sem-fronteiras-em-leopoldina\/\" \/>\n<meta property=\"og:site_name\" content=\"O VIGILANTE ONLINE\" \/>\n<meta property=\"article:publisher\" content=\"https:\/\/www.facebook.com\/ovigilanteonline\" \/>\n<meta property=\"article:published_time\" content=\"2022-04-19T16:35:28+00:00\" \/>\n<meta property=\"article:modified_time\" content=\"2022-04-21T15:08:05+00:00\" \/>\n<meta property=\"og:image\" content=\"https:\/\/www.ovigilanteonline.com.br\/site\/wp-content\/uploads\/2022\/04\/girolando.jpeg\" \/>\n\t<meta property=\"og:image:width\" content=\"900\" \/>\n\t<meta property=\"og:image:height\" content=\"552\" \/>\n\t<meta property=\"og:image:type\" content=\"image\/jpeg\" \/>\n<meta name=\"author\" content=\"Jornalismo\" \/>\n<meta name=\"twitter:card\" content=\"summary_large_image\" \/>\n<meta name=\"twitter:label1\" content=\"Escrito por\" \/>\n\t<meta name=\"twitter:data1\" content=\"Jornalismo\" \/>\n\t<meta name=\"twitter:label2\" content=\"Est. tempo de leitura\" \/>\n\t<meta name=\"twitter:data2\" content=\"4 minutos\" \/>\n<script type=\"application\/ld+json\" class=\"yoast-schema-graph\">{\"@context\":\"https:\\\/\\\/schema.org\",\"@graph\":[{\"@type\":\"Article\",\"@id\":\"https:\\\/\\\/www.ovigilanteonline.com.br\\\/site\\\/2022\\\/04\\\/19\\\/criadores-de-mg-e-outros-estados-participam-da-ia-exposicao-regional-girolando-sem-fronteiras-em-leopoldina\\\/#article\",\"isPartOf\":{\"@id\":\"https:\\\/\\\/www.ovigilanteonline.com.br\\\/site\\\/2022\\\/04\\\/19\\\/criadores-de-mg-e-outros-estados-participam-da-ia-exposicao-regional-girolando-sem-fronteiras-em-leopoldina\\\/\"},\"author\":{\"name\":\"Jornalismo\",\"@id\":\"https:\\\/\\\/www.ovigilanteonline.com.br\\\/site\\\/#\\\/schema\\\/person\\\/538fdfb33c0c411cd14a732e7cf14aa6\"},\"headline\":\"Criadores de MG e outros estados participam da I\u00aa Exposi\u00e7\u00e3o Regional Girolando Sem Fronteiras em Leopoldina\",\"datePublished\":\"2022-04-19T16:35:28+00:00\",\"dateModified\":\"2022-04-21T15:08:05+00:00\",\"mainEntityOfPage\":{\"@id\":\"https:\\\/\\\/www.ovigilanteonline.com.br\\\/site\\\/2022\\\/04\\\/19\\\/criadores-de-mg-e-outros-estados-participam-da-ia-exposicao-regional-girolando-sem-fronteiras-em-leopoldina\\\/\"},\"wordCount\":567,\"commentCount\":3,\"image\":{\"@id\":\"https:\\\/\\\/www.ovigilanteonline.com.br\\\/site\\\/2022\\\/04\\\/19\\\/criadores-de-mg-e-outros-estados-participam-da-ia-exposicao-regional-girolando-sem-fronteiras-em-leopoldina\\\/#primaryimage\"},\"thumbnailUrl\":\"https:\\\/\\\/www.ovigilanteonline.com.br\\\/site\\\/wp-content\\\/uploads\\\/2022\\\/04\\\/girolando.jpeg\",\"articleSection\":[\"Giro Vigilante\",\"\u00daltimas Not\u00edcias\"],\"inLanguage\":\"pt-BR\",\"potentialAction\":[{\"@type\":\"CommentAction\",\"name\":\"Comment\",\"target\":[\"https:\\\/\\\/www.ovigilanteonline.com.br\\\/site\\\/2022\\\/04\\\/19\\\/criadores-de-mg-e-outros-estados-participam-da-ia-exposicao-regional-girolando-sem-fronteiras-em-leopoldina\\\/#respond\"]}]},{\"@type\":\"WebPage\",\"@id\":\"https:\\\/\\\/www.ovigilanteonline.com.br\\\/site\\\/2022\\\/04\\\/19\\\/criadores-de-mg-e-outros-estados-participam-da-ia-exposicao-regional-girolando-sem-fronteiras-em-leopoldina\\\/\",\"url\":\"https:\\\/\\\/www.ovigilanteonline.com.br\\\/site\\\/2022\\\/04\\\/19\\\/criadores-de-mg-e-outros-estados-participam-da-ia-exposicao-regional-girolando-sem-fronteiras-em-leopoldina\\\/\",\"name\":\"Criadores de MG e outros estados participam da I\u00aa Exposi\u00e7\u00e3o Regional Girolando Sem Fronteiras em Leopoldina\",\"isPartOf\":{\"@id\":\"https:\\\/\\\/www.ovigilanteonline.com.br\\\/site\\\/#website\"},\"primaryImageOfPage\":{\"@id\":\"https:\\\/\\\/www.ovigilanteonline.com.br\\\/site\\\/2022\\\/04\\\/19\\\/criadores-de-mg-e-outros-estados-participam-da-ia-exposicao-regional-girolando-sem-fronteiras-em-leopoldina\\\/#primaryimage\"},\"image\":{\"@id\":\"https:\\\/\\\/www.ovigilanteonline.com.br\\\/site\\\/2022\\\/04\\\/19\\\/criadores-de-mg-e-outros-estados-participam-da-ia-exposicao-regional-girolando-sem-fronteiras-em-leopoldina\\\/#primaryimage\"},\"thumbnailUrl\":\"https:\\\/\\\/www.ovigilanteonline.com.br\\\/site\\\/wp-content\\\/uploads\\\/2022\\\/04\\\/girolando.jpeg\",\"datePublished\":\"2022-04-19T16:35:28+00:00\",\"dateModified\":\"2022-04-21T15:08:05+00:00\",\"author\":{\"@id\":\"https:\\\/\\\/www.ovigilanteonline.com.br\\\/site\\\/#\\\/schema\\\/person\\\/538fdfb33c0c411cd14a732e7cf14aa6\"},\"breadcrumb\":{\"@id\":\"https:\\\/\\\/www.ovigilanteonline.com.br\\\/site\\\/2022\\\/04\\\/19\\\/criadores-de-mg-e-outros-estados-participam-da-ia-exposicao-regional-girolando-sem-fronteiras-em-leopoldina\\\/#breadcrumb\"},\"inLanguage\":\"pt-BR\",\"potentialAction\":[{\"@type\":\"ReadAction\",\"target\":[\"https:\\\/\\\/www.ovigilanteonline.com.br\\\/site\\\/2022\\\/04\\\/19\\\/criadores-de-mg-e-outros-estados-participam-da-ia-exposicao-regional-girolando-sem-fronteiras-em-leopoldina\\\/\"]}]},{\"@type\":\"ImageObject\",\"inLanguage\":\"pt-BR\",\"@id\":\"https:\\\/\\\/www.ovigilanteonline.com.br\\\/site\\\/2022\\\/04\\\/19\\\/criadores-de-mg-e-outros-estados-participam-da-ia-exposicao-regional-girolando-sem-fronteiras-em-leopoldina\\\/#primaryimage\",\"url\":\"https:\\\/\\\/www.ovigilanteonline.com.br\\\/site\\\/wp-content\\\/uploads\\\/2022\\\/04\\\/girolando.jpeg\",\"contentUrl\":\"https:\\\/\\\/www.ovigilanteonline.com.br\\\/site\\\/wp-content\\\/uploads\\\/2022\\\/04\\\/girolando.jpeg\",\"width\":900,\"height\":552},{\"@type\":\"BreadcrumbList\",\"@id\":\"https:\\\/\\\/www.ovigilanteonline.com.br\\\/site\\\/2022\\\/04\\\/19\\\/criadores-de-mg-e-outros-estados-participam-da-ia-exposicao-regional-girolando-sem-fronteiras-em-leopoldina\\\/#breadcrumb\",\"itemListElement\":[{\"@type\":\"ListItem\",\"position\":1,\"name\":\"In\u00edcio\",\"item\":\"https:\\\/\\\/www.ovigilanteonline.com.br\\\/site\\\/\"},{\"@type\":\"ListItem\",\"position\":2,\"name\":\"Criadores de MG e outros estados participam da I\u00aa Exposi\u00e7\u00e3o Regional Girolando Sem Fronteiras em Leopoldina\"}]},{\"@type\":\"WebSite\",\"@id\":\"https:\\\/\\\/www.ovigilanteonline.com.br\\\/site\\\/#website\",\"url\":\"https:\\\/\\\/www.ovigilanteonline.com.br\\\/site\\\/\",\"name\":\"O VIGILANTE ONLINE - Not\u00edcias de Leopoldina e regi\u00e3o\",\"description\":\"\",\"potentialAction\":[{\"@type\":\"SearchAction\",\"target\":{\"@type\":\"EntryPoint\",\"urlTemplate\":\"https:\\\/\\\/www.ovigilanteonline.com.br\\\/site\\\/?s={search_term_string}\"},\"query-input\":{\"@type\":\"PropertyValueSpecification\",\"valueRequired\":true,\"valueName\":\"search_term_string\"}}],\"inLanguage\":\"pt-BR\"},{\"@type\":\"Person\",\"@id\":\"https:\\\/\\\/www.ovigilanteonline.com.br\\\/site\\\/#\\\/schema\\\/person\\\/538fdfb33c0c411cd14a732e7cf14aa6\",\"name\":\"Jornalismo\"}]}<\/script>\n<!-- \/ Yoast SEO plugin. -->","yoast_head_json":{"title":"Criadores de MG e outros estados participam da I\u00aa Exposi\u00e7\u00e3o Regional Girolando Sem Fronteiras em Leopoldina","robots":{"index":"index","follow":"follow","max-snippet":"max-snippet:-1","max-image-preview":"max-image-preview:large","max-video-preview":"max-video-preview:-1"},"canonical":"https:\/\/www.ovigilanteonline.com.br\/site\/2022\/04\/19\/criadores-de-mg-e-outros-estados-participam-da-ia-exposicao-regional-girolando-sem-fronteiras-em-leopoldina\/","og_locale":"pt_BR","og_type":"article","og_title":"Criadores de MG e outros estados participam da I\u00aa Exposi\u00e7\u00e3o Regional Girolando Sem Fronteiras em Leopoldina","og_description":"Dentre as atra\u00e7\u00f5es, na quinta (21) \u00e0s 10h30 destaque para a palestra \u201cReprodu\u00e7\u00e3o Assistida &#8211; Transfer\u00eancia de Embri\u00f5es\u201d, promovida pelas Fazendas do Basa. Confira a programa\u00e7\u00e3o completa. Na tarde desta segunda-feira, dia 18 de abril, a Primeira Exposi\u00e7\u00e3o Regional Girolando Sem Fronteiras, no Parque de Exposi\u00e7\u00f5es Jos\u00e9 Ribeiro dos Reis em Leopoldina come\u00e7ou a receber [&hellip;]","og_url":"https:\/\/www.ovigilanteonline.com.br\/site\/2022\/04\/19\/criadores-de-mg-e-outros-estados-participam-da-ia-exposicao-regional-girolando-sem-fronteiras-em-leopoldina\/","og_site_name":"O VIGILANTE ONLINE","article_publisher":"https:\/\/www.facebook.com\/ovigilanteonline","article_published_time":"2022-04-19T16:35:28+00:00","article_modified_time":"2022-04-21T15:08:05+00:00","og_image":[{"width":900,"height":552,"url":"https:\/\/www.ovigilanteonline.com.br\/site\/wp-content\/uploads\/2022\/04\/girolando.jpeg","type":"image\/jpeg"}],"author":"Jornalismo","twitter_card":"summary_large_image","twitter_misc":{"Escrito por":"Jornalismo","Est. tempo de leitura":"4 minutos"},"schema":{"@context":"https:\/\/schema.org","@graph":[{"@type":"Article","@id":"https:\/\/www.ovigilanteonline.com.br\/site\/2022\/04\/19\/criadores-de-mg-e-outros-estados-participam-da-ia-exposicao-regional-girolando-sem-fronteiras-em-leopoldina\/#article","isPartOf":{"@id":"https:\/\/www.ovigilanteonline.com.br\/site\/2022\/04\/19\/criadores-de-mg-e-outros-estados-participam-da-ia-exposicao-regional-girolando-sem-fronteiras-em-leopoldina\/"},"author":{"name":"Jornalismo","@id":"https:\/\/www.ovigilanteonline.com.br\/site\/#\/schema\/person\/538fdfb33c0c411cd14a732e7cf14aa6"},"headline":"Criadores de MG e outros estados participam da I\u00aa Exposi\u00e7\u00e3o Regional Girolando Sem Fronteiras em Leopoldina","datePublished":"2022-04-19T16:35:28+00:00","dateModified":"2022-04-21T15:08:05+00:00","mainEntityOfPage":{"@id":"https:\/\/www.ovigilanteonline.com.br\/site\/2022\/04\/19\/criadores-de-mg-e-outros-estados-participam-da-ia-exposicao-regional-girolando-sem-fronteiras-em-leopoldina\/"},"wordCount":567,"commentCount":3,"image":{"@id":"https:\/\/www.ovigilanteonline.com.br\/site\/2022\/04\/19\/criadores-de-mg-e-outros-estados-participam-da-ia-exposicao-regional-girolando-sem-fronteiras-em-leopoldina\/#primaryimage"},"thumbnailUrl":"https:\/\/www.ovigilanteonline.com.br\/site\/wp-content\/uploads\/2022\/04\/girolando.jpeg","articleSection":["Giro Vigilante","\u00daltimas Not\u00edcias"],"inLanguage":"pt-BR","potentialAction":[{"@type":"CommentAction","name":"Comment","target":["https:\/\/www.ovigilanteonline.com.br\/site\/2022\/04\/19\/criadores-de-mg-e-outros-estados-participam-da-ia-exposicao-regional-girolando-sem-fronteiras-em-leopoldina\/#respond"]}]},{"@type":"WebPage","@id":"https:\/\/www.ovigilanteonline.com.br\/site\/2022\/04\/19\/criadores-de-mg-e-outros-estados-participam-da-ia-exposicao-regional-girolando-sem-fronteiras-em-leopoldina\/","url":"https:\/\/www.ovigilanteonline.com.br\/site\/2022\/04\/19\/criadores-de-mg-e-outros-estados-participam-da-ia-exposicao-regional-girolando-sem-fronteiras-em-leopoldina\/","name":"Criadores de MG e outros estados participam da I\u00aa Exposi\u00e7\u00e3o Regional Girolando Sem Fronteiras em Leopoldina","isPartOf":{"@id":"https:\/\/www.ovigilanteonline.com.br\/site\/#website"},"primaryImageOfPage":{"@id":"https:\/\/www.ovigilanteonline.com.br\/site\/2022\/04\/19\/criadores-de-mg-e-outros-estados-participam-da-ia-exposicao-regional-girolando-sem-fronteiras-em-leopoldina\/#primaryimage"},"image":{"@id":"https:\/\/www.ovigilanteonline.com.br\/site\/2022\/04\/19\/criadores-de-mg-e-outros-estados-participam-da-ia-exposicao-regional-girolando-sem-fronteiras-em-leopoldina\/#primaryimage"},"thumbnailUrl":"https:\/\/www.ovigilanteonline.com.br\/site\/wp-content\/uploads\/2022\/04\/girolando.jpeg","datePublished":"2022-04-19T16:35:28+00:00","dateModified":"2022-04-21T15:08:05+00:00","author":{"@id":"https:\/\/www.ovigilanteonline.com.br\/site\/#\/schema\/person\/538fdfb33c0c411cd14a732e7cf14aa6"},"breadcrumb":{"@id":"https:\/\/www.ovigilanteonline.com.br\/site\/2022\/04\/19\/criadores-de-mg-e-outros-estados-participam-da-ia-exposicao-regional-girolando-sem-fronteiras-em-leopoldina\/#breadcrumb"},"inLanguage":"pt-BR","potentialAction":[{"@type":"ReadAction","target":["https:\/\/www.ovigilanteonline.com.br\/site\/2022\/04\/19\/criadores-de-mg-e-outros-estados-participam-da-ia-exposicao-regional-girolando-sem-fronteiras-em-leopoldina\/"]}]},{"@type":"ImageObject","inLanguage":"pt-BR","@id":"https:\/\/www.ovigilanteonline.com.br\/site\/2022\/04\/19\/criadores-de-mg-e-outros-estados-participam-da-ia-exposicao-regional-girolando-sem-fronteiras-em-leopoldina\/#primaryimage","url":"https:\/\/www.ovigilanteonline.com.br\/site\/wp-content\/uploads\/2022\/04\/girolando.jpeg","contentUrl":"https:\/\/www.ovigilanteonline.com.br\/site\/wp-content\/uploads\/2022\/04\/girolando.jpeg","width":900,"height":552},{"@type":"BreadcrumbList","@id":"https:\/\/www.ovigilanteonline.com.br\/site\/2022\/04\/19\/criadores-de-mg-e-outros-estados-participam-da-ia-exposicao-regional-girolando-sem-fronteiras-em-leopoldina\/#breadcrumb","itemListElement":[{"@type":"ListItem","position":1,"name":"In\u00edcio","item":"https:\/\/www.ovigilanteonline.com.br\/site\/"},{"@type":"ListItem","position":2,"name":"Criadores de MG e outros estados participam da I\u00aa Exposi\u00e7\u00e3o Regional Girolando Sem Fronteiras em Leopoldina"}]},{"@type":"WebSite","@id":"https:\/\/www.ovigilanteonline.com.br\/site\/#website","url":"https:\/\/www.ovigilanteonline.com.br\/site\/","name":"O VIGILANTE ONLINE - Not\u00edcias de Leopoldina e regi\u00e3o","description":"","potentialAction":[{"@type":"SearchAction","target":{"@type":"EntryPoint","urlTemplate":"https:\/\/www.ovigilanteonline.com.br\/site\/?s={search_term_string}"},"query-input":{"@type":"PropertyValueSpecification","valueRequired":true,"valueName":"search_term_string"}}],"inLanguage":"pt-BR"},{"@type":"Person","@id":"https:\/\/www.ovigilanteonline.com.br\/site\/#\/schema\/person\/538fdfb33c0c411cd14a732e7cf14aa6","name":"Jornalismo"}]}},"cc_featured_image_caption":{"caption_text":"","source_text":"","source_url":""},"_links":{"self":[{"href":"https:\/\/www.ovigilanteonline.com.br\/site\/wp-json\/wp\/v2\/posts\/404678","targetHints":{"allow":["GET"]}}],"collection":[{"href":"https:\/\/www.ovigilanteonline.com.br\/site\/wp-json\/wp\/v2\/posts"}],"about":[{"href":"https:\/\/www.ovigilanteonline.com.br\/site\/wp-json\/wp\/v2\/types\/post"}],"author":[{"embeddable":true,"href":"https:\/\/www.ovigilanteonline.com.br\/site\/wp-json\/wp\/v2\/users\/2"}],"replies":[{"embeddable":true,"href":"https:\/\/www.ovigilanteonline.com.br\/site\/wp-json\/wp\/v2\/comments?post=404678"}],"version-history":[{"count":0,"href":"https:\/\/www.ovigilanteonline.com.br\/site\/wp-json\/wp\/v2\/posts\/404678\/revisions"}],"wp:featuredmedia":[{"embeddable":true,"href":"https:\/\/www.ovigilanteonline.com.br\/site\/wp-json\/wp\/v2\/media\/404680"}],"wp:attachment":[{"href":"https:\/\/www.ovigilanteonline.com.br\/site\/wp-json\/wp\/v2\/media?parent=404678"}],"wp:term":[{"taxonomy":"category","embeddable":true,"href":"https:\/\/www.ovigilanteonline.com.br\/site\/wp-json\/wp\/v2\/categories?post=404678"},{"taxonomy":"post_tag","embeddable":true,"href":"https:\/\/www.ovigilanteonline.com.br\/site\/wp-json\/wp\/v2\/tags?post=404678"}],"curies":[{"name":"wp","href":"https:\/\/api.w.org\/{rel}","templated":true}]}}