{"id":404357,"date":"2022-04-11T17:33:59","date_gmt":"2022-04-11T20:33:59","guid":{"rendered":"https:\/\/ovigilanteonline.com.br\/site\/?p=404357"},"modified":"2022-05-03T15:19:25","modified_gmt":"2022-05-03T18:19:25","slug":"de-18-a-23-de-abril-leopoldina-sedia-primeira-exposicao-regional-girolando-sem-fronteiras","status":"publish","type":"post","link":"https:\/\/www.ovigilanteonline.com.br\/site\/2022\/04\/11\/de-18-a-23-de-abril-leopoldina-sedia-primeira-exposicao-regional-girolando-sem-fronteiras\/","title":{"rendered":"De 18 a 23 de abril Leopoldina sedia Primeira Exposi\u00e7\u00e3o Regional Girolando Sem Fronteiras"},"content":{"rendered":"\n<p><em><strong>Realizado no Parque de Exposi\u00e7\u00f5es, evento consolida a enorme tradi\u00e7\u00e3o de Leopoldina na pecu\u00e1ria leiteira.<\/strong><\/em><\/p>\n\n\n\n<p>De 18 a 23 de abril ser\u00e1 realizada em Leopoldina a Primeira Exposi\u00e7\u00e3o Regional Girolando Sem Fronteiras, no Parque de Exposi\u00e7\u00f5es Jos\u00e9 Ribeiro dos Reis. Realizado pela Associa\u00e7\u00e3o dos Criadores Girolando Sem Fronteiras, presidida pelo empres\u00e1rio Cl\u00e1udio Moura (Mouragro), o evento antecede a 84\u00aa Exposi\u00e7\u00e3o Agropecu\u00e1ria de Leopoldina, que acontecer\u00e1 de 3 a 10 de julho.<\/p>\n\n\n\n<div class=\"wp-block-image\"><figure class=\"alignleft size-full is-resized\"><img loading=\"lazy\" decoding=\"async\" src=\"https:\/\/ovigilanteonline.com.br\/site\/wp-content\/uploads\/2022\/04\/paulo-junqueira.jpeg\" alt=\"\" class=\"wp-image-404370\" width=\"307\" height=\"295\" srcset=\"https:\/\/www.ovigilanteonline.com.br\/site\/wp-content\/uploads\/2022\/04\/paulo-junqueira.jpeg 600w, https:\/\/www.ovigilanteonline.com.br\/site\/wp-content\/uploads\/2022\/04\/paulo-junqueira-300x288.jpeg 300w\" sizes=\"auto, (max-width: 307px) 100vw, 307px\" \/><figcaption><strong>Paulo Junqueira<\/strong><\/figcaption><\/figure><\/div>\n\n\n\n<p>De acordo com Paulo Junqueira (Ch\u00e1cara do Desengano), um dos diretores da Associa\u00e7\u00e3o Girolando Sem Fronteiras em Leopoldina, esta \u00e9 a primeira Exposi\u00e7\u00e3o Regional do g\u00eanero com a participa\u00e7\u00e3o de criadores de v\u00e1rios n\u00facleos da Zona da Mata.<\/p>\n\n\n\n<p>\u201cNos dias 22 e 23 de abril teremos o Julgamento de Pista. Na quarta-feira, dia 20 de abril, \u00e0 noite, ser\u00e1 realizado um leil\u00e3o virtual de tourinhos do Basa, promovido pelas Fazendas do Basa, do pecuarista Evandro Guimar\u00e3es\u201d, informou Paulo Junqueira, esclarecendo que ser\u00e1 colocado um tel\u00e3o no recinto da Exposi\u00e7\u00e3o para transmiss\u00e3o desse leil\u00e3o.<\/p>\n\n\n\n<p>Na quinta-feira, dia 21, \u00e0s 14h00, ser\u00e1 realizado outro leil\u00e3o virtual, com a mesma estrutura de apoio com tel\u00e3o. \u201cTeremos o leil\u00e3o online de gado leiteiro do n\u00facleo Girovale, do Vale do Para\u00edba \u2013 SP, que esse ano participa da Exposi\u00e7\u00e3o Regional Girolando Sem Fronteiras\u201d, frisou o diretor, acrescentando que todos os dias da Primeira Exposi\u00e7\u00e3o Regional Girolando Sem Fronteiras a entrada ser\u00e1 gratuita.<\/p>\n\n\n\n<div class=\"wp-block-image\"><figure class=\"alignright size-full is-resized\"><img loading=\"lazy\" decoding=\"async\" src=\"https:\/\/ovigilanteonline.com.br\/site\/wp-content\/uploads\/2022\/04\/evandro-guimaraes.jpg\" alt=\"\" class=\"wp-image-404358\" width=\"371\" height=\"286\" srcset=\"https:\/\/www.ovigilanteonline.com.br\/site\/wp-content\/uploads\/2022\/04\/evandro-guimaraes.jpg 584w, https:\/\/www.ovigilanteonline.com.br\/site\/wp-content\/uploads\/2022\/04\/evandro-guimaraes-300x231.jpg 300w\" sizes=\"auto, (max-width: 371px) 100vw, 371px\" \/><figcaption><strong> Evandro Guimar\u00e3es<\/strong><\/figcaption><\/figure><\/div>\n\n\n\n<p>O pecuarista Evandro do Carmo Guimar\u00e3es, das Fazendas do Basa, destacou a realiza\u00e7\u00e3o da Exposi\u00e7\u00e3o Regional Girolando Sem Fronteiras, real\u00e7ando a enorme tradi\u00e7\u00e3o de Leopoldina na pecu\u00e1ria leiteira: \u201cEsse m\u00eas teremos uma grande exposi\u00e7\u00e3o de Girolando, turbinada pelo excelente Paulo Junqueira, da espetacular Ch\u00e1cara do Desengano. Festa para os produtores de leite da Zona da Mata Mineira, abandonados Brasileiros. Carentes de pol\u00edticas p\u00fablicas eficazes, estamos perdendo produtores de leite a cada dia, em especial aqueles de pequeno e m\u00e9dio porte. Onde ser\u00e3o realocados os milh\u00f5es de empregos do setor? Quando a tecnologia vai se disseminar para todos os produtores de leite? O que fazem tantas entidades para melhorar a situa\u00e7\u00e3o dos produtores? O que podemos fazer de nossa parte para agir construtivamente nesse caso? Al\u00e9m dos belos animais que estar\u00e3o expostos e na pista, devemos aproveitar esse evento e avaliarmos, debatermos, divulgarmos o que deixamos de fazer pelo setor, pela Zona da Mata Mineira e pelo Brasil. Estaremos presentes, participem. \u00c9 um evento carregado de civismo\u201d, concluiu Evandro Guimar\u00e3es.<\/p>\n\n\n\n<p>Mais informa\u00e7\u00f5es sobre a Primeira Exposi\u00e7\u00e3o Regional Girolando Sem Fronteiras podem ser obtidas com Paulo Junqueira (32 98443-9594) e Cl\u00e1udio Moura (32 9 9974-6600).<\/p>\n\n\n\n<figure class=\"wp-block-image size-large is-resized\"><img loading=\"lazy\" decoding=\"async\" src=\"https:\/\/ovigilanteonline.com.br\/site\/wp-content\/uploads\/2022\/04\/WhatsApp-Image-2022-04-13-at-20.46.17-1-724x1024.jpeg\" alt=\"\" class=\"wp-image-404501\" width=\"842\" height=\"1191\" srcset=\"https:\/\/www.ovigilanteonline.com.br\/site\/wp-content\/uploads\/2022\/04\/WhatsApp-Image-2022-04-13-at-20.46.17-1-724x1024.jpeg 724w, https:\/\/www.ovigilanteonline.com.br\/site\/wp-content\/uploads\/2022\/04\/WhatsApp-Image-2022-04-13-at-20.46.17-1-212x300.jpeg 212w, https:\/\/www.ovigilanteonline.com.br\/site\/wp-content\/uploads\/2022\/04\/WhatsApp-Image-2022-04-13-at-20.46.17-1-768x1086.jpeg 768w, https:\/\/www.ovigilanteonline.com.br\/site\/wp-content\/uploads\/2022\/04\/WhatsApp-Image-2022-04-13-at-20.46.17-1-600x849.jpeg 600w, https:\/\/www.ovigilanteonline.com.br\/site\/wp-content\/uploads\/2022\/04\/WhatsApp-Image-2022-04-13-at-20.46.17-1.jpeg 905w\" sizes=\"auto, (max-width: 842px) 100vw, 842px\" \/><\/figure>\n\n\n\n<p>Jornal O Vigilante Online<\/p>\n\n\n\n<p><strong>leia tamb\u00e9m:<\/strong><\/p>\n\n\n\n<figure class=\"wp-block-embed is-type-wp-embed is-provider-o-vigilante-online wp-block-embed-o-vigilante-online\"><div class=\"wp-block-embed__wrapper\">\n<blockquote class=\"wp-embedded-content\" data-secret=\"2Wqxv8LL2y\"><a href=\"https:\/\/www.ovigilanteonline.com.br\/site\/2022\/04\/01\/coopleste-confirma-realizacao-da-84a-exposicao-agropecuaria-de-leopoldina-em-julho\/\">Coopleste confirma realiza\u00e7\u00e3o da 84\u00aa Exposi\u00e7\u00e3o Agropecu\u00e1ria de Leopoldina em julho<\/a><\/blockquote><iframe loading=\"lazy\" class=\"wp-embedded-content\" sandbox=\"allow-scripts\" security=\"restricted\" style=\"position: absolute; clip: rect(1px, 1px, 1px, 1px);\" title=\"&#8220;Coopleste confirma realiza\u00e7\u00e3o da 84\u00aa Exposi\u00e7\u00e3o Agropecu\u00e1ria de Leopoldina em julho&#8221; &#8212; O VIGILANTE ONLINE\" src=\"https:\/\/www.ovigilanteonline.com.br\/site\/2022\/04\/01\/coopleste-confirma-realizacao-da-84a-exposicao-agropecuaria-de-leopoldina-em-julho\/embed\/#?secret=NCiC8fSVYh#?secret=2Wqxv8LL2y\" data-secret=\"2Wqxv8LL2y\" width=\"600\" height=\"338\" frameborder=\"0\" marginwidth=\"0\" marginheight=\"0\" scrolling=\"no\"><\/iframe>\n<\/div><\/figure>\n","protected":false},"excerpt":{"rendered":"<p>Realizado no Parque de Exposi\u00e7\u00f5es, evento consolida a enorme tradi\u00e7\u00e3o de Leopoldina na pecu\u00e1ria leiteira. De 18 a 23 de abril ser\u00e1 realizada em Leopoldina a Primeira Exposi\u00e7\u00e3o Regional Girolando Sem Fronteiras, no Parque de Exposi\u00e7\u00f5es Jos\u00e9 Ribeiro dos Reis. Realizado pela Associa\u00e7\u00e3o dos Criadores Girolando Sem Fronteiras, presidida pelo empres\u00e1rio Cl\u00e1udio Moura (Mouragro), o [&hellip;]<\/p>\n","protected":false},"author":2,"featured_media":404359,"comment_status":"open","ping_status":"open","sticky":false,"template":"","format":"standard","meta":{"footnotes":""},"categories":[13,17,19,11,12,26],"tags":[],"class_list":["post-404357","post","type-post","status-publish","format-standard","has-post-thumbnail","hentry","category-cidade","category-geral","category-giro-vigilante","category-leopoldina","category-regiao","category-ultimas-noticias"],"yoast_head":"<!-- This site is optimized with the Yoast SEO plugin v27.4 - https:\/\/yoast.com\/product\/yoast-seo-wordpress\/ -->\n<title>De 18 a 23 de abril Leopoldina sedia Primeira Exposi\u00e7\u00e3o Regional Girolando Sem Fronteiras<\/title>\n<meta name=\"robots\" content=\"index, follow, max-snippet:-1, max-image-preview:large, max-video-preview:-1\" \/>\n<link rel=\"canonical\" href=\"https:\/\/www.ovigilanteonline.com.br\/site\/2022\/04\/11\/de-18-a-23-de-abril-leopoldina-sedia-primeira-exposicao-regional-girolando-sem-fronteiras\/\" \/>\n<meta property=\"og:locale\" content=\"pt_BR\" \/>\n<meta property=\"og:type\" content=\"article\" \/>\n<meta property=\"og:title\" content=\"De 18 a 23 de abril Leopoldina sedia Primeira Exposi\u00e7\u00e3o Regional Girolando Sem Fronteiras\" \/>\n<meta property=\"og:description\" content=\"Realizado no Parque de Exposi\u00e7\u00f5es, evento consolida a enorme tradi\u00e7\u00e3o de Leopoldina na pecu\u00e1ria leiteira. De 18 a 23 de abril ser\u00e1 realizada em Leopoldina a Primeira Exposi\u00e7\u00e3o Regional Girolando Sem Fronteiras, no Parque de Exposi\u00e7\u00f5es Jos\u00e9 Ribeiro dos Reis. Realizado pela Associa\u00e7\u00e3o dos Criadores Girolando Sem Fronteiras, presidida pelo empres\u00e1rio Cl\u00e1udio Moura (Mouragro), o [&hellip;]\" \/>\n<meta property=\"og:url\" content=\"https:\/\/www.ovigilanteonline.com.br\/site\/2022\/04\/11\/de-18-a-23-de-abril-leopoldina-sedia-primeira-exposicao-regional-girolando-sem-fronteiras\/\" \/>\n<meta property=\"og:site_name\" content=\"O VIGILANTE ONLINE\" \/>\n<meta property=\"article:publisher\" content=\"https:\/\/www.facebook.com\/ovigilanteonline\" \/>\n<meta property=\"article:published_time\" content=\"2022-04-11T20:33:59+00:00\" \/>\n<meta property=\"article:modified_time\" content=\"2022-05-03T18:19:25+00:00\" \/>\n<meta property=\"og:image\" content=\"https:\/\/www.ovigilanteonline.com.br\/site\/wp-content\/uploads\/2022\/04\/girolando-sem-fronteira.jpg\" \/>\n\t<meta property=\"og:image:width\" content=\"900\" \/>\n\t<meta property=\"og:image:height\" content=\"558\" \/>\n\t<meta property=\"og:image:type\" content=\"image\/jpeg\" \/>\n<meta name=\"author\" content=\"Jornalismo\" \/>\n<meta name=\"twitter:card\" content=\"summary_large_image\" \/>\n<meta name=\"twitter:label1\" content=\"Escrito por\" \/>\n\t<meta name=\"twitter:data1\" content=\"Jornalismo\" \/>\n\t<meta name=\"twitter:label2\" content=\"Est. tempo de leitura\" \/>\n\t<meta name=\"twitter:data2\" content=\"3 minutos\" \/>\n<script type=\"application\/ld+json\" class=\"yoast-schema-graph\">{\"@context\":\"https:\\\/\\\/schema.org\",\"@graph\":[{\"@type\":\"Article\",\"@id\":\"https:\\\/\\\/www.ovigilanteonline.com.br\\\/site\\\/2022\\\/04\\\/11\\\/de-18-a-23-de-abril-leopoldina-sedia-primeira-exposicao-regional-girolando-sem-fronteiras\\\/#article\",\"isPartOf\":{\"@id\":\"https:\\\/\\\/www.ovigilanteonline.com.br\\\/site\\\/2022\\\/04\\\/11\\\/de-18-a-23-de-abril-leopoldina-sedia-primeira-exposicao-regional-girolando-sem-fronteiras\\\/\"},\"author\":{\"name\":\"Jornalismo\",\"@id\":\"https:\\\/\\\/www.ovigilanteonline.com.br\\\/site\\\/#\\\/schema\\\/person\\\/538fdfb33c0c411cd14a732e7cf14aa6\"},\"headline\":\"De 18 a 23 de abril Leopoldina sedia Primeira Exposi\u00e7\u00e3o Regional Girolando Sem Fronteiras\",\"datePublished\":\"2022-04-11T20:33:59+00:00\",\"dateModified\":\"2022-05-03T18:19:25+00:00\",\"mainEntityOfPage\":{\"@id\":\"https:\\\/\\\/www.ovigilanteonline.com.br\\\/site\\\/2022\\\/04\\\/11\\\/de-18-a-23-de-abril-leopoldina-sedia-primeira-exposicao-regional-girolando-sem-fronteiras\\\/\"},\"wordCount\":488,\"commentCount\":1,\"image\":{\"@id\":\"https:\\\/\\\/www.ovigilanteonline.com.br\\\/site\\\/2022\\\/04\\\/11\\\/de-18-a-23-de-abril-leopoldina-sedia-primeira-exposicao-regional-girolando-sem-fronteiras\\\/#primaryimage\"},\"thumbnailUrl\":\"https:\\\/\\\/www.ovigilanteonline.com.br\\\/site\\\/wp-content\\\/uploads\\\/2022\\\/04\\\/girolando-sem-fronteira.jpg\",\"articleSection\":[\"Cidade\",\"Geral\",\"Giro Vigilante\",\"Leopoldina\",\"Regi\u00e3o\",\"\u00daltimas Not\u00edcias\"],\"inLanguage\":\"pt-BR\",\"potentialAction\":[{\"@type\":\"CommentAction\",\"name\":\"Comment\",\"target\":[\"https:\\\/\\\/www.ovigilanteonline.com.br\\\/site\\\/2022\\\/04\\\/11\\\/de-18-a-23-de-abril-leopoldina-sedia-primeira-exposicao-regional-girolando-sem-fronteiras\\\/#respond\"]}]},{\"@type\":\"WebPage\",\"@id\":\"https:\\\/\\\/www.ovigilanteonline.com.br\\\/site\\\/2022\\\/04\\\/11\\\/de-18-a-23-de-abril-leopoldina-sedia-primeira-exposicao-regional-girolando-sem-fronteiras\\\/\",\"url\":\"https:\\\/\\\/www.ovigilanteonline.com.br\\\/site\\\/2022\\\/04\\\/11\\\/de-18-a-23-de-abril-leopoldina-sedia-primeira-exposicao-regional-girolando-sem-fronteiras\\\/\",\"name\":\"De 18 a 23 de abril Leopoldina sedia Primeira Exposi\u00e7\u00e3o Regional Girolando Sem Fronteiras\",\"isPartOf\":{\"@id\":\"https:\\\/\\\/www.ovigilanteonline.com.br\\\/site\\\/#website\"},\"primaryImageOfPage\":{\"@id\":\"https:\\\/\\\/www.ovigilanteonline.com.br\\\/site\\\/2022\\\/04\\\/11\\\/de-18-a-23-de-abril-leopoldina-sedia-primeira-exposicao-regional-girolando-sem-fronteiras\\\/#primaryimage\"},\"image\":{\"@id\":\"https:\\\/\\\/www.ovigilanteonline.com.br\\\/site\\\/2022\\\/04\\\/11\\\/de-18-a-23-de-abril-leopoldina-sedia-primeira-exposicao-regional-girolando-sem-fronteiras\\\/#primaryimage\"},\"thumbnailUrl\":\"https:\\\/\\\/www.ovigilanteonline.com.br\\\/site\\\/wp-content\\\/uploads\\\/2022\\\/04\\\/girolando-sem-fronteira.jpg\",\"datePublished\":\"2022-04-11T20:33:59+00:00\",\"dateModified\":\"2022-05-03T18:19:25+00:00\",\"author\":{\"@id\":\"https:\\\/\\\/www.ovigilanteonline.com.br\\\/site\\\/#\\\/schema\\\/person\\\/538fdfb33c0c411cd14a732e7cf14aa6\"},\"breadcrumb\":{\"@id\":\"https:\\\/\\\/www.ovigilanteonline.com.br\\\/site\\\/2022\\\/04\\\/11\\\/de-18-a-23-de-abril-leopoldina-sedia-primeira-exposicao-regional-girolando-sem-fronteiras\\\/#breadcrumb\"},\"inLanguage\":\"pt-BR\",\"potentialAction\":[{\"@type\":\"ReadAction\",\"target\":[\"https:\\\/\\\/www.ovigilanteonline.com.br\\\/site\\\/2022\\\/04\\\/11\\\/de-18-a-23-de-abril-leopoldina-sedia-primeira-exposicao-regional-girolando-sem-fronteiras\\\/\"]}]},{\"@type\":\"ImageObject\",\"inLanguage\":\"pt-BR\",\"@id\":\"https:\\\/\\\/www.ovigilanteonline.com.br\\\/site\\\/2022\\\/04\\\/11\\\/de-18-a-23-de-abril-leopoldina-sedia-primeira-exposicao-regional-girolando-sem-fronteiras\\\/#primaryimage\",\"url\":\"https:\\\/\\\/www.ovigilanteonline.com.br\\\/site\\\/wp-content\\\/uploads\\\/2022\\\/04\\\/girolando-sem-fronteira.jpg\",\"contentUrl\":\"https:\\\/\\\/www.ovigilanteonline.com.br\\\/site\\\/wp-content\\\/uploads\\\/2022\\\/04\\\/girolando-sem-fronteira.jpg\",\"width\":900,\"height\":558},{\"@type\":\"BreadcrumbList\",\"@id\":\"https:\\\/\\\/www.ovigilanteonline.com.br\\\/site\\\/2022\\\/04\\\/11\\\/de-18-a-23-de-abril-leopoldina-sedia-primeira-exposicao-regional-girolando-sem-fronteiras\\\/#breadcrumb\",\"itemListElement\":[{\"@type\":\"ListItem\",\"position\":1,\"name\":\"In\u00edcio\",\"item\":\"https:\\\/\\\/www.ovigilanteonline.com.br\\\/site\\\/\"},{\"@type\":\"ListItem\",\"position\":2,\"name\":\"De 18 a 23 de abril Leopoldina sedia Primeira Exposi\u00e7\u00e3o Regional Girolando Sem Fronteiras\"}]},{\"@type\":\"WebSite\",\"@id\":\"https:\\\/\\\/www.ovigilanteonline.com.br\\\/site\\\/#website\",\"url\":\"https:\\\/\\\/www.ovigilanteonline.com.br\\\/site\\\/\",\"name\":\"O VIGILANTE ONLINE - Not\u00edcias de Leopoldina e regi\u00e3o\",\"description\":\"\",\"potentialAction\":[{\"@type\":\"SearchAction\",\"target\":{\"@type\":\"EntryPoint\",\"urlTemplate\":\"https:\\\/\\\/www.ovigilanteonline.com.br\\\/site\\\/?s={search_term_string}\"},\"query-input\":{\"@type\":\"PropertyValueSpecification\",\"valueRequired\":true,\"valueName\":\"search_term_string\"}}],\"inLanguage\":\"pt-BR\"},{\"@type\":\"Person\",\"@id\":\"https:\\\/\\\/www.ovigilanteonline.com.br\\\/site\\\/#\\\/schema\\\/person\\\/538fdfb33c0c411cd14a732e7cf14aa6\",\"name\":\"Jornalismo\"}]}<\/script>\n<!-- \/ Yoast SEO plugin. -->","yoast_head_json":{"title":"De 18 a 23 de abril Leopoldina sedia Primeira Exposi\u00e7\u00e3o Regional Girolando Sem Fronteiras","robots":{"index":"index","follow":"follow","max-snippet":"max-snippet:-1","max-image-preview":"max-image-preview:large","max-video-preview":"max-video-preview:-1"},"canonical":"https:\/\/www.ovigilanteonline.com.br\/site\/2022\/04\/11\/de-18-a-23-de-abril-leopoldina-sedia-primeira-exposicao-regional-girolando-sem-fronteiras\/","og_locale":"pt_BR","og_type":"article","og_title":"De 18 a 23 de abril Leopoldina sedia Primeira Exposi\u00e7\u00e3o Regional Girolando Sem Fronteiras","og_description":"Realizado no Parque de Exposi\u00e7\u00f5es, evento consolida a enorme tradi\u00e7\u00e3o de Leopoldina na pecu\u00e1ria leiteira. De 18 a 23 de abril ser\u00e1 realizada em Leopoldina a Primeira Exposi\u00e7\u00e3o Regional Girolando Sem Fronteiras, no Parque de Exposi\u00e7\u00f5es Jos\u00e9 Ribeiro dos Reis. Realizado pela Associa\u00e7\u00e3o dos Criadores Girolando Sem Fronteiras, presidida pelo empres\u00e1rio Cl\u00e1udio Moura (Mouragro), o [&hellip;]","og_url":"https:\/\/www.ovigilanteonline.com.br\/site\/2022\/04\/11\/de-18-a-23-de-abril-leopoldina-sedia-primeira-exposicao-regional-girolando-sem-fronteiras\/","og_site_name":"O VIGILANTE ONLINE","article_publisher":"https:\/\/www.facebook.com\/ovigilanteonline","article_published_time":"2022-04-11T20:33:59+00:00","article_modified_time":"2022-05-03T18:19:25+00:00","og_image":[{"width":900,"height":558,"url":"https:\/\/www.ovigilanteonline.com.br\/site\/wp-content\/uploads\/2022\/04\/girolando-sem-fronteira.jpg","type":"image\/jpeg"}],"author":"Jornalismo","twitter_card":"summary_large_image","twitter_misc":{"Escrito por":"Jornalismo","Est. tempo de leitura":"3 minutos"},"schema":{"@context":"https:\/\/schema.org","@graph":[{"@type":"Article","@id":"https:\/\/www.ovigilanteonline.com.br\/site\/2022\/04\/11\/de-18-a-23-de-abril-leopoldina-sedia-primeira-exposicao-regional-girolando-sem-fronteiras\/#article","isPartOf":{"@id":"https:\/\/www.ovigilanteonline.com.br\/site\/2022\/04\/11\/de-18-a-23-de-abril-leopoldina-sedia-primeira-exposicao-regional-girolando-sem-fronteiras\/"},"author":{"name":"Jornalismo","@id":"https:\/\/www.ovigilanteonline.com.br\/site\/#\/schema\/person\/538fdfb33c0c411cd14a732e7cf14aa6"},"headline":"De 18 a 23 de abril Leopoldina sedia Primeira Exposi\u00e7\u00e3o Regional Girolando Sem Fronteiras","datePublished":"2022-04-11T20:33:59+00:00","dateModified":"2022-05-03T18:19:25+00:00","mainEntityOfPage":{"@id":"https:\/\/www.ovigilanteonline.com.br\/site\/2022\/04\/11\/de-18-a-23-de-abril-leopoldina-sedia-primeira-exposicao-regional-girolando-sem-fronteiras\/"},"wordCount":488,"commentCount":1,"image":{"@id":"https:\/\/www.ovigilanteonline.com.br\/site\/2022\/04\/11\/de-18-a-23-de-abril-leopoldina-sedia-primeira-exposicao-regional-girolando-sem-fronteiras\/#primaryimage"},"thumbnailUrl":"https:\/\/www.ovigilanteonline.com.br\/site\/wp-content\/uploads\/2022\/04\/girolando-sem-fronteira.jpg","articleSection":["Cidade","Geral","Giro Vigilante","Leopoldina","Regi\u00e3o","\u00daltimas Not\u00edcias"],"inLanguage":"pt-BR","potentialAction":[{"@type":"CommentAction","name":"Comment","target":["https:\/\/www.ovigilanteonline.com.br\/site\/2022\/04\/11\/de-18-a-23-de-abril-leopoldina-sedia-primeira-exposicao-regional-girolando-sem-fronteiras\/#respond"]}]},{"@type":"WebPage","@id":"https:\/\/www.ovigilanteonline.com.br\/site\/2022\/04\/11\/de-18-a-23-de-abril-leopoldina-sedia-primeira-exposicao-regional-girolando-sem-fronteiras\/","url":"https:\/\/www.ovigilanteonline.com.br\/site\/2022\/04\/11\/de-18-a-23-de-abril-leopoldina-sedia-primeira-exposicao-regional-girolando-sem-fronteiras\/","name":"De 18 a 23 de abril Leopoldina sedia Primeira Exposi\u00e7\u00e3o Regional Girolando Sem Fronteiras","isPartOf":{"@id":"https:\/\/www.ovigilanteonline.com.br\/site\/#website"},"primaryImageOfPage":{"@id":"https:\/\/www.ovigilanteonline.com.br\/site\/2022\/04\/11\/de-18-a-23-de-abril-leopoldina-sedia-primeira-exposicao-regional-girolando-sem-fronteiras\/#primaryimage"},"image":{"@id":"https:\/\/www.ovigilanteonline.com.br\/site\/2022\/04\/11\/de-18-a-23-de-abril-leopoldina-sedia-primeira-exposicao-regional-girolando-sem-fronteiras\/#primaryimage"},"thumbnailUrl":"https:\/\/www.ovigilanteonline.com.br\/site\/wp-content\/uploads\/2022\/04\/girolando-sem-fronteira.jpg","datePublished":"2022-04-11T20:33:59+00:00","dateModified":"2022-05-03T18:19:25+00:00","author":{"@id":"https:\/\/www.ovigilanteonline.com.br\/site\/#\/schema\/person\/538fdfb33c0c411cd14a732e7cf14aa6"},"breadcrumb":{"@id":"https:\/\/www.ovigilanteonline.com.br\/site\/2022\/04\/11\/de-18-a-23-de-abril-leopoldina-sedia-primeira-exposicao-regional-girolando-sem-fronteiras\/#breadcrumb"},"inLanguage":"pt-BR","potentialAction":[{"@type":"ReadAction","target":["https:\/\/www.ovigilanteonline.com.br\/site\/2022\/04\/11\/de-18-a-23-de-abril-leopoldina-sedia-primeira-exposicao-regional-girolando-sem-fronteiras\/"]}]},{"@type":"ImageObject","inLanguage":"pt-BR","@id":"https:\/\/www.ovigilanteonline.com.br\/site\/2022\/04\/11\/de-18-a-23-de-abril-leopoldina-sedia-primeira-exposicao-regional-girolando-sem-fronteiras\/#primaryimage","url":"https:\/\/www.ovigilanteonline.com.br\/site\/wp-content\/uploads\/2022\/04\/girolando-sem-fronteira.jpg","contentUrl":"https:\/\/www.ovigilanteonline.com.br\/site\/wp-content\/uploads\/2022\/04\/girolando-sem-fronteira.jpg","width":900,"height":558},{"@type":"BreadcrumbList","@id":"https:\/\/www.ovigilanteonline.com.br\/site\/2022\/04\/11\/de-18-a-23-de-abril-leopoldina-sedia-primeira-exposicao-regional-girolando-sem-fronteiras\/#breadcrumb","itemListElement":[{"@type":"ListItem","position":1,"name":"In\u00edcio","item":"https:\/\/www.ovigilanteonline.com.br\/site\/"},{"@type":"ListItem","position":2,"name":"De 18 a 23 de abril Leopoldina sedia Primeira Exposi\u00e7\u00e3o Regional Girolando Sem Fronteiras"}]},{"@type":"WebSite","@id":"https:\/\/www.ovigilanteonline.com.br\/site\/#website","url":"https:\/\/www.ovigilanteonline.com.br\/site\/","name":"O VIGILANTE ONLINE - Not\u00edcias de Leopoldina e regi\u00e3o","description":"","potentialAction":[{"@type":"SearchAction","target":{"@type":"EntryPoint","urlTemplate":"https:\/\/www.ovigilanteonline.com.br\/site\/?s={search_term_string}"},"query-input":{"@type":"PropertyValueSpecification","valueRequired":true,"valueName":"search_term_string"}}],"inLanguage":"pt-BR"},{"@type":"Person","@id":"https:\/\/www.ovigilanteonline.com.br\/site\/#\/schema\/person\/538fdfb33c0c411cd14a732e7cf14aa6","name":"Jornalismo"}]}},"cc_featured_image_caption":{"caption_text":"Foto: Girolando Sem Fronteira\/Reprodu\u00e7\u00e3o","source_text":"","source_url":""},"_links":{"self":[{"href":"https:\/\/www.ovigilanteonline.com.br\/site\/wp-json\/wp\/v2\/posts\/404357","targetHints":{"allow":["GET"]}}],"collection":[{"href":"https:\/\/www.ovigilanteonline.com.br\/site\/wp-json\/wp\/v2\/posts"}],"about":[{"href":"https:\/\/www.ovigilanteonline.com.br\/site\/wp-json\/wp\/v2\/types\/post"}],"author":[{"embeddable":true,"href":"https:\/\/www.ovigilanteonline.com.br\/site\/wp-json\/wp\/v2\/users\/2"}],"replies":[{"embeddable":true,"href":"https:\/\/www.ovigilanteonline.com.br\/site\/wp-json\/wp\/v2\/comments?post=404357"}],"version-history":[{"count":0,"href":"https:\/\/www.ovigilanteonline.com.br\/site\/wp-json\/wp\/v2\/posts\/404357\/revisions"}],"wp:featuredmedia":[{"embeddable":true,"href":"https:\/\/www.ovigilanteonline.com.br\/site\/wp-json\/wp\/v2\/media\/404359"}],"wp:attachment":[{"href":"https:\/\/www.ovigilanteonline.com.br\/site\/wp-json\/wp\/v2\/media?parent=404357"}],"wp:term":[{"taxonomy":"category","embeddable":true,"href":"https:\/\/www.ovigilanteonline.com.br\/site\/wp-json\/wp\/v2\/categories?post=404357"},{"taxonomy":"post_tag","embeddable":true,"href":"https:\/\/www.ovigilanteonline.com.br\/site\/wp-json\/wp\/v2\/tags?post=404357"}],"curies":[{"name":"wp","href":"https:\/\/api.w.org\/{rel}","templated":true}]}}