{"id":403834,"date":"2022-04-01T13:17:43","date_gmt":"2022-04-01T16:17:43","guid":{"rendered":"https:\/\/ovigilanteonline.com.br\/site\/?p=403834"},"modified":"2022-06-30T16:17:16","modified_gmt":"2022-06-30T19:17:16","slug":"coopleste-confirma-realizacao-da-84a-exposicao-agropecuaria-de-leopoldina-em-julho","status":"publish","type":"post","link":"https:\/\/www.ovigilanteonline.com.br\/site\/2022\/04\/01\/coopleste-confirma-realizacao-da-84a-exposicao-agropecuaria-de-leopoldina-em-julho\/","title":{"rendered":"Coopleste confirma realiza\u00e7\u00e3o da 84\u00aa Exposi\u00e7\u00e3o Agropecu\u00e1ria de Leopoldina em julho"},"content":{"rendered":"\n<p>A nova diretoria da Cooperativa Agropecu\u00e1ria Regi\u00e3o Leste de Minas Gerais de Responsabilidade (Coopleste) acaba de definir que a tradicional Exposi\u00e7\u00e3o Agropecu\u00e1ria de Leopoldina voltar\u00e1 a ser realizada este ano, ap\u00f3s ser suspensa em 2020 e 2021 por uma emerg\u00eancia sanit\u00e1ria, a pandemia da Covid-19.<\/p>\n\n\n\n<p>A informa\u00e7\u00e3o foi confirmada pelo Jornal O Vigilante Online nesta quinta-feira, dia 31 de mar\u00e7o, durante entrevista concedida pelo novo presidente da Coopleste, o m\u00e9dico-veterin\u00e1rio Marcelo Junqueira Ferraz, que iniciou sua gest\u00e3o \u00e0 frente da Cooperativa na \u00faltima segunda-feira, 25 de mar\u00e7o.<\/p>\n\n\n\n<p>De acordo com Marcelo (foto abaixo), que no momento da entrevista estava reunido com dois de seus diretores, Fernando Miranda Vargas e Bruce Junqueira de Moraes, a 84\u00aa Exposi\u00e7\u00e3o est\u00e1 prevista para a segunda semana de julho, com sua abertura no domingo, dia 3 e o encerramento no domingo seguinte, dia 10 de julho. \u201cOntem, dia 30, decidimos pela realiza\u00e7\u00e3o do evento e j\u00e1 est\u00e3o sendo tomadas provid\u00eancias para viabiliz\u00e1-lo, ap\u00f3s dois anos de sua paralisa\u00e7\u00e3o\u201d, esclareceu, frisando que a \u00faltima edi\u00e7\u00e3o da festa maior de Leopoldina aconteceu de 6 a 14 de julho de 2019.<\/p>\n\n\n\n<figure class=\"wp-block-image size-full\"><img loading=\"lazy\" decoding=\"async\" width=\"900\" height=\"675\" src=\"https:\/\/ovigilanteonline.com.br\/site\/wp-content\/uploads\/2022\/04\/marcelo-junqueira-ferraz-coopleste-o-vigilante-online-.jpeg\" alt=\"\" class=\"wp-image-403837\" srcset=\"https:\/\/www.ovigilanteonline.com.br\/site\/wp-content\/uploads\/2022\/04\/marcelo-junqueira-ferraz-coopleste-o-vigilante-online-.jpeg 900w, https:\/\/www.ovigilanteonline.com.br\/site\/wp-content\/uploads\/2022\/04\/marcelo-junqueira-ferraz-coopleste-o-vigilante-online--300x225.jpeg 300w, https:\/\/www.ovigilanteonline.com.br\/site\/wp-content\/uploads\/2022\/04\/marcelo-junqueira-ferraz-coopleste-o-vigilante-online--768x576.jpeg 768w, https:\/\/www.ovigilanteonline.com.br\/site\/wp-content\/uploads\/2022\/04\/marcelo-junqueira-ferraz-coopleste-o-vigilante-online--600x450.jpeg 600w\" sizes=\"auto, (max-width: 900px) 100vw, 900px\" \/><figcaption><strong>Marcelo Junqueira Ferraz<\/strong><\/figcaption><\/figure>\n\n\n\n<p>Com 33 anos de viv\u00eancia no setor p\u00fablico, dedicados ao planejamento e gest\u00e3o de pol\u00edticas p\u00fablicas de fomento comercial junto aos diversos elos da cadeia produtiva agropecu\u00e1ria e melhoria da qualidade de vida da sociedade brasileira, Marcelo Junqueira Ferraz detalhou que a partir de agora ser\u00e3o iniciadas as primeiras a\u00e7\u00f5es para viabilizar o evento.<\/p>\n\n\n\n<p>\u201cAinda que seja uma festa simples, mais modesta que nos outros anos &#8211; porque a disponibilidade de tempo e de recursos \u00e9 limitada &#8211; n\u00f3s estamos decididos a realiz\u00e1-la. Na medida do poss\u00edvel n\u00f3s vamos ter os port\u00f5es abertos \u2018full time\u2019, para que a popula\u00e7\u00e3o possa desfrutar da festa, porque a popula\u00e7\u00e3o depois de dois anos quer uma festa. E n\u00f3s n\u00e3o permitiremos que haja explora\u00e7\u00e3o do consumidor aqui dentro da cooperativa\u201d, assegurou o novo presidente da entidade, que tamb\u00e9m \u00e9 produtor rural, com atua\u00e7\u00e3o nos segmentos de gado de corte e leiteiro.<\/p>\n\n\n\n<p>Citando como exemplo as tratativas em andamento para contra\u00e7\u00e3o do Parque de Divers\u00f5es, Marcelo contou que j\u00e1 durante os primeiros entendimentos sobre o pre\u00e7o dos tickets ficou estabelecido que o valor do ingresso do parque seria limitado. \u201cIsso \u00e9 condi\u00e7\u00e3o \u2018sine qua non\u2019. O Parque de Divers\u00f5es \u00e9 importante pra crian\u00e7ada, \u00e9 lazer para as crian\u00e7as, portanto a nossa primeira preocupa\u00e7\u00e3o foi limitar o valor do ticket do parque, ou seja, antes de definir o valor que ser\u00e1 acordado com o Parque ficou acordado que o ticket n\u00e3o poder\u00e1 ultrapassar um valor que n\u00f3s j\u00e1 pr\u00e9-estabelecemos\u201d, afirmou o presidente da Cooperativa Leste.<\/p>\n\n\n\n<figure class=\"wp-block-image size-full\"><img loading=\"lazy\" decoding=\"async\" width=\"900\" height=\"590\" src=\"https:\/\/ovigilanteonline.com.br\/site\/wp-content\/uploads\/2022\/04\/marcelo-junqueira-ferraz-coopleste-o-vigilante-online-2.jpeg\" alt=\"\" class=\"wp-image-403835\" srcset=\"https:\/\/www.ovigilanteonline.com.br\/site\/wp-content\/uploads\/2022\/04\/marcelo-junqueira-ferraz-coopleste-o-vigilante-online-2.jpeg 900w, https:\/\/www.ovigilanteonline.com.br\/site\/wp-content\/uploads\/2022\/04\/marcelo-junqueira-ferraz-coopleste-o-vigilante-online-2-300x197.jpeg 300w, https:\/\/www.ovigilanteonline.com.br\/site\/wp-content\/uploads\/2022\/04\/marcelo-junqueira-ferraz-coopleste-o-vigilante-online-2-768x503.jpeg 768w, https:\/\/www.ovigilanteonline.com.br\/site\/wp-content\/uploads\/2022\/04\/marcelo-junqueira-ferraz-coopleste-o-vigilante-online-2-870x570.jpeg 870w, https:\/\/www.ovigilanteonline.com.br\/site\/wp-content\/uploads\/2022\/04\/marcelo-junqueira-ferraz-coopleste-o-vigilante-online-2-600x393.jpeg 600w\" sizes=\"auto, (max-width: 900px) 100vw, 900px\" \/><figcaption><strong>Bruce Junqueira de Moraes, Marcelo Junqueira Ferraz e Fernando Miranda Vargas.<\/strong><\/figcaption><\/figure>\n\n\n\n<p>Ao comentar sobre as atuais caracter\u00edsticas da Expoleo, Marcelo Junqueira Ferraz reconhece que a grande locomotiva econ\u00f4mica do Brasil \u00e9 o agroneg\u00f3cio, por\u00e9m, o segmento atravessa dificuldades na Zona da Mata. \u201cInfelizmente a nossa regi\u00e3o, que j\u00e1 foi pioneira e uma grande produtora de leite e de caf\u00e9 passa por um momento de dificuldade e de mudan\u00e7a de perfil de atividade. Se as coisas mudam, n\u00f3s tamb\u00e9m temos que mudar. Na reuni\u00e3o da diretoria que tivemos ontem n\u00f3s debatemos que teremos que mudar um pouco o perfil da Exposi\u00e7\u00e3o. Ainda n\u00e3o sabemos exatamente como vamos fazer. \u00c9 prematuro eu adiantar o que n\u00f3s estamos pensando, porque existem duas ou tr\u00eas ideias sobre essa modifica\u00e7\u00e3o, mas, aquele modelo de julgamento de gado, das pessoas trazerem o gado de elite pra c\u00e1 para concorrer, esse perfil a gente vai ter que mudar um pouco em fun\u00e7\u00e3o de que n\u00f3s n\u00e3o trabalhamos mais com gado de elite\u201d, ponderou, revelando que h\u00e1 50 anos, quando ele saiu de Leopoldina para concluir seus estudos, o munic\u00edpio criava v\u00e1rias ra\u00e7as de gado puro (Jersey, Guernsey, Simental, Guzer\u00e1, Gir, Pardo-Su\u00ed\u00e7o, Holand\u00eas-Vermelho, Holand\u00eas-Preto) e todos queriam mostrar a sua produ\u00e7\u00e3o. \u201cHoje, diminuiu muito o n\u00famero de produtores de leite e h\u00e1 uma mudan\u00e7a da atividade leiteira para a atividade de corte. Em que pese que aqueles que fizeram a mudan\u00e7a est\u00e3o alcan\u00e7ando \u00eaxito na nova atividade, isso nos preocupa, porque a atividade leiteira emprega um n\u00famero muito maior de pessoas, ela gera mais empregos no campo. E n\u00f3s n\u00e3o podemos ficar inertes e insens\u00edveis a essa mudan\u00e7a. N\u00f3s vamos ter que montar uma Exposi\u00e7\u00e3o aos moldes dessa mudan\u00e7a\u201d, observou o presidente.<\/p>\n\n\n\n<p><strong>Programa\u00e7\u00e3o Art\u00edstica<\/strong><\/p>\n\n\n\n<p>Sobre as atra\u00e7\u00f5es de palco durante a Expoleo, Marcelo Junqueira Ferraz detalhou que de acordo com os dias da festa haver\u00e1 shows regionais com artistas de Leopoldina. \u201cTeremos o dia do Rock e para ele vamos convidar as bandas de Leopoldina. Vamos ter o Dia do Sertanejo e convidar artistas que s\u00e3o voltados a este g\u00eanero musical, enfim, teremos diversos p\u00fablicos. Nossa inten\u00e7\u00e3o \u00e9 trazer grandes nomes locais e faremos com isso uma festa alegre com a participa\u00e7\u00e3o do p\u00fablico. Fazendo assim, n\u00e3o teremos a obriga\u00e7\u00e3o de fazer cobran\u00e7a na portaria. O outro caminho, para trazermos pelo menos um grande show para a Exposi\u00e7\u00e3o seria o Poder P\u00fablico nos auxiliar nessa contrata\u00e7\u00e3o. Isso est\u00e1 sendo discutido de forma muito inicial, na forma de sondagem. Se conseguirmos apoio da Prefeitura e da C\u00e2mara n\u00f3s vamos trazer um grande show\u201d, justificou.<\/p>\n\n\n\n<figure class=\"wp-block-image size-full\"><img loading=\"lazy\" decoding=\"async\" width=\"900\" height=\"517\" src=\"https:\/\/ovigilanteonline.com.br\/site\/wp-content\/uploads\/2022\/04\/EXPOLEO-COOPLESTE-O-VIGILANTE-ONLINE.jpg\" alt=\"\" class=\"wp-image-403839\" srcset=\"https:\/\/www.ovigilanteonline.com.br\/site\/wp-content\/uploads\/2022\/04\/EXPOLEO-COOPLESTE-O-VIGILANTE-ONLINE.jpg 900w, https:\/\/www.ovigilanteonline.com.br\/site\/wp-content\/uploads\/2022\/04\/EXPOLEO-COOPLESTE-O-VIGILANTE-ONLINE-300x172.jpg 300w, https:\/\/www.ovigilanteonline.com.br\/site\/wp-content\/uploads\/2022\/04\/EXPOLEO-COOPLESTE-O-VIGILANTE-ONLINE-768x441.jpg 768w, https:\/\/www.ovigilanteonline.com.br\/site\/wp-content\/uploads\/2022\/04\/EXPOLEO-COOPLESTE-O-VIGILANTE-ONLINE-600x345.jpg 600w\" sizes=\"auto, (max-width: 900px) 100vw, 900px\" \/><figcaption><strong>Parque de Exposi\u00e7\u00f5es Jos\u00e9 Ribeiro dos Reis &#8211; Arquivo\/O Vigilante Online<\/strong><\/figcaption><\/figure>\n\n\n\n<p>Ao destacar que o evento dura uma semana, mas as atividades e despesas come\u00e7am muito antes, Marcelo admitiu: \u201cN\u00f3s temos dificuldades de recursos. Vamos contar mais uma vez com os produtores na doa\u00e7\u00e3o de animais para fazermos um leil\u00e3o, provavelmente no final de maio ou come\u00e7o de junho.\u201d<\/p>\n\n\n\n<p>Para realiza\u00e7\u00e3o do evento, um dos mais tradicionais de Minas Gerais e do Brasil, a infraestrutura da festa, sem mencionar os shows est\u00e1 com seus custos estimados em pelo menos R$ 600 mil reais. Est\u00e3o inclu\u00eddos neste c\u00e1lculo a recupera\u00e7\u00e3o do Parque de Exposi\u00e7\u00f5es Jos\u00e9 Ribeiro dos Reis \u2013 que tamb\u00e9m teve a fia\u00e7\u00e3o de eletricidade de v\u00e1rios galp\u00f5es furtada, contrata\u00e7\u00e3o do som e ilumina\u00e7\u00e3o, alimenta\u00e7\u00e3o dos tratadores, transporte e alimenta\u00e7\u00e3o dos animais, seguran\u00e7a, energia el\u00e9trica, etc., e \u00e9 um valor que n\u00f3s n\u00e3o temos. O presidente da Coopleste observou que o evento dura uma semana, mas as atividades come\u00e7am muito antes, demandando despesas.<\/p>\n\n\n\n<p>A nova diretoria da Cooperativa Leste tem como seu presidente Marcelo Junqueira Ferraz, diretor secret\u00e1rio Luiz Cl\u00e1udio Bastos de Moura, diretor comercial Vin\u00edcius de Souza Lima Fran\u00e7a. No Conselho de Administra\u00e7\u00e3o est\u00e3o Fernando Miranda Vargas, Ricardo Reis Junqueira e Bruce Junqueira de Moraes. Integram o Conselho Fiscal Efetivo M\u00e1rcio Luiz Rodrigues Lopes, Fernando Reis Ferraz e Jaci Hon\u00f3rio Vieira Toledo. Suplentes: Angelo Netto Vieira, Rog\u00e9rio Alonso de Carvalho e Danilo Lima guerra. A Comiss\u00e3o de disciplina \u00e9 formada por Paulo Cruz Martins Junqueira, Francisco Eduardo Lopes Vilas, Jos\u00e9 H\u00e9lio Bonim, M\u00e1rcia Monteiro de Barros Arantes Junqueira e Karine de Castro Meireles Vieira.<\/p>\n\n\n\n<p><em>O Vigilante Online, com J\u00falio Cesar Martins<\/em><\/p>\n","protected":false},"excerpt":{"rendered":"<p>A nova diretoria da Cooperativa Agropecu\u00e1ria Regi\u00e3o Leste de Minas Gerais de Responsabilidade (Coopleste) acaba de definir que a tradicional Exposi\u00e7\u00e3o Agropecu\u00e1ria de Leopoldina voltar\u00e1 a ser realizada este ano, ap\u00f3s ser suspensa em 2020 e 2021 por uma emerg\u00eancia sanit\u00e1ria, a pandemia da Covid-19. A informa\u00e7\u00e3o foi confirmada pelo Jornal O Vigilante Online nesta [&hellip;]<\/p>\n","protected":false},"author":2,"featured_media":403836,"comment_status":"open","ping_status":"open","sticky":false,"template":"","format":"standard","meta":{"footnotes":""},"categories":[11,12,26],"tags":[],"class_list":["post-403834","post","type-post","status-publish","format-standard","has-post-thumbnail","hentry","category-leopoldina","category-regiao","category-ultimas-noticias"],"yoast_head":"<!-- This site is optimized with the Yoast SEO plugin v27.4 - https:\/\/yoast.com\/product\/yoast-seo-wordpress\/ -->\n<title>Coopleste confirma realiza\u00e7\u00e3o da 84\u00aa Exposi\u00e7\u00e3o Agropecu\u00e1ria de Leopoldina em julho<\/title>\n<meta name=\"robots\" content=\"index, follow, max-snippet:-1, max-image-preview:large, max-video-preview:-1\" \/>\n<link rel=\"canonical\" href=\"https:\/\/www.ovigilanteonline.com.br\/site\/2022\/04\/01\/coopleste-confirma-realizacao-da-84a-exposicao-agropecuaria-de-leopoldina-em-julho\/\" \/>\n<meta property=\"og:locale\" content=\"pt_BR\" \/>\n<meta property=\"og:type\" content=\"article\" \/>\n<meta property=\"og:title\" content=\"Coopleste confirma realiza\u00e7\u00e3o da 84\u00aa Exposi\u00e7\u00e3o Agropecu\u00e1ria de Leopoldina em julho\" \/>\n<meta property=\"og:description\" content=\"A nova diretoria da Cooperativa Agropecu\u00e1ria Regi\u00e3o Leste de Minas Gerais de Responsabilidade (Coopleste) acaba de definir que a tradicional Exposi\u00e7\u00e3o Agropecu\u00e1ria de Leopoldina voltar\u00e1 a ser realizada este ano, ap\u00f3s ser suspensa em 2020 e 2021 por uma emerg\u00eancia sanit\u00e1ria, a pandemia da Covid-19. A informa\u00e7\u00e3o foi confirmada pelo Jornal O Vigilante Online nesta [&hellip;]\" \/>\n<meta property=\"og:url\" content=\"https:\/\/www.ovigilanteonline.com.br\/site\/2022\/04\/01\/coopleste-confirma-realizacao-da-84a-exposicao-agropecuaria-de-leopoldina-em-julho\/\" \/>\n<meta property=\"og:site_name\" content=\"O VIGILANTE ONLINE\" \/>\n<meta property=\"article:publisher\" content=\"https:\/\/www.facebook.com\/ovigilanteonline\" \/>\n<meta property=\"article:published_time\" content=\"2022-04-01T16:17:43+00:00\" \/>\n<meta property=\"article:modified_time\" content=\"2022-06-30T19:17:16+00:00\" \/>\n<meta property=\"og:image\" content=\"https:\/\/www.ovigilanteonline.com.br\/site\/wp-content\/uploads\/2022\/04\/marcelo-junqueira-ferraz-coopleste-o-vigilante-online-5.jpeg\" \/>\n\t<meta property=\"og:image:width\" content=\"900\" \/>\n\t<meta property=\"og:image:height\" content=\"524\" \/>\n\t<meta property=\"og:image:type\" content=\"image\/jpeg\" \/>\n<meta name=\"author\" content=\"Jornalismo\" \/>\n<meta name=\"twitter:card\" content=\"summary_large_image\" \/>\n<meta name=\"twitter:label1\" content=\"Escrito por\" \/>\n\t<meta name=\"twitter:data1\" content=\"Jornalismo\" \/>\n\t<meta name=\"twitter:label2\" content=\"Est. tempo de leitura\" \/>\n\t<meta name=\"twitter:data2\" content=\"7 minutos\" \/>\n<script type=\"application\/ld+json\" class=\"yoast-schema-graph\">{\"@context\":\"https:\\\/\\\/schema.org\",\"@graph\":[{\"@type\":\"Article\",\"@id\":\"https:\\\/\\\/www.ovigilanteonline.com.br\\\/site\\\/2022\\\/04\\\/01\\\/coopleste-confirma-realizacao-da-84a-exposicao-agropecuaria-de-leopoldina-em-julho\\\/#article\",\"isPartOf\":{\"@id\":\"https:\\\/\\\/www.ovigilanteonline.com.br\\\/site\\\/2022\\\/04\\\/01\\\/coopleste-confirma-realizacao-da-84a-exposicao-agropecuaria-de-leopoldina-em-julho\\\/\"},\"author\":{\"name\":\"Jornalismo\",\"@id\":\"https:\\\/\\\/www.ovigilanteonline.com.br\\\/site\\\/#\\\/schema\\\/person\\\/538fdfb33c0c411cd14a732e7cf14aa6\"},\"headline\":\"Coopleste confirma realiza\u00e7\u00e3o da 84\u00aa Exposi\u00e7\u00e3o Agropecu\u00e1ria de Leopoldina em julho\",\"datePublished\":\"2022-04-01T16:17:43+00:00\",\"dateModified\":\"2022-06-30T19:17:16+00:00\",\"mainEntityOfPage\":{\"@id\":\"https:\\\/\\\/www.ovigilanteonline.com.br\\\/site\\\/2022\\\/04\\\/01\\\/coopleste-confirma-realizacao-da-84a-exposicao-agropecuaria-de-leopoldina-em-julho\\\/\"},\"wordCount\":1265,\"commentCount\":4,\"image\":{\"@id\":\"https:\\\/\\\/www.ovigilanteonline.com.br\\\/site\\\/2022\\\/04\\\/01\\\/coopleste-confirma-realizacao-da-84a-exposicao-agropecuaria-de-leopoldina-em-julho\\\/#primaryimage\"},\"thumbnailUrl\":\"https:\\\/\\\/www.ovigilanteonline.com.br\\\/site\\\/wp-content\\\/uploads\\\/2022\\\/04\\\/marcelo-junqueira-ferraz-coopleste-o-vigilante-online-5.jpeg\",\"articleSection\":[\"Leopoldina\",\"Regi\u00e3o\",\"\u00daltimas Not\u00edcias\"],\"inLanguage\":\"pt-BR\",\"potentialAction\":[{\"@type\":\"CommentAction\",\"name\":\"Comment\",\"target\":[\"https:\\\/\\\/www.ovigilanteonline.com.br\\\/site\\\/2022\\\/04\\\/01\\\/coopleste-confirma-realizacao-da-84a-exposicao-agropecuaria-de-leopoldina-em-julho\\\/#respond\"]}]},{\"@type\":\"WebPage\",\"@id\":\"https:\\\/\\\/www.ovigilanteonline.com.br\\\/site\\\/2022\\\/04\\\/01\\\/coopleste-confirma-realizacao-da-84a-exposicao-agropecuaria-de-leopoldina-em-julho\\\/\",\"url\":\"https:\\\/\\\/www.ovigilanteonline.com.br\\\/site\\\/2022\\\/04\\\/01\\\/coopleste-confirma-realizacao-da-84a-exposicao-agropecuaria-de-leopoldina-em-julho\\\/\",\"name\":\"Coopleste confirma realiza\u00e7\u00e3o da 84\u00aa Exposi\u00e7\u00e3o Agropecu\u00e1ria de Leopoldina em julho\",\"isPartOf\":{\"@id\":\"https:\\\/\\\/www.ovigilanteonline.com.br\\\/site\\\/#website\"},\"primaryImageOfPage\":{\"@id\":\"https:\\\/\\\/www.ovigilanteonline.com.br\\\/site\\\/2022\\\/04\\\/01\\\/coopleste-confirma-realizacao-da-84a-exposicao-agropecuaria-de-leopoldina-em-julho\\\/#primaryimage\"},\"image\":{\"@id\":\"https:\\\/\\\/www.ovigilanteonline.com.br\\\/site\\\/2022\\\/04\\\/01\\\/coopleste-confirma-realizacao-da-84a-exposicao-agropecuaria-de-leopoldina-em-julho\\\/#primaryimage\"},\"thumbnailUrl\":\"https:\\\/\\\/www.ovigilanteonline.com.br\\\/site\\\/wp-content\\\/uploads\\\/2022\\\/04\\\/marcelo-junqueira-ferraz-coopleste-o-vigilante-online-5.jpeg\",\"datePublished\":\"2022-04-01T16:17:43+00:00\",\"dateModified\":\"2022-06-30T19:17:16+00:00\",\"author\":{\"@id\":\"https:\\\/\\\/www.ovigilanteonline.com.br\\\/site\\\/#\\\/schema\\\/person\\\/538fdfb33c0c411cd14a732e7cf14aa6\"},\"breadcrumb\":{\"@id\":\"https:\\\/\\\/www.ovigilanteonline.com.br\\\/site\\\/2022\\\/04\\\/01\\\/coopleste-confirma-realizacao-da-84a-exposicao-agropecuaria-de-leopoldina-em-julho\\\/#breadcrumb\"},\"inLanguage\":\"pt-BR\",\"potentialAction\":[{\"@type\":\"ReadAction\",\"target\":[\"https:\\\/\\\/www.ovigilanteonline.com.br\\\/site\\\/2022\\\/04\\\/01\\\/coopleste-confirma-realizacao-da-84a-exposicao-agropecuaria-de-leopoldina-em-julho\\\/\"]}]},{\"@type\":\"ImageObject\",\"inLanguage\":\"pt-BR\",\"@id\":\"https:\\\/\\\/www.ovigilanteonline.com.br\\\/site\\\/2022\\\/04\\\/01\\\/coopleste-confirma-realizacao-da-84a-exposicao-agropecuaria-de-leopoldina-em-julho\\\/#primaryimage\",\"url\":\"https:\\\/\\\/www.ovigilanteonline.com.br\\\/site\\\/wp-content\\\/uploads\\\/2022\\\/04\\\/marcelo-junqueira-ferraz-coopleste-o-vigilante-online-5.jpeg\",\"contentUrl\":\"https:\\\/\\\/www.ovigilanteonline.com.br\\\/site\\\/wp-content\\\/uploads\\\/2022\\\/04\\\/marcelo-junqueira-ferraz-coopleste-o-vigilante-online-5.jpeg\",\"width\":900,\"height\":524},{\"@type\":\"BreadcrumbList\",\"@id\":\"https:\\\/\\\/www.ovigilanteonline.com.br\\\/site\\\/2022\\\/04\\\/01\\\/coopleste-confirma-realizacao-da-84a-exposicao-agropecuaria-de-leopoldina-em-julho\\\/#breadcrumb\",\"itemListElement\":[{\"@type\":\"ListItem\",\"position\":1,\"name\":\"In\u00edcio\",\"item\":\"https:\\\/\\\/www.ovigilanteonline.com.br\\\/site\\\/\"},{\"@type\":\"ListItem\",\"position\":2,\"name\":\"Coopleste confirma realiza\u00e7\u00e3o da 84\u00aa Exposi\u00e7\u00e3o Agropecu\u00e1ria de Leopoldina em julho\"}]},{\"@type\":\"WebSite\",\"@id\":\"https:\\\/\\\/www.ovigilanteonline.com.br\\\/site\\\/#website\",\"url\":\"https:\\\/\\\/www.ovigilanteonline.com.br\\\/site\\\/\",\"name\":\"O VIGILANTE ONLINE - Not\u00edcias de Leopoldina e regi\u00e3o\",\"description\":\"\",\"potentialAction\":[{\"@type\":\"SearchAction\",\"target\":{\"@type\":\"EntryPoint\",\"urlTemplate\":\"https:\\\/\\\/www.ovigilanteonline.com.br\\\/site\\\/?s={search_term_string}\"},\"query-input\":{\"@type\":\"PropertyValueSpecification\",\"valueRequired\":true,\"valueName\":\"search_term_string\"}}],\"inLanguage\":\"pt-BR\"},{\"@type\":\"Person\",\"@id\":\"https:\\\/\\\/www.ovigilanteonline.com.br\\\/site\\\/#\\\/schema\\\/person\\\/538fdfb33c0c411cd14a732e7cf14aa6\",\"name\":\"Jornalismo\"}]}<\/script>\n<!-- \/ Yoast SEO plugin. -->","yoast_head_json":{"title":"Coopleste confirma realiza\u00e7\u00e3o da 84\u00aa Exposi\u00e7\u00e3o Agropecu\u00e1ria de Leopoldina em julho","robots":{"index":"index","follow":"follow","max-snippet":"max-snippet:-1","max-image-preview":"max-image-preview:large","max-video-preview":"max-video-preview:-1"},"canonical":"https:\/\/www.ovigilanteonline.com.br\/site\/2022\/04\/01\/coopleste-confirma-realizacao-da-84a-exposicao-agropecuaria-de-leopoldina-em-julho\/","og_locale":"pt_BR","og_type":"article","og_title":"Coopleste confirma realiza\u00e7\u00e3o da 84\u00aa Exposi\u00e7\u00e3o Agropecu\u00e1ria de Leopoldina em julho","og_description":"A nova diretoria da Cooperativa Agropecu\u00e1ria Regi\u00e3o Leste de Minas Gerais de Responsabilidade (Coopleste) acaba de definir que a tradicional Exposi\u00e7\u00e3o Agropecu\u00e1ria de Leopoldina voltar\u00e1 a ser realizada este ano, ap\u00f3s ser suspensa em 2020 e 2021 por uma emerg\u00eancia sanit\u00e1ria, a pandemia da Covid-19. A informa\u00e7\u00e3o foi confirmada pelo Jornal O Vigilante Online nesta [&hellip;]","og_url":"https:\/\/www.ovigilanteonline.com.br\/site\/2022\/04\/01\/coopleste-confirma-realizacao-da-84a-exposicao-agropecuaria-de-leopoldina-em-julho\/","og_site_name":"O VIGILANTE ONLINE","article_publisher":"https:\/\/www.facebook.com\/ovigilanteonline","article_published_time":"2022-04-01T16:17:43+00:00","article_modified_time":"2022-06-30T19:17:16+00:00","og_image":[{"width":900,"height":524,"url":"https:\/\/www.ovigilanteonline.com.br\/site\/wp-content\/uploads\/2022\/04\/marcelo-junqueira-ferraz-coopleste-o-vigilante-online-5.jpeg","type":"image\/jpeg"}],"author":"Jornalismo","twitter_card":"summary_large_image","twitter_misc":{"Escrito por":"Jornalismo","Est. tempo de leitura":"7 minutos"},"schema":{"@context":"https:\/\/schema.org","@graph":[{"@type":"Article","@id":"https:\/\/www.ovigilanteonline.com.br\/site\/2022\/04\/01\/coopleste-confirma-realizacao-da-84a-exposicao-agropecuaria-de-leopoldina-em-julho\/#article","isPartOf":{"@id":"https:\/\/www.ovigilanteonline.com.br\/site\/2022\/04\/01\/coopleste-confirma-realizacao-da-84a-exposicao-agropecuaria-de-leopoldina-em-julho\/"},"author":{"name":"Jornalismo","@id":"https:\/\/www.ovigilanteonline.com.br\/site\/#\/schema\/person\/538fdfb33c0c411cd14a732e7cf14aa6"},"headline":"Coopleste confirma realiza\u00e7\u00e3o da 84\u00aa Exposi\u00e7\u00e3o Agropecu\u00e1ria de Leopoldina em julho","datePublished":"2022-04-01T16:17:43+00:00","dateModified":"2022-06-30T19:17:16+00:00","mainEntityOfPage":{"@id":"https:\/\/www.ovigilanteonline.com.br\/site\/2022\/04\/01\/coopleste-confirma-realizacao-da-84a-exposicao-agropecuaria-de-leopoldina-em-julho\/"},"wordCount":1265,"commentCount":4,"image":{"@id":"https:\/\/www.ovigilanteonline.com.br\/site\/2022\/04\/01\/coopleste-confirma-realizacao-da-84a-exposicao-agropecuaria-de-leopoldina-em-julho\/#primaryimage"},"thumbnailUrl":"https:\/\/www.ovigilanteonline.com.br\/site\/wp-content\/uploads\/2022\/04\/marcelo-junqueira-ferraz-coopleste-o-vigilante-online-5.jpeg","articleSection":["Leopoldina","Regi\u00e3o","\u00daltimas Not\u00edcias"],"inLanguage":"pt-BR","potentialAction":[{"@type":"CommentAction","name":"Comment","target":["https:\/\/www.ovigilanteonline.com.br\/site\/2022\/04\/01\/coopleste-confirma-realizacao-da-84a-exposicao-agropecuaria-de-leopoldina-em-julho\/#respond"]}]},{"@type":"WebPage","@id":"https:\/\/www.ovigilanteonline.com.br\/site\/2022\/04\/01\/coopleste-confirma-realizacao-da-84a-exposicao-agropecuaria-de-leopoldina-em-julho\/","url":"https:\/\/www.ovigilanteonline.com.br\/site\/2022\/04\/01\/coopleste-confirma-realizacao-da-84a-exposicao-agropecuaria-de-leopoldina-em-julho\/","name":"Coopleste confirma realiza\u00e7\u00e3o da 84\u00aa Exposi\u00e7\u00e3o Agropecu\u00e1ria de Leopoldina em julho","isPartOf":{"@id":"https:\/\/www.ovigilanteonline.com.br\/site\/#website"},"primaryImageOfPage":{"@id":"https:\/\/www.ovigilanteonline.com.br\/site\/2022\/04\/01\/coopleste-confirma-realizacao-da-84a-exposicao-agropecuaria-de-leopoldina-em-julho\/#primaryimage"},"image":{"@id":"https:\/\/www.ovigilanteonline.com.br\/site\/2022\/04\/01\/coopleste-confirma-realizacao-da-84a-exposicao-agropecuaria-de-leopoldina-em-julho\/#primaryimage"},"thumbnailUrl":"https:\/\/www.ovigilanteonline.com.br\/site\/wp-content\/uploads\/2022\/04\/marcelo-junqueira-ferraz-coopleste-o-vigilante-online-5.jpeg","datePublished":"2022-04-01T16:17:43+00:00","dateModified":"2022-06-30T19:17:16+00:00","author":{"@id":"https:\/\/www.ovigilanteonline.com.br\/site\/#\/schema\/person\/538fdfb33c0c411cd14a732e7cf14aa6"},"breadcrumb":{"@id":"https:\/\/www.ovigilanteonline.com.br\/site\/2022\/04\/01\/coopleste-confirma-realizacao-da-84a-exposicao-agropecuaria-de-leopoldina-em-julho\/#breadcrumb"},"inLanguage":"pt-BR","potentialAction":[{"@type":"ReadAction","target":["https:\/\/www.ovigilanteonline.com.br\/site\/2022\/04\/01\/coopleste-confirma-realizacao-da-84a-exposicao-agropecuaria-de-leopoldina-em-julho\/"]}]},{"@type":"ImageObject","inLanguage":"pt-BR","@id":"https:\/\/www.ovigilanteonline.com.br\/site\/2022\/04\/01\/coopleste-confirma-realizacao-da-84a-exposicao-agropecuaria-de-leopoldina-em-julho\/#primaryimage","url":"https:\/\/www.ovigilanteonline.com.br\/site\/wp-content\/uploads\/2022\/04\/marcelo-junqueira-ferraz-coopleste-o-vigilante-online-5.jpeg","contentUrl":"https:\/\/www.ovigilanteonline.com.br\/site\/wp-content\/uploads\/2022\/04\/marcelo-junqueira-ferraz-coopleste-o-vigilante-online-5.jpeg","width":900,"height":524},{"@type":"BreadcrumbList","@id":"https:\/\/www.ovigilanteonline.com.br\/site\/2022\/04\/01\/coopleste-confirma-realizacao-da-84a-exposicao-agropecuaria-de-leopoldina-em-julho\/#breadcrumb","itemListElement":[{"@type":"ListItem","position":1,"name":"In\u00edcio","item":"https:\/\/www.ovigilanteonline.com.br\/site\/"},{"@type":"ListItem","position":2,"name":"Coopleste confirma realiza\u00e7\u00e3o da 84\u00aa Exposi\u00e7\u00e3o Agropecu\u00e1ria de Leopoldina em julho"}]},{"@type":"WebSite","@id":"https:\/\/www.ovigilanteonline.com.br\/site\/#website","url":"https:\/\/www.ovigilanteonline.com.br\/site\/","name":"O VIGILANTE ONLINE - Not\u00edcias de Leopoldina e regi\u00e3o","description":"","potentialAction":[{"@type":"SearchAction","target":{"@type":"EntryPoint","urlTemplate":"https:\/\/www.ovigilanteonline.com.br\/site\/?s={search_term_string}"},"query-input":{"@type":"PropertyValueSpecification","valueRequired":true,"valueName":"search_term_string"}}],"inLanguage":"pt-BR"},{"@type":"Person","@id":"https:\/\/www.ovigilanteonline.com.br\/site\/#\/schema\/person\/538fdfb33c0c411cd14a732e7cf14aa6","name":"Jornalismo"}]}},"cc_featured_image_caption":{"caption_text":"Fotos: O Vigilante Online","source_text":"","source_url":""},"_links":{"self":[{"href":"https:\/\/www.ovigilanteonline.com.br\/site\/wp-json\/wp\/v2\/posts\/403834","targetHints":{"allow":["GET"]}}],"collection":[{"href":"https:\/\/www.ovigilanteonline.com.br\/site\/wp-json\/wp\/v2\/posts"}],"about":[{"href":"https:\/\/www.ovigilanteonline.com.br\/site\/wp-json\/wp\/v2\/types\/post"}],"author":[{"embeddable":true,"href":"https:\/\/www.ovigilanteonline.com.br\/site\/wp-json\/wp\/v2\/users\/2"}],"replies":[{"embeddable":true,"href":"https:\/\/www.ovigilanteonline.com.br\/site\/wp-json\/wp\/v2\/comments?post=403834"}],"version-history":[{"count":0,"href":"https:\/\/www.ovigilanteonline.com.br\/site\/wp-json\/wp\/v2\/posts\/403834\/revisions"}],"wp:featuredmedia":[{"embeddable":true,"href":"https:\/\/www.ovigilanteonline.com.br\/site\/wp-json\/wp\/v2\/media\/403836"}],"wp:attachment":[{"href":"https:\/\/www.ovigilanteonline.com.br\/site\/wp-json\/wp\/v2\/media?parent=403834"}],"wp:term":[{"taxonomy":"category","embeddable":true,"href":"https:\/\/www.ovigilanteonline.com.br\/site\/wp-json\/wp\/v2\/categories?post=403834"},{"taxonomy":"post_tag","embeddable":true,"href":"https:\/\/www.ovigilanteonline.com.br\/site\/wp-json\/wp\/v2\/tags?post=403834"}],"curies":[{"name":"wp","href":"https:\/\/api.w.org\/{rel}","templated":true}]}}