{"id":387825,"date":"2021-06-01T21:17:04","date_gmt":"2021-06-02T00:17:04","guid":{"rendered":"https:\/\/ovigilanteonline.com.br\/site\/?p=387825"},"modified":"2021-06-10T14:28:41","modified_gmt":"2021-06-10T17:28:41","slug":"novo-decreto-em-leopoldina-endurece-medidas-contra-o-novo-coronavirus","status":"publish","type":"post","link":"https:\/\/www.ovigilanteonline.com.br\/site\/2021\/06\/01\/novo-decreto-em-leopoldina-endurece-medidas-contra-o-novo-coronavirus\/","title":{"rendered":"Novo decreto em Leopoldina endurece medidas contra o novo coronav\u00edrus"},"content":{"rendered":"\n<h3 class=\"wp-block-heading\"><em>Medidas passam a valer a partir desta quarta (2) e t\u00eam validade de 15 dias.<\/em><\/h3>\n\n\n\n<p>A Prefeitura de Leopoldina divulgou nesta ter\u00e7a-feira, 1\u00ba de junho, um novo decreto com medidas contra o novo coronav\u00edrus no munic\u00edpio. De acordo com o Executivo, o <a href=\"https:\/\/ovigilanteonline.com.br\/site\/2021\/06\/01\/prefeitos-da-regiao-se-reunem-para-discutir-medidas-emergenciais-de-combate-ao-coronavirus\/\" target=\"_blank\" rel=\"noreferrer noopener\">aumento expressivo de casos de coronav\u00edrus na regi\u00e3o <\/a>faz do atual momento um dos mais delicados j\u00e1 enfrentados pelas cidades da Zona da Mata mineira, segundo an\u00e1lise das autoridades, al\u00e9m das unidades de sa\u00fade regionais estarem \u00e0 beira do colapso, com leitos de UTI destinados a pacientes com covid lotados.<\/p>\n\n\n\n<p>Conforme a prefeitura, o prefeito Pedro Augusto Junqueira Ferraz assinou o <a href=\"https:\/\/ovigilanteonline.com.br\/site\/wp-content\/uploads\/2021\/06\/DECRETO-N.o-4.861-Onda-Vermelha-Restritiva.pdf\" target=\"_blank\" rel=\"noreferrer noopener\">Decreto n\u00ba 4.861\/21<\/a>, que come\u00e7a a vigorar j\u00e1 nesta quarta-feira, 2. Ainda segundo a prefeitura, n\u00e3o haver\u00e1 o fechamento total da cidade e o principal objetivo do texto \u00e9 acabar com as aglomera\u00e7\u00f5es em \u00e1reas p\u00fablicas da cidade, principalmente em per\u00edodos noturnos e finais de semana.<\/p>\n\n\n\n<p>A prefeitura tamb\u00e9m informou que a fiscaliza\u00e7\u00e3o ser\u00e1 intensificada e a elabora\u00e7\u00e3o de um processo seletivo para a contrata\u00e7\u00e3o de novos fiscais est\u00e1 em andamento.<\/p>\n\n\n\n<p><strong>Confira os principais pontos do decreto que passa a valer a partir desta quarta-feira e tem validade de 15 dias:<\/strong><\/p>\n\n\n\n<ul class=\"wp-block-list\"><li>As atividades comerciais e econ\u00f4micas funcionar\u00e3o das 6h \u00e0s 18h de segunda a sexta-feira e das 6h \u00e0s 13h aos s\u00e1bados.<\/li><\/ul>\n\n\n\n<p><em>Ap\u00f3s \u00e0s 18h, s\u00f3 poder\u00e3o funcionar:<\/em><\/p>\n\n\n\n<ul class=\"wp-block-list\"><li>Farm\u00e1cias e drogarias, de acordo com o sistema de rod\u00edzio previsto em lei municipal;<\/li><li>Servi\u00e7os funer\u00e1rios;<\/li><li>Tratamento e abastecimento de \u00e1gua;<\/li><li>Capta\u00e7\u00e3o e tratamento de esgoto e lixo;<\/li><li>Hospitais, cl\u00ednicas m\u00e9dicas e terap\u00eauticas;<\/li><li>Cl\u00ednicas veterin\u00e1rias;<\/li><li>Ind\u00fastrias;<\/li><li>Restaurantes, bares, lanchonetes e cong\u00eaneres situados nas rodovias da \u00e1rea territorial do munic\u00edpio;<\/li><li>Hipermercados, supermercados, mercados, mercearias, padarias, a\u00e7ougues, quitandas e restaurantes poder\u00e3o receber clientes em seu interior, e dever\u00e3o estar fechados at\u00e9 \u00e0s 18h de segunda a sexta e at\u00e9 13h aos s\u00e1bados.<\/li><li>Restaurantes: os restaurantes (entendido como o estabelecimento que oferece refei\u00e7\u00e3o de autoatendimento ou \u00e0 la carte autorizado por alvar\u00e1 para esta atividade) poder\u00e3o receber clientes em seu interior at\u00e9 \u00e0s 18h de segunda a sexta-feira e at\u00e9 13h no s\u00e1bado, sendo que, entre 18h (13h no s\u00e1bado) e 23h, poder\u00e3o atender exclusivamente por entrega em domic\u00edlio.<br>Est\u00e1 proibido o auto atendimento (self-service), exceto no caso de o estabelecimento fornecer luvas descart\u00e1veis de uso obrigat\u00f3rio aos clientes, que dever\u00e3o ser descartadas logo ap\u00f3s a montagem da refei\u00e7\u00e3o.<\/li><li>Bebidas alco\u00f3licas: fica proibido o consumo de bebidas alco\u00f3licas dentro dos estabelecimentos e nos espa\u00e7os p\u00fablicos, podendo ser comercializadas para retirada no local at\u00e9 \u00e0s 18h e entrega em domic\u00edlio at\u00e9 \u00e0s 23h.<\/li><li>Bares, lanchonetes, e outras atividades de alimenta\u00e7\u00e3o, distribui\u00e7\u00e3o de g\u00e1s e \u00e1gua, distribuidora e dep\u00f3sitos de bebidas n\u00e3o poder\u00e3o realizar atendimento interno, devendo trabalhar somente com venda para retirada at\u00e9 \u00e0s 18h de segunda a sexta e at\u00e9 \u00e0s 13h no s\u00e1bado, sendo permitido somente entrega em domic\u00edlio, ap\u00f3s esse hor\u00e1rio, com encerramento total das atividades \u00e0s 23h.<\/li><li>Os clubes, campos, quadras e demais instala\u00e7\u00f5es esportivas, p\u00fablicas ou privadas, ficam fechados, ficando ainda proibida a pr\u00e1tica de qualquer tipo de esporte coletivo e de contato.<\/li><li>Aos templos religiosos se aplicar\u00e3o as regras gerais de distanciamento, sendo que suas atividades dever\u00e3o se realizar no per\u00edodo das 6h \u00e0s 18h, em qualquer dia da semana, devendo estarem, fora deste per\u00edodo, fechados e vazios.<\/li><\/ul>\n\n\n\n<p>1- Dist\u00e2ncia linear de 3 metros entre as pessoas;<\/p>\n\n\n\n<p>2- Metragem de refer\u00eancia de 1 pessoa a cada 10m\u00b2 (poder\u00e1 ser adotado 4 m\u00b2, se n\u00e3o houver atendimento ao p\u00fablico ou se o espa\u00e7o for a c\u00e9u aberto. Para servi\u00e7os n\u00e3o essenciais, limitar a um cliente por atendente);<\/p>\n\n\n\n<p>3- Limite de ocupa\u00e7\u00e3o em 50% da capacidade m\u00e1xima (hot\u00e9is e atrativos culturais\/naturais);<\/p>\n\n\n\n<p>4- O limite absoluto aplic\u00e1vel a todas as atividades \u00e9 de 30 pessoas.<\/p>\n\n\n\n<ul class=\"wp-block-list\"><li>As academias de gin\u00e1stica, artes marciais, est\u00fadios de pilates e demais atividades de condicionamento f\u00edsico dever\u00e3o funcionar com hor\u00e1rios agendados. Dever\u00e1 ser observada a dist\u00e2ncia m\u00ednima de 2 metros entre os usu\u00e1rios dos equipamentos, sendo 3 metros no caso de equipamentos aer\u00f3bicos.<\/li><li>Est\u00e3o proibidas as pr\u00e1ticas esportivas coletivas e de contato, seja em espa\u00e7o p\u00fablico, seja em espa\u00e7o privado, como jogos de futebol, lutas, petecas e demais modalidades.<\/li><li>Os clubes, campos, quadras e demais instala\u00e7\u00f5es esportivas, p\u00fablicas ou privadas, ficar\u00e3o fechados.<\/li><li>No com\u00e9rcio, cada atendente (colaborador) do estabelecimento s\u00f3 poder\u00e1 atender a um consumidor por vez, sendo proibida a entrada do cliente no estabelecimento, devendo ser adotado alguma forma de barreira, seja fitas, correntes e\/ou mobili\u00e1rio.<\/li><li>As cl\u00ednicas de est\u00e9ticas, sal\u00f5es de beleza e barbearias poder\u00e3o atender os seus clientes somente com hor\u00e1rios agendados, respeitando um intervalo m\u00ednimo de 30 minutos entre os clientes para higieniza\u00e7\u00e3o e desinfec\u00e7\u00e3o dos mobili\u00e1rios, dos equipamentos e das m\u00e3os dos colaboradores.<\/li><\/ul>\n\n\n\n<p>A entrada de acompanhantes de clientes est\u00e1 proibida, a n\u00e3o ser para as pessoas com mobilidade reduzida que necessitam do acompanhamento para se deslocarem. O estabelecimento deve orientar seu cliente para que priorize o uso de seu pr\u00f3prio material, tais como: toalhas e instrumentos de manicure.<\/p>\n\n\n\n<ul class=\"wp-block-list\"><li>Est\u00e3o proibidas festas, eventos p\u00fablicos e privados, em espa\u00e7os p\u00fablicos e privados (sal\u00f5es de festas, s\u00edtios, granjas, quadras, etc.), estando sujeitos os envolvidos \u00e0s san\u00e7\u00f5es penais previstas no artigo 268 do Decreto-Lei n\u00ba 2.848, de 7 de dezembro de 1940 &#8211; C\u00f3digo Penal, al\u00e9m de multas.<\/li><li>Multas: os locais que permitirem a realiza\u00e7\u00e3o de festas ou eventos sofrer\u00e3o multa no valor de R$10 mil, sendo o dobro na reincid\u00eancia &#8211; multa que ser\u00e1 aplicada ao propriet\u00e1rio do local (sal\u00f5es, boates, s\u00edtios, resid\u00eancias, etc.).<\/li><li>As atividades em funcionamento irregular ser\u00e3o imediatamente penalizadas com multa ou interdi\u00e7\u00e3o de 15 dias, conforme o caso, de acordo com o Decreto n\u00ba 4.861\/21.<\/li><\/ul>\n\n\n\n<p>Clique <a href=\"https:\/\/ovigilanteonline.com.br\/site\/wp-content\/uploads\/2021\/06\/DECRETO-N.o-4.861-Onda-Vermelha-Restritiva.pdf\" target=\"_blank\" rel=\"noreferrer noopener\">aqui<\/a> para acessar o documento.<\/p>\n\n\n\n<p>Fonte: Prefeitura de Leopoldina, com \u00c9der Garcia<\/p>\n","protected":false},"excerpt":{"rendered":"<p>Medidas passam a valer a partir desta quarta (2) e t\u00eam validade de 15 dias. A Prefeitura de Leopoldina divulgou nesta ter\u00e7a-feira, 1\u00ba de junho, um novo decreto com medidas contra o novo coronav\u00edrus no munic\u00edpio. De acordo com o Executivo, o aumento expressivo de casos de coronav\u00edrus na regi\u00e3o faz do atual momento um [&hellip;]<\/p>\n","protected":false},"author":5,"featured_media":387828,"comment_status":"open","ping_status":"open","sticky":false,"template":"","format":"standard","meta":{"footnotes":""},"categories":[11,26],"tags":[],"class_list":["post-387825","post","type-post","status-publish","format-standard","has-post-thumbnail","hentry","category-leopoldina","category-ultimas-noticias"],"yoast_head":"<!-- This site is optimized with the Yoast SEO plugin v27.4 - https:\/\/yoast.com\/product\/yoast-seo-wordpress\/ -->\n<title>Novo decreto em Leopoldina endurece medidas contra o novo coronav\u00edrus<\/title>\n<meta name=\"robots\" content=\"index, follow, max-snippet:-1, max-image-preview:large, max-video-preview:-1\" \/>\n<link rel=\"canonical\" href=\"https:\/\/www.ovigilanteonline.com.br\/site\/2021\/06\/01\/novo-decreto-em-leopoldina-endurece-medidas-contra-o-novo-coronavirus\/\" \/>\n<meta property=\"og:locale\" content=\"pt_BR\" \/>\n<meta property=\"og:type\" content=\"article\" \/>\n<meta property=\"og:title\" content=\"Novo decreto em Leopoldina endurece medidas contra o novo coronav\u00edrus\" \/>\n<meta property=\"og:description\" content=\"Medidas passam a valer a partir desta quarta (2) e t\u00eam validade de 15 dias. A Prefeitura de Leopoldina divulgou nesta ter\u00e7a-feira, 1\u00ba de junho, um novo decreto com medidas contra o novo coronav\u00edrus no munic\u00edpio. De acordo com o Executivo, o aumento expressivo de casos de coronav\u00edrus na regi\u00e3o faz do atual momento um [&hellip;]\" \/>\n<meta property=\"og:url\" content=\"https:\/\/www.ovigilanteonline.com.br\/site\/2021\/06\/01\/novo-decreto-em-leopoldina-endurece-medidas-contra-o-novo-coronavirus\/\" \/>\n<meta property=\"og:site_name\" content=\"O VIGILANTE ONLINE\" \/>\n<meta property=\"article:publisher\" content=\"https:\/\/www.facebook.com\/ovigilanteonline\" \/>\n<meta property=\"article:published_time\" content=\"2021-06-02T00:17:04+00:00\" \/>\n<meta property=\"article:modified_time\" content=\"2021-06-10T17:28:41+00:00\" \/>\n<meta property=\"og:image\" content=\"https:\/\/www.ovigilanteonline.com.br\/site\/wp-content\/uploads\/2021\/06\/LEOPOLDINA-CRUZEIRO-O-VIGILANTE-ONLINE.jpg\" \/>\n\t<meta property=\"og:image:width\" content=\"800\" \/>\n\t<meta property=\"og:image:height\" content=\"441\" \/>\n\t<meta property=\"og:image:type\" content=\"image\/jpeg\" \/>\n<meta name=\"author\" content=\"J\u00falio Cabral\" \/>\n<meta name=\"twitter:card\" content=\"summary_large_image\" \/>\n<meta name=\"twitter:label1\" content=\"Escrito por\" \/>\n\t<meta name=\"twitter:data1\" content=\"J\u00falio Cabral\" \/>\n\t<meta name=\"twitter:label2\" content=\"Est. tempo de leitura\" \/>\n\t<meta name=\"twitter:data2\" content=\"5 minutos\" \/>\n<script type=\"application\/ld+json\" class=\"yoast-schema-graph\">{\"@context\":\"https:\\\/\\\/schema.org\",\"@graph\":[{\"@type\":\"Article\",\"@id\":\"https:\\\/\\\/www.ovigilanteonline.com.br\\\/site\\\/2021\\\/06\\\/01\\\/novo-decreto-em-leopoldina-endurece-medidas-contra-o-novo-coronavirus\\\/#article\",\"isPartOf\":{\"@id\":\"https:\\\/\\\/www.ovigilanteonline.com.br\\\/site\\\/2021\\\/06\\\/01\\\/novo-decreto-em-leopoldina-endurece-medidas-contra-o-novo-coronavirus\\\/\"},\"author\":{\"name\":\"J\u00falio Cabral\",\"@id\":\"https:\\\/\\\/www.ovigilanteonline.com.br\\\/site\\\/#\\\/schema\\\/person\\\/a58c0d2b43f23d108fa2b3c67db4e4df\"},\"headline\":\"Novo decreto em Leopoldina endurece medidas contra o novo coronav\u00edrus\",\"datePublished\":\"2021-06-02T00:17:04+00:00\",\"dateModified\":\"2021-06-10T17:28:41+00:00\",\"mainEntityOfPage\":{\"@id\":\"https:\\\/\\\/www.ovigilanteonline.com.br\\\/site\\\/2021\\\/06\\\/01\\\/novo-decreto-em-leopoldina-endurece-medidas-contra-o-novo-coronavirus\\\/\"},\"wordCount\":1062,\"commentCount\":0,\"image\":{\"@id\":\"https:\\\/\\\/www.ovigilanteonline.com.br\\\/site\\\/2021\\\/06\\\/01\\\/novo-decreto-em-leopoldina-endurece-medidas-contra-o-novo-coronavirus\\\/#primaryimage\"},\"thumbnailUrl\":\"https:\\\/\\\/www.ovigilanteonline.com.br\\\/site\\\/wp-content\\\/uploads\\\/2021\\\/06\\\/LEOPOLDINA-CRUZEIRO-O-VIGILANTE-ONLINE.jpg\",\"articleSection\":[\"Leopoldina\",\"\u00daltimas Not\u00edcias\"],\"inLanguage\":\"pt-BR\",\"potentialAction\":[{\"@type\":\"CommentAction\",\"name\":\"Comment\",\"target\":[\"https:\\\/\\\/www.ovigilanteonline.com.br\\\/site\\\/2021\\\/06\\\/01\\\/novo-decreto-em-leopoldina-endurece-medidas-contra-o-novo-coronavirus\\\/#respond\"]}]},{\"@type\":\"WebPage\",\"@id\":\"https:\\\/\\\/www.ovigilanteonline.com.br\\\/site\\\/2021\\\/06\\\/01\\\/novo-decreto-em-leopoldina-endurece-medidas-contra-o-novo-coronavirus\\\/\",\"url\":\"https:\\\/\\\/www.ovigilanteonline.com.br\\\/site\\\/2021\\\/06\\\/01\\\/novo-decreto-em-leopoldina-endurece-medidas-contra-o-novo-coronavirus\\\/\",\"name\":\"Novo decreto em Leopoldina endurece medidas contra o novo coronav\u00edrus\",\"isPartOf\":{\"@id\":\"https:\\\/\\\/www.ovigilanteonline.com.br\\\/site\\\/#website\"},\"primaryImageOfPage\":{\"@id\":\"https:\\\/\\\/www.ovigilanteonline.com.br\\\/site\\\/2021\\\/06\\\/01\\\/novo-decreto-em-leopoldina-endurece-medidas-contra-o-novo-coronavirus\\\/#primaryimage\"},\"image\":{\"@id\":\"https:\\\/\\\/www.ovigilanteonline.com.br\\\/site\\\/2021\\\/06\\\/01\\\/novo-decreto-em-leopoldina-endurece-medidas-contra-o-novo-coronavirus\\\/#primaryimage\"},\"thumbnailUrl\":\"https:\\\/\\\/www.ovigilanteonline.com.br\\\/site\\\/wp-content\\\/uploads\\\/2021\\\/06\\\/LEOPOLDINA-CRUZEIRO-O-VIGILANTE-ONLINE.jpg\",\"datePublished\":\"2021-06-02T00:17:04+00:00\",\"dateModified\":\"2021-06-10T17:28:41+00:00\",\"author\":{\"@id\":\"https:\\\/\\\/www.ovigilanteonline.com.br\\\/site\\\/#\\\/schema\\\/person\\\/a58c0d2b43f23d108fa2b3c67db4e4df\"},\"breadcrumb\":{\"@id\":\"https:\\\/\\\/www.ovigilanteonline.com.br\\\/site\\\/2021\\\/06\\\/01\\\/novo-decreto-em-leopoldina-endurece-medidas-contra-o-novo-coronavirus\\\/#breadcrumb\"},\"inLanguage\":\"pt-BR\",\"potentialAction\":[{\"@type\":\"ReadAction\",\"target\":[\"https:\\\/\\\/www.ovigilanteonline.com.br\\\/site\\\/2021\\\/06\\\/01\\\/novo-decreto-em-leopoldina-endurece-medidas-contra-o-novo-coronavirus\\\/\"]}]},{\"@type\":\"ImageObject\",\"inLanguage\":\"pt-BR\",\"@id\":\"https:\\\/\\\/www.ovigilanteonline.com.br\\\/site\\\/2021\\\/06\\\/01\\\/novo-decreto-em-leopoldina-endurece-medidas-contra-o-novo-coronavirus\\\/#primaryimage\",\"url\":\"https:\\\/\\\/www.ovigilanteonline.com.br\\\/site\\\/wp-content\\\/uploads\\\/2021\\\/06\\\/LEOPOLDINA-CRUZEIRO-O-VIGILANTE-ONLINE.jpg\",\"contentUrl\":\"https:\\\/\\\/www.ovigilanteonline.com.br\\\/site\\\/wp-content\\\/uploads\\\/2021\\\/06\\\/LEOPOLDINA-CRUZEIRO-O-VIGILANTE-ONLINE.jpg\",\"width\":800,\"height\":441},{\"@type\":\"BreadcrumbList\",\"@id\":\"https:\\\/\\\/www.ovigilanteonline.com.br\\\/site\\\/2021\\\/06\\\/01\\\/novo-decreto-em-leopoldina-endurece-medidas-contra-o-novo-coronavirus\\\/#breadcrumb\",\"itemListElement\":[{\"@type\":\"ListItem\",\"position\":1,\"name\":\"In\u00edcio\",\"item\":\"https:\\\/\\\/www.ovigilanteonline.com.br\\\/site\\\/\"},{\"@type\":\"ListItem\",\"position\":2,\"name\":\"Novo decreto em Leopoldina endurece medidas contra o novo coronav\u00edrus\"}]},{\"@type\":\"WebSite\",\"@id\":\"https:\\\/\\\/www.ovigilanteonline.com.br\\\/site\\\/#website\",\"url\":\"https:\\\/\\\/www.ovigilanteonline.com.br\\\/site\\\/\",\"name\":\"O VIGILANTE ONLINE - Not\u00edcias de Leopoldina e regi\u00e3o\",\"description\":\"\",\"potentialAction\":[{\"@type\":\"SearchAction\",\"target\":{\"@type\":\"EntryPoint\",\"urlTemplate\":\"https:\\\/\\\/www.ovigilanteonline.com.br\\\/site\\\/?s={search_term_string}\"},\"query-input\":{\"@type\":\"PropertyValueSpecification\",\"valueRequired\":true,\"valueName\":\"search_term_string\"}}],\"inLanguage\":\"pt-BR\"},{\"@type\":\"Person\",\"@id\":\"https:\\\/\\\/www.ovigilanteonline.com.br\\\/site\\\/#\\\/schema\\\/person\\\/a58c0d2b43f23d108fa2b3c67db4e4df\",\"name\":\"J\u00falio Cabral\"}]}<\/script>\n<!-- \/ Yoast SEO plugin. -->","yoast_head_json":{"title":"Novo decreto em Leopoldina endurece medidas contra o novo coronav\u00edrus","robots":{"index":"index","follow":"follow","max-snippet":"max-snippet:-1","max-image-preview":"max-image-preview:large","max-video-preview":"max-video-preview:-1"},"canonical":"https:\/\/www.ovigilanteonline.com.br\/site\/2021\/06\/01\/novo-decreto-em-leopoldina-endurece-medidas-contra-o-novo-coronavirus\/","og_locale":"pt_BR","og_type":"article","og_title":"Novo decreto em Leopoldina endurece medidas contra o novo coronav\u00edrus","og_description":"Medidas passam a valer a partir desta quarta (2) e t\u00eam validade de 15 dias. A Prefeitura de Leopoldina divulgou nesta ter\u00e7a-feira, 1\u00ba de junho, um novo decreto com medidas contra o novo coronav\u00edrus no munic\u00edpio. De acordo com o Executivo, o aumento expressivo de casos de coronav\u00edrus na regi\u00e3o faz do atual momento um [&hellip;]","og_url":"https:\/\/www.ovigilanteonline.com.br\/site\/2021\/06\/01\/novo-decreto-em-leopoldina-endurece-medidas-contra-o-novo-coronavirus\/","og_site_name":"O VIGILANTE ONLINE","article_publisher":"https:\/\/www.facebook.com\/ovigilanteonline","article_published_time":"2021-06-02T00:17:04+00:00","article_modified_time":"2021-06-10T17:28:41+00:00","og_image":[{"width":800,"height":441,"url":"https:\/\/www.ovigilanteonline.com.br\/site\/wp-content\/uploads\/2021\/06\/LEOPOLDINA-CRUZEIRO-O-VIGILANTE-ONLINE.jpg","type":"image\/jpeg"}],"author":"J\u00falio Cabral","twitter_card":"summary_large_image","twitter_misc":{"Escrito por":"J\u00falio Cabral","Est. tempo de leitura":"5 minutos"},"schema":{"@context":"https:\/\/schema.org","@graph":[{"@type":"Article","@id":"https:\/\/www.ovigilanteonline.com.br\/site\/2021\/06\/01\/novo-decreto-em-leopoldina-endurece-medidas-contra-o-novo-coronavirus\/#article","isPartOf":{"@id":"https:\/\/www.ovigilanteonline.com.br\/site\/2021\/06\/01\/novo-decreto-em-leopoldina-endurece-medidas-contra-o-novo-coronavirus\/"},"author":{"name":"J\u00falio Cabral","@id":"https:\/\/www.ovigilanteonline.com.br\/site\/#\/schema\/person\/a58c0d2b43f23d108fa2b3c67db4e4df"},"headline":"Novo decreto em Leopoldina endurece medidas contra o novo coronav\u00edrus","datePublished":"2021-06-02T00:17:04+00:00","dateModified":"2021-06-10T17:28:41+00:00","mainEntityOfPage":{"@id":"https:\/\/www.ovigilanteonline.com.br\/site\/2021\/06\/01\/novo-decreto-em-leopoldina-endurece-medidas-contra-o-novo-coronavirus\/"},"wordCount":1062,"commentCount":0,"image":{"@id":"https:\/\/www.ovigilanteonline.com.br\/site\/2021\/06\/01\/novo-decreto-em-leopoldina-endurece-medidas-contra-o-novo-coronavirus\/#primaryimage"},"thumbnailUrl":"https:\/\/www.ovigilanteonline.com.br\/site\/wp-content\/uploads\/2021\/06\/LEOPOLDINA-CRUZEIRO-O-VIGILANTE-ONLINE.jpg","articleSection":["Leopoldina","\u00daltimas Not\u00edcias"],"inLanguage":"pt-BR","potentialAction":[{"@type":"CommentAction","name":"Comment","target":["https:\/\/www.ovigilanteonline.com.br\/site\/2021\/06\/01\/novo-decreto-em-leopoldina-endurece-medidas-contra-o-novo-coronavirus\/#respond"]}]},{"@type":"WebPage","@id":"https:\/\/www.ovigilanteonline.com.br\/site\/2021\/06\/01\/novo-decreto-em-leopoldina-endurece-medidas-contra-o-novo-coronavirus\/","url":"https:\/\/www.ovigilanteonline.com.br\/site\/2021\/06\/01\/novo-decreto-em-leopoldina-endurece-medidas-contra-o-novo-coronavirus\/","name":"Novo decreto em Leopoldina endurece medidas contra o novo coronav\u00edrus","isPartOf":{"@id":"https:\/\/www.ovigilanteonline.com.br\/site\/#website"},"primaryImageOfPage":{"@id":"https:\/\/www.ovigilanteonline.com.br\/site\/2021\/06\/01\/novo-decreto-em-leopoldina-endurece-medidas-contra-o-novo-coronavirus\/#primaryimage"},"image":{"@id":"https:\/\/www.ovigilanteonline.com.br\/site\/2021\/06\/01\/novo-decreto-em-leopoldina-endurece-medidas-contra-o-novo-coronavirus\/#primaryimage"},"thumbnailUrl":"https:\/\/www.ovigilanteonline.com.br\/site\/wp-content\/uploads\/2021\/06\/LEOPOLDINA-CRUZEIRO-O-VIGILANTE-ONLINE.jpg","datePublished":"2021-06-02T00:17:04+00:00","dateModified":"2021-06-10T17:28:41+00:00","author":{"@id":"https:\/\/www.ovigilanteonline.com.br\/site\/#\/schema\/person\/a58c0d2b43f23d108fa2b3c67db4e4df"},"breadcrumb":{"@id":"https:\/\/www.ovigilanteonline.com.br\/site\/2021\/06\/01\/novo-decreto-em-leopoldina-endurece-medidas-contra-o-novo-coronavirus\/#breadcrumb"},"inLanguage":"pt-BR","potentialAction":[{"@type":"ReadAction","target":["https:\/\/www.ovigilanteonline.com.br\/site\/2021\/06\/01\/novo-decreto-em-leopoldina-endurece-medidas-contra-o-novo-coronavirus\/"]}]},{"@type":"ImageObject","inLanguage":"pt-BR","@id":"https:\/\/www.ovigilanteonline.com.br\/site\/2021\/06\/01\/novo-decreto-em-leopoldina-endurece-medidas-contra-o-novo-coronavirus\/#primaryimage","url":"https:\/\/www.ovigilanteonline.com.br\/site\/wp-content\/uploads\/2021\/06\/LEOPOLDINA-CRUZEIRO-O-VIGILANTE-ONLINE.jpg","contentUrl":"https:\/\/www.ovigilanteonline.com.br\/site\/wp-content\/uploads\/2021\/06\/LEOPOLDINA-CRUZEIRO-O-VIGILANTE-ONLINE.jpg","width":800,"height":441},{"@type":"BreadcrumbList","@id":"https:\/\/www.ovigilanteonline.com.br\/site\/2021\/06\/01\/novo-decreto-em-leopoldina-endurece-medidas-contra-o-novo-coronavirus\/#breadcrumb","itemListElement":[{"@type":"ListItem","position":1,"name":"In\u00edcio","item":"https:\/\/www.ovigilanteonline.com.br\/site\/"},{"@type":"ListItem","position":2,"name":"Novo decreto em Leopoldina endurece medidas contra o novo coronav\u00edrus"}]},{"@type":"WebSite","@id":"https:\/\/www.ovigilanteonline.com.br\/site\/#website","url":"https:\/\/www.ovigilanteonline.com.br\/site\/","name":"O VIGILANTE ONLINE - Not\u00edcias de Leopoldina e regi\u00e3o","description":"","potentialAction":[{"@type":"SearchAction","target":{"@type":"EntryPoint","urlTemplate":"https:\/\/www.ovigilanteonline.com.br\/site\/?s={search_term_string}"},"query-input":{"@type":"PropertyValueSpecification","valueRequired":true,"valueName":"search_term_string"}}],"inLanguage":"pt-BR"},{"@type":"Person","@id":"https:\/\/www.ovigilanteonline.com.br\/site\/#\/schema\/person\/a58c0d2b43f23d108fa2b3c67db4e4df","name":"J\u00falio Cabral"}]}},"cc_featured_image_caption":{"caption_text":"","source_text":"","source_url":""},"_links":{"self":[{"href":"https:\/\/www.ovigilanteonline.com.br\/site\/wp-json\/wp\/v2\/posts\/387825","targetHints":{"allow":["GET"]}}],"collection":[{"href":"https:\/\/www.ovigilanteonline.com.br\/site\/wp-json\/wp\/v2\/posts"}],"about":[{"href":"https:\/\/www.ovigilanteonline.com.br\/site\/wp-json\/wp\/v2\/types\/post"}],"author":[{"embeddable":true,"href":"https:\/\/www.ovigilanteonline.com.br\/site\/wp-json\/wp\/v2\/users\/5"}],"replies":[{"embeddable":true,"href":"https:\/\/www.ovigilanteonline.com.br\/site\/wp-json\/wp\/v2\/comments?post=387825"}],"version-history":[{"count":0,"href":"https:\/\/www.ovigilanteonline.com.br\/site\/wp-json\/wp\/v2\/posts\/387825\/revisions"}],"wp:featuredmedia":[{"embeddable":true,"href":"https:\/\/www.ovigilanteonline.com.br\/site\/wp-json\/wp\/v2\/media\/387828"}],"wp:attachment":[{"href":"https:\/\/www.ovigilanteonline.com.br\/site\/wp-json\/wp\/v2\/media?parent=387825"}],"wp:term":[{"taxonomy":"category","embeddable":true,"href":"https:\/\/www.ovigilanteonline.com.br\/site\/wp-json\/wp\/v2\/categories?post=387825"},{"taxonomy":"post_tag","embeddable":true,"href":"https:\/\/www.ovigilanteonline.com.br\/site\/wp-json\/wp\/v2\/tags?post=387825"}],"curies":[{"name":"wp","href":"https:\/\/api.w.org\/{rel}","templated":true}]}}