{"id":387791,"date":"2021-06-01T09:24:32","date_gmt":"2021-06-01T12:24:32","guid":{"rendered":"https:\/\/ovigilanteonline.com.br\/site\/?p=387791"},"modified":"2021-06-03T10:45:21","modified_gmt":"2021-06-03T13:45:21","slug":"prefeitos-da-regiao-se-reunem-para-discutir-medidas-emergenciais-de-combate-ao-coronavirus","status":"publish","type":"post","link":"https:\/\/www.ovigilanteonline.com.br\/site\/2021\/06\/01\/prefeitos-da-regiao-se-reunem-para-discutir-medidas-emergenciais-de-combate-ao-coronavirus\/","title":{"rendered":"Prefeitos da regi\u00e3o se re\u00fanem para discutir medidas emergenciais de combate ao coronav\u00edrus"},"content":{"rendered":"\n<p>Prefeitos de oito cidades da regi\u00e3o se reuniram durante a tarde desta segunda-feira, 31, no gabinete do prefeito de Leopoldina, Pedro Augusto Junqueira Ferraz, para discutir medidas emerg\u00eancias que possam ser aplicadas imediatamente, e de forma conjunta, para tentar frear as contamina\u00e7\u00f5es do coronav\u00edrus.<\/p>\n\n\n\n<p>Com dura\u00e7\u00e3o de aproximadamente quatro horas, no encontro foram intensamente discutidos pontos relacionados \u00e0 elabora\u00e7\u00e3o de um novo decreto.<\/p>\n\n\n\n<p>&#8220;Sabemos que o momento \u00e9 um dos mais delicados j\u00e1 enfrentados em nossa regi\u00e3o. As unidades de sa\u00fade regionais est\u00e3o \u00e0 beira do colapso devido ao aumento das contamina\u00e7\u00f5es pelo coronav\u00edrus. Os leitos de UTI destinados a pacientes com covid est\u00e3o lotados. Chegou a hora de agir de forma conjunta. Temos que encontrar medidas inteligentes, que possam ser aplicadas para tentar frear o avan\u00e7o da doen\u00e7a\u201d, disse o prefeito Pedro Augusto.<\/p>\n\n\n\n<p>O diretor da Ger\u00eancia  Regional de Sa\u00fade (GRS-Leopoldina), Renan Guimar\u00e3es, e o secret\u00e1rio municipal de Sa\u00fade de Leopoldina, M\u00e1rcio Machado, estiveram presentes e apresentaram dados que justificam a necessidade urgente da implementa\u00e7\u00e3o de medidas mais efetivas que combatam a doen\u00e7a.<\/p>\n\n\n\n<p>A fiscaliza\u00e7\u00e3o tamb\u00e9m entrou em pauta. Atualmente, Leopoldina conta com 13 fiscais. O n\u00famero deve aumentar, assim como as equipes ter\u00e3o nova forma de atua\u00e7\u00e3o. O setor de disk-den\u00fancia tamb\u00e9m dever\u00e1 ser ampliado, para trazer mais efici\u00eancia \u00e0s chamadas recebidas.<\/p>\n\n\n\n<p>A discuss\u00e3o dos pontos do novo decreto ainda continua. A previs\u00e3o \u00e9 que o novo texto deva ser publicado at\u00e9 a pr\u00f3xima quarta-feira, dia 2.<\/p>\n\n\n\n<p>Participaram da reuni\u00e3o os prefeitos Jos\u00e9 Henriques (Cataguases), Fernando Gon\u00e7alves (Laranjal), Jos\u00e9 Maria Barros (Recreio), Bruno Ribeiro (Astolfo Dutra), Marcos Ant\u00f4nio Ferreira (Santana de Cataguases) e Diego Coutinho (Estrela Dalva); o vice-prefeito de Laranjal, Marlon Ant\u00f4nio; o procurador de Palma, Dhionathan Oliveira dos Santos; e o vereador de Palma, Rodrigo de Paula.<\/p>\n\n\n\n<p>Fonte: Prefeitura de Leopoldina, com \u00c9der Garcia<\/p>\n","protected":false},"excerpt":{"rendered":"<p>A previs\u00e3o \u00e9 que um novo decreto seja publicado at\u00e9 a&#8230;<\/p>\n","protected":false},"author":5,"featured_media":387796,"comment_status":"open","ping_status":"open","sticky":false,"template":"","format":"standard","meta":{"footnotes":""},"categories":[11,12,26],"tags":[],"class_list":["post-387791","post","type-post","status-publish","format-standard","has-post-thumbnail","hentry","category-leopoldina","category-regiao","category-ultimas-noticias"],"yoast_head":"<!-- This site is optimized with the Yoast SEO plugin v27.4 - https:\/\/yoast.com\/product\/yoast-seo-wordpress\/ -->\n<title>Prefeitos da regi\u00e3o se re\u00fanem para discutir medidas emergenciais de combate ao coronav\u00edrus<\/title>\n<meta name=\"robots\" content=\"index, follow, max-snippet:-1, max-image-preview:large, max-video-preview:-1\" \/>\n<link rel=\"canonical\" href=\"https:\/\/www.ovigilanteonline.com.br\/site\/2021\/06\/01\/prefeitos-da-regiao-se-reunem-para-discutir-medidas-emergenciais-de-combate-ao-coronavirus\/\" \/>\n<meta property=\"og:locale\" content=\"pt_BR\" \/>\n<meta property=\"og:type\" content=\"article\" \/>\n<meta property=\"og:title\" content=\"Prefeitos da regi\u00e3o se re\u00fanem para discutir medidas emergenciais de combate ao coronav\u00edrus\" \/>\n<meta property=\"og:description\" content=\"A previs\u00e3o \u00e9 que um novo decreto seja publicado at\u00e9 a...\" \/>\n<meta property=\"og:url\" content=\"https:\/\/www.ovigilanteonline.com.br\/site\/2021\/06\/01\/prefeitos-da-regiao-se-reunem-para-discutir-medidas-emergenciais-de-combate-ao-coronavirus\/\" \/>\n<meta property=\"og:site_name\" content=\"O VIGILANTE ONLINE\" \/>\n<meta property=\"article:publisher\" content=\"https:\/\/www.facebook.com\/ovigilanteonline\" \/>\n<meta property=\"article:published_time\" content=\"2021-06-01T12:24:32+00:00\" \/>\n<meta property=\"article:modified_time\" content=\"2021-06-03T13:45:21+00:00\" \/>\n<meta property=\"og:image\" content=\"https:\/\/www.ovigilanteonline.com.br\/site\/wp-content\/uploads\/2021\/06\/prefeitura-de-leopoldina-reuniao-covid.jpeg\" \/>\n\t<meta property=\"og:image:width\" content=\"800\" \/>\n\t<meta property=\"og:image:height\" content=\"502\" \/>\n\t<meta property=\"og:image:type\" content=\"image\/jpeg\" \/>\n<meta name=\"author\" content=\"J\u00falio Cabral\" \/>\n<meta name=\"twitter:card\" content=\"summary_large_image\" \/>\n<meta name=\"twitter:label1\" content=\"Escrito por\" \/>\n\t<meta name=\"twitter:data1\" content=\"J\u00falio Cabral\" \/>\n\t<meta name=\"twitter:label2\" content=\"Est. tempo de leitura\" \/>\n\t<meta name=\"twitter:data2\" content=\"2 minutos\" \/>\n<script type=\"application\/ld+json\" class=\"yoast-schema-graph\">{\"@context\":\"https:\\\/\\\/schema.org\",\"@graph\":[{\"@type\":\"Article\",\"@id\":\"https:\\\/\\\/www.ovigilanteonline.com.br\\\/site\\\/2021\\\/06\\\/01\\\/prefeitos-da-regiao-se-reunem-para-discutir-medidas-emergenciais-de-combate-ao-coronavirus\\\/#article\",\"isPartOf\":{\"@id\":\"https:\\\/\\\/www.ovigilanteonline.com.br\\\/site\\\/2021\\\/06\\\/01\\\/prefeitos-da-regiao-se-reunem-para-discutir-medidas-emergenciais-de-combate-ao-coronavirus\\\/\"},\"author\":{\"name\":\"J\u00falio Cabral\",\"@id\":\"https:\\\/\\\/www.ovigilanteonline.com.br\\\/site\\\/#\\\/schema\\\/person\\\/a58c0d2b43f23d108fa2b3c67db4e4df\"},\"headline\":\"Prefeitos da regi\u00e3o se re\u00fanem para discutir medidas emergenciais de combate ao coronav\u00edrus\",\"datePublished\":\"2021-06-01T12:24:32+00:00\",\"dateModified\":\"2021-06-03T13:45:21+00:00\",\"mainEntityOfPage\":{\"@id\":\"https:\\\/\\\/www.ovigilanteonline.com.br\\\/site\\\/2021\\\/06\\\/01\\\/prefeitos-da-regiao-se-reunem-para-discutir-medidas-emergenciais-de-combate-ao-coronavirus\\\/\"},\"wordCount\":344,\"commentCount\":0,\"image\":{\"@id\":\"https:\\\/\\\/www.ovigilanteonline.com.br\\\/site\\\/2021\\\/06\\\/01\\\/prefeitos-da-regiao-se-reunem-para-discutir-medidas-emergenciais-de-combate-ao-coronavirus\\\/#primaryimage\"},\"thumbnailUrl\":\"https:\\\/\\\/www.ovigilanteonline.com.br\\\/site\\\/wp-content\\\/uploads\\\/2021\\\/06\\\/prefeitura-de-leopoldina-reuniao-covid.jpeg\",\"articleSection\":[\"Leopoldina\",\"Regi\u00e3o\",\"\u00daltimas Not\u00edcias\"],\"inLanguage\":\"pt-BR\",\"potentialAction\":[{\"@type\":\"CommentAction\",\"name\":\"Comment\",\"target\":[\"https:\\\/\\\/www.ovigilanteonline.com.br\\\/site\\\/2021\\\/06\\\/01\\\/prefeitos-da-regiao-se-reunem-para-discutir-medidas-emergenciais-de-combate-ao-coronavirus\\\/#respond\"]}]},{\"@type\":\"WebPage\",\"@id\":\"https:\\\/\\\/www.ovigilanteonline.com.br\\\/site\\\/2021\\\/06\\\/01\\\/prefeitos-da-regiao-se-reunem-para-discutir-medidas-emergenciais-de-combate-ao-coronavirus\\\/\",\"url\":\"https:\\\/\\\/www.ovigilanteonline.com.br\\\/site\\\/2021\\\/06\\\/01\\\/prefeitos-da-regiao-se-reunem-para-discutir-medidas-emergenciais-de-combate-ao-coronavirus\\\/\",\"name\":\"Prefeitos da regi\u00e3o se re\u00fanem para discutir medidas emergenciais de combate ao coronav\u00edrus\",\"isPartOf\":{\"@id\":\"https:\\\/\\\/www.ovigilanteonline.com.br\\\/site\\\/#website\"},\"primaryImageOfPage\":{\"@id\":\"https:\\\/\\\/www.ovigilanteonline.com.br\\\/site\\\/2021\\\/06\\\/01\\\/prefeitos-da-regiao-se-reunem-para-discutir-medidas-emergenciais-de-combate-ao-coronavirus\\\/#primaryimage\"},\"image\":{\"@id\":\"https:\\\/\\\/www.ovigilanteonline.com.br\\\/site\\\/2021\\\/06\\\/01\\\/prefeitos-da-regiao-se-reunem-para-discutir-medidas-emergenciais-de-combate-ao-coronavirus\\\/#primaryimage\"},\"thumbnailUrl\":\"https:\\\/\\\/www.ovigilanteonline.com.br\\\/site\\\/wp-content\\\/uploads\\\/2021\\\/06\\\/prefeitura-de-leopoldina-reuniao-covid.jpeg\",\"datePublished\":\"2021-06-01T12:24:32+00:00\",\"dateModified\":\"2021-06-03T13:45:21+00:00\",\"author\":{\"@id\":\"https:\\\/\\\/www.ovigilanteonline.com.br\\\/site\\\/#\\\/schema\\\/person\\\/a58c0d2b43f23d108fa2b3c67db4e4df\"},\"breadcrumb\":{\"@id\":\"https:\\\/\\\/www.ovigilanteonline.com.br\\\/site\\\/2021\\\/06\\\/01\\\/prefeitos-da-regiao-se-reunem-para-discutir-medidas-emergenciais-de-combate-ao-coronavirus\\\/#breadcrumb\"},\"inLanguage\":\"pt-BR\",\"potentialAction\":[{\"@type\":\"ReadAction\",\"target\":[\"https:\\\/\\\/www.ovigilanteonline.com.br\\\/site\\\/2021\\\/06\\\/01\\\/prefeitos-da-regiao-se-reunem-para-discutir-medidas-emergenciais-de-combate-ao-coronavirus\\\/\"]}]},{\"@type\":\"ImageObject\",\"inLanguage\":\"pt-BR\",\"@id\":\"https:\\\/\\\/www.ovigilanteonline.com.br\\\/site\\\/2021\\\/06\\\/01\\\/prefeitos-da-regiao-se-reunem-para-discutir-medidas-emergenciais-de-combate-ao-coronavirus\\\/#primaryimage\",\"url\":\"https:\\\/\\\/www.ovigilanteonline.com.br\\\/site\\\/wp-content\\\/uploads\\\/2021\\\/06\\\/prefeitura-de-leopoldina-reuniao-covid.jpeg\",\"contentUrl\":\"https:\\\/\\\/www.ovigilanteonline.com.br\\\/site\\\/wp-content\\\/uploads\\\/2021\\\/06\\\/prefeitura-de-leopoldina-reuniao-covid.jpeg\",\"width\":800,\"height\":502},{\"@type\":\"BreadcrumbList\",\"@id\":\"https:\\\/\\\/www.ovigilanteonline.com.br\\\/site\\\/2021\\\/06\\\/01\\\/prefeitos-da-regiao-se-reunem-para-discutir-medidas-emergenciais-de-combate-ao-coronavirus\\\/#breadcrumb\",\"itemListElement\":[{\"@type\":\"ListItem\",\"position\":1,\"name\":\"In\u00edcio\",\"item\":\"https:\\\/\\\/www.ovigilanteonline.com.br\\\/site\\\/\"},{\"@type\":\"ListItem\",\"position\":2,\"name\":\"Prefeitos da regi\u00e3o se re\u00fanem para discutir medidas emergenciais de combate ao coronav\u00edrus\"}]},{\"@type\":\"WebSite\",\"@id\":\"https:\\\/\\\/www.ovigilanteonline.com.br\\\/site\\\/#website\",\"url\":\"https:\\\/\\\/www.ovigilanteonline.com.br\\\/site\\\/\",\"name\":\"O VIGILANTE ONLINE - Not\u00edcias de Leopoldina e regi\u00e3o\",\"description\":\"\",\"potentialAction\":[{\"@type\":\"SearchAction\",\"target\":{\"@type\":\"EntryPoint\",\"urlTemplate\":\"https:\\\/\\\/www.ovigilanteonline.com.br\\\/site\\\/?s={search_term_string}\"},\"query-input\":{\"@type\":\"PropertyValueSpecification\",\"valueRequired\":true,\"valueName\":\"search_term_string\"}}],\"inLanguage\":\"pt-BR\"},{\"@type\":\"Person\",\"@id\":\"https:\\\/\\\/www.ovigilanteonline.com.br\\\/site\\\/#\\\/schema\\\/person\\\/a58c0d2b43f23d108fa2b3c67db4e4df\",\"name\":\"J\u00falio Cabral\"}]}<\/script>\n<!-- \/ Yoast SEO plugin. -->","yoast_head_json":{"title":"Prefeitos da regi\u00e3o se re\u00fanem para discutir medidas emergenciais de combate ao coronav\u00edrus","robots":{"index":"index","follow":"follow","max-snippet":"max-snippet:-1","max-image-preview":"max-image-preview:large","max-video-preview":"max-video-preview:-1"},"canonical":"https:\/\/www.ovigilanteonline.com.br\/site\/2021\/06\/01\/prefeitos-da-regiao-se-reunem-para-discutir-medidas-emergenciais-de-combate-ao-coronavirus\/","og_locale":"pt_BR","og_type":"article","og_title":"Prefeitos da regi\u00e3o se re\u00fanem para discutir medidas emergenciais de combate ao coronav\u00edrus","og_description":"A previs\u00e3o \u00e9 que um novo decreto seja publicado at\u00e9 a...","og_url":"https:\/\/www.ovigilanteonline.com.br\/site\/2021\/06\/01\/prefeitos-da-regiao-se-reunem-para-discutir-medidas-emergenciais-de-combate-ao-coronavirus\/","og_site_name":"O VIGILANTE ONLINE","article_publisher":"https:\/\/www.facebook.com\/ovigilanteonline","article_published_time":"2021-06-01T12:24:32+00:00","article_modified_time":"2021-06-03T13:45:21+00:00","og_image":[{"width":800,"height":502,"url":"https:\/\/www.ovigilanteonline.com.br\/site\/wp-content\/uploads\/2021\/06\/prefeitura-de-leopoldina-reuniao-covid.jpeg","type":"image\/jpeg"}],"author":"J\u00falio Cabral","twitter_card":"summary_large_image","twitter_misc":{"Escrito por":"J\u00falio Cabral","Est. tempo de leitura":"2 minutos"},"schema":{"@context":"https:\/\/schema.org","@graph":[{"@type":"Article","@id":"https:\/\/www.ovigilanteonline.com.br\/site\/2021\/06\/01\/prefeitos-da-regiao-se-reunem-para-discutir-medidas-emergenciais-de-combate-ao-coronavirus\/#article","isPartOf":{"@id":"https:\/\/www.ovigilanteonline.com.br\/site\/2021\/06\/01\/prefeitos-da-regiao-se-reunem-para-discutir-medidas-emergenciais-de-combate-ao-coronavirus\/"},"author":{"name":"J\u00falio Cabral","@id":"https:\/\/www.ovigilanteonline.com.br\/site\/#\/schema\/person\/a58c0d2b43f23d108fa2b3c67db4e4df"},"headline":"Prefeitos da regi\u00e3o se re\u00fanem para discutir medidas emergenciais de combate ao coronav\u00edrus","datePublished":"2021-06-01T12:24:32+00:00","dateModified":"2021-06-03T13:45:21+00:00","mainEntityOfPage":{"@id":"https:\/\/www.ovigilanteonline.com.br\/site\/2021\/06\/01\/prefeitos-da-regiao-se-reunem-para-discutir-medidas-emergenciais-de-combate-ao-coronavirus\/"},"wordCount":344,"commentCount":0,"image":{"@id":"https:\/\/www.ovigilanteonline.com.br\/site\/2021\/06\/01\/prefeitos-da-regiao-se-reunem-para-discutir-medidas-emergenciais-de-combate-ao-coronavirus\/#primaryimage"},"thumbnailUrl":"https:\/\/www.ovigilanteonline.com.br\/site\/wp-content\/uploads\/2021\/06\/prefeitura-de-leopoldina-reuniao-covid.jpeg","articleSection":["Leopoldina","Regi\u00e3o","\u00daltimas Not\u00edcias"],"inLanguage":"pt-BR","potentialAction":[{"@type":"CommentAction","name":"Comment","target":["https:\/\/www.ovigilanteonline.com.br\/site\/2021\/06\/01\/prefeitos-da-regiao-se-reunem-para-discutir-medidas-emergenciais-de-combate-ao-coronavirus\/#respond"]}]},{"@type":"WebPage","@id":"https:\/\/www.ovigilanteonline.com.br\/site\/2021\/06\/01\/prefeitos-da-regiao-se-reunem-para-discutir-medidas-emergenciais-de-combate-ao-coronavirus\/","url":"https:\/\/www.ovigilanteonline.com.br\/site\/2021\/06\/01\/prefeitos-da-regiao-se-reunem-para-discutir-medidas-emergenciais-de-combate-ao-coronavirus\/","name":"Prefeitos da regi\u00e3o se re\u00fanem para discutir medidas emergenciais de combate ao coronav\u00edrus","isPartOf":{"@id":"https:\/\/www.ovigilanteonline.com.br\/site\/#website"},"primaryImageOfPage":{"@id":"https:\/\/www.ovigilanteonline.com.br\/site\/2021\/06\/01\/prefeitos-da-regiao-se-reunem-para-discutir-medidas-emergenciais-de-combate-ao-coronavirus\/#primaryimage"},"image":{"@id":"https:\/\/www.ovigilanteonline.com.br\/site\/2021\/06\/01\/prefeitos-da-regiao-se-reunem-para-discutir-medidas-emergenciais-de-combate-ao-coronavirus\/#primaryimage"},"thumbnailUrl":"https:\/\/www.ovigilanteonline.com.br\/site\/wp-content\/uploads\/2021\/06\/prefeitura-de-leopoldina-reuniao-covid.jpeg","datePublished":"2021-06-01T12:24:32+00:00","dateModified":"2021-06-03T13:45:21+00:00","author":{"@id":"https:\/\/www.ovigilanteonline.com.br\/site\/#\/schema\/person\/a58c0d2b43f23d108fa2b3c67db4e4df"},"breadcrumb":{"@id":"https:\/\/www.ovigilanteonline.com.br\/site\/2021\/06\/01\/prefeitos-da-regiao-se-reunem-para-discutir-medidas-emergenciais-de-combate-ao-coronavirus\/#breadcrumb"},"inLanguage":"pt-BR","potentialAction":[{"@type":"ReadAction","target":["https:\/\/www.ovigilanteonline.com.br\/site\/2021\/06\/01\/prefeitos-da-regiao-se-reunem-para-discutir-medidas-emergenciais-de-combate-ao-coronavirus\/"]}]},{"@type":"ImageObject","inLanguage":"pt-BR","@id":"https:\/\/www.ovigilanteonline.com.br\/site\/2021\/06\/01\/prefeitos-da-regiao-se-reunem-para-discutir-medidas-emergenciais-de-combate-ao-coronavirus\/#primaryimage","url":"https:\/\/www.ovigilanteonline.com.br\/site\/wp-content\/uploads\/2021\/06\/prefeitura-de-leopoldina-reuniao-covid.jpeg","contentUrl":"https:\/\/www.ovigilanteonline.com.br\/site\/wp-content\/uploads\/2021\/06\/prefeitura-de-leopoldina-reuniao-covid.jpeg","width":800,"height":502},{"@type":"BreadcrumbList","@id":"https:\/\/www.ovigilanteonline.com.br\/site\/2021\/06\/01\/prefeitos-da-regiao-se-reunem-para-discutir-medidas-emergenciais-de-combate-ao-coronavirus\/#breadcrumb","itemListElement":[{"@type":"ListItem","position":1,"name":"In\u00edcio","item":"https:\/\/www.ovigilanteonline.com.br\/site\/"},{"@type":"ListItem","position":2,"name":"Prefeitos da regi\u00e3o se re\u00fanem para discutir medidas emergenciais de combate ao coronav\u00edrus"}]},{"@type":"WebSite","@id":"https:\/\/www.ovigilanteonline.com.br\/site\/#website","url":"https:\/\/www.ovigilanteonline.com.br\/site\/","name":"O VIGILANTE ONLINE - Not\u00edcias de Leopoldina e regi\u00e3o","description":"","potentialAction":[{"@type":"SearchAction","target":{"@type":"EntryPoint","urlTemplate":"https:\/\/www.ovigilanteonline.com.br\/site\/?s={search_term_string}"},"query-input":{"@type":"PropertyValueSpecification","valueRequired":true,"valueName":"search_term_string"}}],"inLanguage":"pt-BR"},{"@type":"Person","@id":"https:\/\/www.ovigilanteonline.com.br\/site\/#\/schema\/person\/a58c0d2b43f23d108fa2b3c67db4e4df","name":"J\u00falio Cabral"}]}},"cc_featured_image_caption":{"caption_text":"Encontro em Leopoldina discutiu pontos relacionados \u00e0 elabora\u00e7\u00e3o de um novo decreto - Foto: \u00c9der Garcia\/PML","source_text":"","source_url":""},"_links":{"self":[{"href":"https:\/\/www.ovigilanteonline.com.br\/site\/wp-json\/wp\/v2\/posts\/387791","targetHints":{"allow":["GET"]}}],"collection":[{"href":"https:\/\/www.ovigilanteonline.com.br\/site\/wp-json\/wp\/v2\/posts"}],"about":[{"href":"https:\/\/www.ovigilanteonline.com.br\/site\/wp-json\/wp\/v2\/types\/post"}],"author":[{"embeddable":true,"href":"https:\/\/www.ovigilanteonline.com.br\/site\/wp-json\/wp\/v2\/users\/5"}],"replies":[{"embeddable":true,"href":"https:\/\/www.ovigilanteonline.com.br\/site\/wp-json\/wp\/v2\/comments?post=387791"}],"version-history":[{"count":0,"href":"https:\/\/www.ovigilanteonline.com.br\/site\/wp-json\/wp\/v2\/posts\/387791\/revisions"}],"wp:featuredmedia":[{"embeddable":true,"href":"https:\/\/www.ovigilanteonline.com.br\/site\/wp-json\/wp\/v2\/media\/387796"}],"wp:attachment":[{"href":"https:\/\/www.ovigilanteonline.com.br\/site\/wp-json\/wp\/v2\/media?parent=387791"}],"wp:term":[{"taxonomy":"category","embeddable":true,"href":"https:\/\/www.ovigilanteonline.com.br\/site\/wp-json\/wp\/v2\/categories?post=387791"},{"taxonomy":"post_tag","embeddable":true,"href":"https:\/\/www.ovigilanteonline.com.br\/site\/wp-json\/wp\/v2\/tags?post=387791"}],"curies":[{"name":"wp","href":"https:\/\/api.w.org\/{rel}","templated":true}]}}